{"id":39683,"date":"2023-01-19T07:53:44","date_gmt":"2023-01-19T10:53:44","guid":{"rendered":"https:\/\/aepetba.org.br\/v1\/?p=39683"},"modified":"2023-01-19T11:38:52","modified_gmt":"2023-01-19T14:38:52","slug":"jean-paul-prates-e-confirmado-para-presidencia-da-petrobras","status":"publish","type":"post","link":"https:\/\/aepetba.org.br\/v1\/jean-paul-prates-e-confirmado-para-presidencia-da-petrobras\/","title":{"rendered":"Jean Paul Prates \u00e9 confirmado para presid\u00eancia da Petrobras"},"content":{"rendered":"<!--[if lt IE 9]><script>document.createElement('audio');<\/script><![endif]-->\n<audio class=\"wp-audio-shortcode\" id=\"audio-39683-1\" preload=\"none\" style=\"width: 100%;\" controls=\"controls\"><source type=\"audio\/ogg\" src=\"https:\/\/aepetba.org.br\/v1\/wp-content\/uploads\/2023\/01\/Jean-Paul-Prates-e-confirmado-para-presidencia-da-Petrobras.ogg?_=1\" \/><a href=\"https:\/\/aepetba.org.br\/v1\/wp-content\/uploads\/2023\/01\/Jean-Paul-Prates-e-confirmado-para-presidencia-da-Petrobras.ogg\">https:\/\/aepetba.org.br\/v1\/wp-content\/uploads\/2023\/01\/Jean-Paul-Prates-e-confirmado-para-presidencia-da-Petrobras.ogg<\/a><\/audio>\n<p>&nbsp;<\/p>\n<p>A Petrobr\u00e1s recebeu um of\u00edcio confirmando o nome de Jean Prates para a presid\u00eancia da estatal. A empresa divulgou o comunicado recebido pelo Minist\u00e9rio de Minas e Energia na \u00faltima sexta-feira (13) e representa que a indica\u00e7\u00e3o de Prates foi aprovada pela Casa Civil da Presid\u00eancia da Rep\u00fablica.<\/p>\n<p>Desde o dia 04 de janeiro, a presid\u00eancia estava sendo ocupada interinamente por Jo\u00e3o Henrique Rittershaussen, ap\u00f3s ren\u00fancia do ent\u00e3o presidente Caio Paes de Andrade. Al\u00e9m da indica\u00e7\u00e3o para presid\u00eancia, Prates tamb\u00e9m foi indicado para integrar o Conselho de Administra\u00e7\u00e3o da Petrobr\u00e1s, cuja indica\u00e7\u00e3o passar\u00e1 por uma an\u00e1lise interna antes da avalia\u00e7\u00e3o dos comit\u00eas de Elegibilidade e de Pessoas.<\/p>\n<p>Segundo pesquisas e especula\u00e7\u00f5es, h\u00e1 uma expectativa de mudan\u00e7as nos c\u00e1lculos, de forma a reduzir o valor pago pelo consumidor nos produtos derivados do petr\u00f3leo. A Petrobr\u00e1s adota o modelo de PPI (Pre\u00e7o de Paridade Internacional), o que faz com o que os pre\u00e7os da gasolina, do etanol e do diesel acompanhem a varia\u00e7\u00e3o do valor do barril de petr\u00f3leo no mercado internacional, segundo divulgou o site R7.com.<\/p>\n<p>Em nota divulgada no \u00faltimo dia 03 de janeiro de 2023, <a href=\"https:\/\/www.aepet.org.br\/w3\/index.php\/conteudo-geral\/item\/8581-nota-sobre-a-indicacao-de-jean-paul-prates-para-a-presidencia-da-petrobras\">a AEPET informou que ir\u00e1 acompanhar as a\u00e7\u00f5es e as omiss\u00f5es do futuro presidente da Petrobr\u00e1s<\/a>. Antes da indica\u00e7\u00e3o, a Associa\u00e7\u00e3o dos Engenheiros da Petrobr\u00e1s (AEPET) revelou declara\u00e7\u00f5es e posturas pol\u00edticas do ex-senador e empres\u00e1rio. Prates foi entusiasta da quebra do monop\u00f3lio estatal do petr\u00f3leo exercido pela Petrobr\u00e1s, no governo FHC, em 1997. Defendeu a privatiza\u00e7\u00e3o da Petrobr\u00e1s, participou da elabora\u00e7\u00e3o da Lei do Petr\u00f3leo (Lei No 9478\/97) e foi redator do Contrato de Concess\u00e3o. Desde 1991, atuou como empres\u00e1rio e consultor das petrol\u00edferas que pretendiam explorar o petr\u00f3leo e o mercado brasileiros, atrav\u00e9s da Expetro Consultoria.<\/p>\n<p>&nbsp;<\/p>\n<h2><strong>De suplente no Senado a presidente da Petrobr\u00e1s<\/strong><\/h2>\n<p>Nascido em 1968 no Rio de Janeiro, preside o Sindicato das Empresas de Energia do Rio Grande do Norte e o Centro de Estrat\u00e9gias em Recursos Naturais e Energia. \u00c9 formado em direito e economia, com mestrado em gest\u00e3o ambiental pela Universidade da Pensilv\u00e2nia (EUA) e em economia da energia, pela Escola Superior de Petr\u00f3leo, Energia e Motores da Fran\u00e7a.<\/p>\n<p>Em 2014, foi eleito primeiro suplente de senador. Com a elei\u00e7\u00e3o de F\u00e1tima Bezerra para o governo do estado, Jean Paul Prates assume a cadeira de senador. Seu compromisso \u00e9 incorporar novas frentes em defesa da voca\u00e7\u00e3o das cidades, atra\u00e7\u00e3o de investimentos e fortalecimento de empresas locais.<\/p>\n<p>Trabalhou na regula\u00e7\u00e3o dos setores de petr\u00f3leo, energia renov\u00e1vel, biocombust\u00edveis e infraestrutura nos governos Fernando Henrique Cardoso e Lula. Foi secret\u00e1rio de Estado de Energia e Assuntos Internacionais do Rio Grande do Norte.<\/p>\n<p>&nbsp;<\/p>\n<h2><strong>Novo marco legislativo<\/strong><\/h2>\n<p>A AEPET-BA entende que a elei\u00e7\u00e3o foi plebiscit\u00e1ria e a vit\u00f3ria de Lula inspira esperan\u00e7a nos brasileiros que, mais do que n\u00e3o privatizar \u00e9 preciso recuperar o que foi privatizado e construir um novo marco legislativo para proteger a Petrobr\u00e1s da sanha privatista de poss\u00edveis futuros aventureiros ultra liberais que fazem da ideologia anacr\u00f4nica do liberalismo um meio de enriquecimento il\u00edcito e dilapida\u00e7\u00e3o do patrim\u00f4nio do povo.<\/p>\n<p>Recuperar as refinarias, os dutos os campos terrestres, A BR distribuidora e todo o patrim\u00f4nio da Petrobr\u00e1s vandalizados pelas gest\u00f5es Bolsonaro\/Guedes, \u00e9 um dever c\u00edvico. As ilegalidades s\u00e3o muitos procedimentos, pre\u00e7o vil e mais que tudo ataque a soberania energ\u00e9tica do pa\u00eds. N\u00e3o recuperar a Petrobr\u00e1s tanto do ponto de vista do seu patrim\u00f4nio, de sua marca de sua gest\u00e3o interna e da recupera\u00e7\u00e3o da Petrobr\u00e1s como orgulho nacional ser\u00e1 um estelionato e uma trai\u00e7\u00e3o ao Brasil e em particular o Nordeste o que inclui o Rio Grande do Norte estado pelo qual o JP Prates foi eleito suplente de senador e at\u00e9 a sede administrativa foi posta \u00e0 venda.<\/p>\n","protected":false},"excerpt":{"rendered":"<p>&nbsp; A Petrobr\u00e1s recebeu um of\u00edcio confirmando o nome de Jean Prates para a presid\u00eancia da estatal. A empresa divulgou o comunicado recebido pelo Minist\u00e9rio de Minas e Energia na \u00faltima sexta-feira (13) e representa que a indica\u00e7\u00e3o de Prates&#8230;<\/p>\n","protected":false},"author":1,"featured_media":39685,"comment_status":"closed","ping_status":"closed","sticky":false,"template":"","format":"standard","meta":[],"categories":[5,87,10],"tags":[],"yoast_head":"<!-- This site is optimized with the Yoast SEO plugin v19.3 - https:\/\/yoast.com\/wordpress\/plugins\/seo\/ -->\n<title>Jean Paul Prates \u00e9 confirmado para presid\u00eancia da Petrobras<\/title>\n<meta name=\"description\" content=\"A Petrobr\u00e1s recebeu um of\u00edcio confirmando o nome de Jean Prates para a presid\u00eancia da estatal. A AEPET-BA entende que a elei\u00e7\u00e3o foi plebiscit\u00e1ria e a vit\u00f3ria de Lula inspira esperan\u00e7a nos brasileiros que, mais do que n\u00e3o privatizar \u00e9 preciso recuperar o que foi privatizado e construir um novo marco legislativo para proteger a Petrobr\u00e1s da sanha privatista de poss\u00edveis futuros aventureiros ultra liberais que fazem da ideologia anacr\u00f4nica do liberalismo um meio de enriquecimento il\u00edcito e dilapida\u00e7\u00e3o do patrim\u00f4nio do povo.\" \/>\n<meta name=\"robots\" content=\"index, follow, max-snippet:-1, max-image-preview:large, max-video-preview:-1\" \/>\n<link rel=\"canonical\" href=\"https:\/\/aepetba.org.br\/v1\/jean-paul-prates-e-confirmado-para-presidencia-da-petrobras\/\" \/>\n<meta property=\"og:locale\" content=\"pt_BR\" \/>\n<meta property=\"og:type\" content=\"article\" \/>\n<meta property=\"og:title\" content=\"Jean Paul Prates \u00e9 confirmado para presid\u00eancia da Petrobras\" \/>\n<meta property=\"og:description\" content=\"A Petrobr\u00e1s recebeu um of\u00edcio confirmando o nome de Jean Prates para a presid\u00eancia da estatal. A AEPET-BA entende que a elei\u00e7\u00e3o foi plebiscit\u00e1ria e a vit\u00f3ria de Lula inspira esperan\u00e7a nos brasileiros que, mais do que n\u00e3o privatizar \u00e9 preciso recuperar o que foi privatizado e construir um novo marco legislativo para proteger a Petrobr\u00e1s da sanha privatista de poss\u00edveis futuros aventureiros ultra liberais que fazem da ideologia anacr\u00f4nica do liberalismo um meio de enriquecimento il\u00edcito e dilapida\u00e7\u00e3o do patrim\u00f4nio do povo.\" \/>\n<meta property=\"og:url\" content=\"https:\/\/aepetba.org.br\/v1\/jean-paul-prates-e-confirmado-para-presidencia-da-petrobras\/\" \/>\n<meta property=\"og:site_name\" content=\"AEPET N\u00daCLEO BAHIA\" \/>\n<meta property=\"article:publisher\" content=\"https:\/\/web.facebook.com\/aepetba\" \/>\n<meta property=\"article:published_time\" content=\"2023-01-19T10:53:44+00:00\" \/>\n<meta property=\"article:modified_time\" content=\"2023-01-19T14:38:52+00:00\" \/>\n<meta property=\"og:image\" content=\"https:\/\/aepetba.org.br\/v1\/wp-content\/uploads\/2023\/01\/Materia-Jean-Paul-Prates-e-confirmado-para-presidencia-da-Petrobras-petroleo-bahia-Aepet-ba.jpg\" \/>\n\t<meta property=\"og:image:width\" content=\"1080\" \/>\n\t<meta property=\"og:image:height\" content=\"936\" \/>\n\t<meta property=\"og:image:type\" content=\"image\/jpeg\" \/>\n<meta name=\"author\" content=\"AEPETBA\" \/>\n<meta name=\"twitter:card\" content=\"summary_large_image\" \/>\n<meta name=\"twitter:creator\" content=\"@aepetbahia\" \/>\n<meta name=\"twitter:site\" content=\"@aepetbahia\" \/>\n<meta name=\"twitter:label1\" content=\"Escrito por\" \/>\n\t<meta name=\"twitter:data1\" content=\"AEPETBA\" \/>\n\t<meta name=\"twitter:label2\" content=\"Est. tempo de leitura\" \/>\n\t<meta name=\"twitter:data2\" content=\"4 minutos\" \/>\n<script type=\"application\/ld+json\" class=\"yoast-schema-graph\">{\"@context\":\"https:\/\/schema.org\",\"@graph\":[{\"@type\":\"Organization\",\"@id\":\"https:\/\/aepetba.org.br\/v1\/#organization\",\"name\":\"AEPET N\u00facleo Bahia\",\"url\":\"https:\/\/aepetba.org.br\/v1\/\",\"sameAs\":[\"https:\/\/www.instagram.com\/aepetbahia\/\",\"https:\/\/www.youtube.com\/c\/AEPETBAHIA\",\"https:\/\/web.facebook.com\/aepetba\",\"https:\/\/twitter.com\/aepetbahia\"],\"logo\":{\"@type\":\"ImageObject\",\"inLanguage\":\"pt-BR\",\"@id\":\"https:\/\/aepetba.org.br\/v1\/#\/schema\/logo\/image\/\",\"url\":\"https:\/\/aepetba.org.br\/v1\/wp-content\/uploads\/revslider\/home\/logo-AEPETBA.png\",\"contentUrl\":\"https:\/\/aepetba.org.br\/v1\/wp-content\/uploads\/revslider\/home\/logo-AEPETBA.png\",\"width\":297,\"height\":86,\"caption\":\"AEPET N\u00facleo Bahia\"},\"image\":{\"@id\":\"https:\/\/aepetba.org.br\/v1\/#\/schema\/logo\/image\/\"}},{\"@type\":\"WebSite\",\"@id\":\"https:\/\/aepetba.org.br\/v1\/#website\",\"url\":\"https:\/\/aepetba.org.br\/v1\/\",\"name\":\"AEPET N\u00daCLEO BAHIA\",\"description\":\"Associa\u00e7\u00e3o dos Engenheiros da Petrobr\u00e1s N\u00facleo Bahia Petr\u00f3leo Bahia Salvador Nordeste \",\"publisher\":{\"@id\":\"https:\/\/aepetba.org.br\/v1\/#organization\"},\"potentialAction\":[{\"@type\":\"SearchAction\",\"target\":{\"@type\":\"EntryPoint\",\"urlTemplate\":\"https:\/\/aepetba.org.br\/v1\/?s={search_term_string}\"},\"query-input\":\"required name=search_term_string\"}],\"inLanguage\":\"pt-BR\"},{\"@type\":\"ImageObject\",\"inLanguage\":\"pt-BR\",\"@id\":\"https:\/\/aepetba.org.br\/v1\/jean-paul-prates-e-confirmado-para-presidencia-da-petrobras\/#primaryimage\",\"url\":\"https:\/\/aepetba.org.br\/v1\/wp-content\/uploads\/2023\/01\/Materia-Jean-Paul-Prates-e-confirmado-para-presidencia-da-Petrobras-petroleo-bahia-Aepet-ba.jpg\",\"contentUrl\":\"https:\/\/aepetba.org.br\/v1\/wp-content\/uploads\/2023\/01\/Materia-Jean-Paul-Prates-e-confirmado-para-presidencia-da-Petrobras-petroleo-bahia-Aepet-ba.jpg\",\"width\":1080,\"height\":936},{\"@type\":\"WebPage\",\"@id\":\"https:\/\/aepetba.org.br\/v1\/jean-paul-prates-e-confirmado-para-presidencia-da-petrobras\/\",\"url\":\"https:\/\/aepetba.org.br\/v1\/jean-paul-prates-e-confirmado-para-presidencia-da-petrobras\/\",\"name\":\"Jean Paul Prates \u00e9 confirmado para presid\u00eancia da Petrobras\",\"isPartOf\":{\"@id\":\"https:\/\/aepetba.org.br\/v1\/#website\"},\"primaryImageOfPage\":{\"@id\":\"https:\/\/aepetba.org.br\/v1\/jean-paul-prates-e-confirmado-para-presidencia-da-petrobras\/#primaryimage\"},\"datePublished\":\"2023-01-19T10:53:44+00:00\",\"dateModified\":\"2023-01-19T14:38:52+00:00\",\"description\":\"A Petrobr\u00e1s recebeu um of\u00edcio confirmando o nome de Jean Prates para a presid\u00eancia da estatal. A AEPET-BA entende que a elei\u00e7\u00e3o foi plebiscit\u00e1ria e a vit\u00f3ria de Lula inspira esperan\u00e7a nos brasileiros que, mais do que n\u00e3o privatizar \u00e9 preciso recuperar o que foi privatizado e construir um novo marco legislativo para proteger a Petrobr\u00e1s da sanha privatista de poss\u00edveis futuros aventureiros ultra liberais que fazem da ideologia anacr\u00f4nica do liberalismo um meio de enriquecimento il\u00edcito e dilapida\u00e7\u00e3o do patrim\u00f4nio do povo.\",\"breadcrumb\":{\"@id\":\"https:\/\/aepetba.org.br\/v1\/jean-paul-prates-e-confirmado-para-presidencia-da-petrobras\/#breadcrumb\"},\"inLanguage\":\"pt-BR\",\"potentialAction\":[{\"@type\":\"ReadAction\",\"target\":[\"https:\/\/aepetba.org.br\/v1\/jean-paul-prates-e-confirmado-para-presidencia-da-petrobras\/\"]}]},{\"@type\":\"BreadcrumbList\",\"@id\":\"https:\/\/aepetba.org.br\/v1\/jean-paul-prates-e-confirmado-para-presidencia-da-petrobras\/#breadcrumb\",\"itemListElement\":[{\"@type\":\"ListItem\",\"position\":1,\"name\":\"In\u00edcio\",\"item\":\"https:\/\/aepetba.org.br\/v1\/\"},{\"@type\":\"ListItem\",\"position\":2,\"name\":\"Jean Paul Prates \u00e9 confirmado para presid\u00eancia da Petrobras\"}]},{\"@type\":\"Article\",\"@id\":\"https:\/\/aepetba.org.br\/v1\/jean-paul-prates-e-confirmado-para-presidencia-da-petrobras\/#article\",\"isPartOf\":{\"@id\":\"https:\/\/aepetba.org.br\/v1\/jean-paul-prates-e-confirmado-para-presidencia-da-petrobras\/\"},\"author\":{\"name\":\"AEPETBA\",\"@id\":\"https:\/\/aepetba.org.br\/v1\/#\/schema\/person\/3504208f89f3f50e1526867ebb573b88\"},\"headline\":\"Jean Paul Prates \u00e9 confirmado para presid\u00eancia da Petrobras\",\"datePublished\":\"2023-01-19T10:53:44+00:00\",\"dateModified\":\"2023-01-19T14:38:52+00:00\",\"mainEntityOfPage\":{\"@id\":\"https:\/\/aepetba.org.br\/v1\/jean-paul-prates-e-confirmado-para-presidencia-da-petrobras\/\"},\"wordCount\":716,\"publisher\":{\"@id\":\"https:\/\/aepetba.org.br\/v1\/#organization\"},\"image\":{\"@id\":\"https:\/\/aepetba.org.br\/v1\/jean-paul-prates-e-confirmado-para-presidencia-da-petrobras\/#primaryimage\"},\"thumbnailUrl\":\"https:\/\/aepetba.org.br\/v1\/wp-content\/uploads\/2023\/01\/Materia-Jean-Paul-Prates-e-confirmado-para-presidencia-da-Petrobras-petroleo-bahia-Aepet-ba.jpg\",\"articleSection\":[\"Coluna do Associado\",\"Destaque\",\"Not\u00edcias\"],\"inLanguage\":\"pt-BR\"},{\"@type\":\"Person\",\"@id\":\"https:\/\/aepetba.org.br\/v1\/#\/schema\/person\/3504208f89f3f50e1526867ebb573b88\",\"name\":\"AEPETBA\",\"image\":{\"@type\":\"ImageObject\",\"inLanguage\":\"pt-BR\",\"@id\":\"https:\/\/aepetba.org.br\/v1\/#\/schema\/person\/image\/\",\"url\":\"https:\/\/secure.gravatar.com\/avatar\/3e6e1bf98c38137fc6b937d21e974714?s=96&d=mm&r=g\",\"contentUrl\":\"https:\/\/secure.gravatar.com\/avatar\/3e6e1bf98c38137fc6b937d21e974714?s=96&d=mm&r=g\",\"caption\":\"AEPETBA\"},\"sameAs\":[\"http:\/\/aepetba.org.br\/v1\"],\"url\":\"https:\/\/aepetba.org.br\/v1\/author\/lubconsultoria\/\"}]}<\/script>\n<!-- \/ Yoast SEO plugin. -->","yoast_head_json":{"title":"Jean Paul Prates \u00e9 confirmado para presid\u00eancia da Petrobras","description":"A Petrobr\u00e1s recebeu um of\u00edcio confirmando o nome de Jean Prates para a presid\u00eancia da estatal. A AEPET-BA entende que a elei\u00e7\u00e3o foi plebiscit\u00e1ria e a vit\u00f3ria de Lula inspira esperan\u00e7a nos brasileiros que, mais do que n\u00e3o privatizar \u00e9 preciso recuperar o que foi privatizado e construir um novo marco legislativo para proteger a Petrobr\u00e1s da sanha privatista de poss\u00edveis futuros aventureiros ultra liberais que fazem da ideologia anacr\u00f4nica do liberalismo um meio de enriquecimento il\u00edcito e dilapida\u00e7\u00e3o do patrim\u00f4nio do povo.","robots":{"index":"index","follow":"follow","max-snippet":"max-snippet:-1","max-image-preview":"max-image-preview:large","max-video-preview":"max-video-preview:-1"},"canonical":"https:\/\/aepetba.org.br\/v1\/jean-paul-prates-e-confirmado-para-presidencia-da-petrobras\/","og_locale":"pt_BR","og_type":"article","og_title":"Jean Paul Prates \u00e9 confirmado para presid\u00eancia da Petrobras","og_description":"A Petrobr\u00e1s recebeu um of\u00edcio confirmando o nome de Jean Prates para a presid\u00eancia da estatal. A AEPET-BA entende que a elei\u00e7\u00e3o foi plebiscit\u00e1ria e a vit\u00f3ria de Lula inspira esperan\u00e7a nos brasileiros que, mais do que n\u00e3o privatizar \u00e9 preciso recuperar o que foi privatizado e construir um novo marco legislativo para proteger a Petrobr\u00e1s da sanha privatista de poss\u00edveis futuros aventureiros ultra liberais que fazem da ideologia anacr\u00f4nica do liberalismo um meio de enriquecimento il\u00edcito e dilapida\u00e7\u00e3o do patrim\u00f4nio do povo.","og_url":"https:\/\/aepetba.org.br\/v1\/jean-paul-prates-e-confirmado-para-presidencia-da-petrobras\/","og_site_name":"AEPET N\u00daCLEO BAHIA","article_publisher":"https:\/\/web.facebook.com\/aepetba","article_published_time":"2023-01-19T10:53:44+00:00","article_modified_time":"2023-01-19T14:38:52+00:00","og_image":[{"width":1080,"height":936,"url":"https:\/\/aepetba.org.br\/v1\/wp-content\/uploads\/2023\/01\/Materia-Jean-Paul-Prates-e-confirmado-para-presidencia-da-Petrobras-petroleo-bahia-Aepet-ba.jpg","type":"image\/jpeg"}],"author":"AEPETBA","twitter_card":"summary_large_image","twitter_creator":"@aepetbahia","twitter_site":"@aepetbahia","twitter_misc":{"Escrito por":"AEPETBA","Est. tempo de leitura":"4 minutos"},"schema":{"@context":"https:\/\/schema.org","@graph":[{"@type":"Organization","@id":"https:\/\/aepetba.org.br\/v1\/#organization","name":"AEPET N\u00facleo Bahia","url":"https:\/\/aepetba.org.br\/v1\/","sameAs":["https:\/\/www.instagram.com\/aepetbahia\/","https:\/\/www.youtube.com\/c\/AEPETBAHIA","https:\/\/web.facebook.com\/aepetba","https:\/\/twitter.com\/aepetbahia"],"logo":{"@type":"ImageObject","inLanguage":"pt-BR","@id":"https:\/\/aepetba.org.br\/v1\/#\/schema\/logo\/image\/","url":"https:\/\/aepetba.org.br\/v1\/wp-content\/uploads\/revslider\/home\/logo-AEPETBA.png","contentUrl":"https:\/\/aepetba.org.br\/v1\/wp-content\/uploads\/revslider\/home\/logo-AEPETBA.png","width":297,"height":86,"caption":"AEPET N\u00facleo Bahia"},"image":{"@id":"https:\/\/aepetba.org.br\/v1\/#\/schema\/logo\/image\/"}},{"@type":"WebSite","@id":"https:\/\/aepetba.org.br\/v1\/#website","url":"https:\/\/aepetba.org.br\/v1\/","name":"AEPET N\u00daCLEO BAHIA","description":"Associa\u00e7\u00e3o dos Engenheiros da Petrobr\u00e1s N\u00facleo Bahia Petr\u00f3leo Bahia Salvador Nordeste ","publisher":{"@id":"https:\/\/aepetba.org.br\/v1\/#organization"},"potentialAction":[{"@type":"SearchAction","target":{"@type":"EntryPoint","urlTemplate":"https:\/\/aepetba.org.br\/v1\/?s={search_term_string}"},"query-input":"required name=search_term_string"}],"inLanguage":"pt-BR"},{"@type":"ImageObject","inLanguage":"pt-BR","@id":"https:\/\/aepetba.org.br\/v1\/jean-paul-prates-e-confirmado-para-presidencia-da-petrobras\/#primaryimage","url":"https:\/\/aepetba.org.br\/v1\/wp-content\/uploads\/2023\/01\/Materia-Jean-Paul-Prates-e-confirmado-para-presidencia-da-Petrobras-petroleo-bahia-Aepet-ba.jpg","contentUrl":"https:\/\/aepetba.org.br\/v1\/wp-content\/uploads\/2023\/01\/Materia-Jean-Paul-Prates-e-confirmado-para-presidencia-da-Petrobras-petroleo-bahia-Aepet-ba.jpg","width":1080,"height":936},{"@type":"WebPage","@id":"https:\/\/aepetba.org.br\/v1\/jean-paul-prates-e-confirmado-para-presidencia-da-petrobras\/","url":"https:\/\/aepetba.org.br\/v1\/jean-paul-prates-e-confirmado-para-presidencia-da-petrobras\/","name":"Jean Paul Prates \u00e9 confirmado para presid\u00eancia da Petrobras","isPartOf":{"@id":"https:\/\/aepetba.org.br\/v1\/#website"},"primaryImageOfPage":{"@id":"https:\/\/aepetba.org.br\/v1\/jean-paul-prates-e-confirmado-para-presidencia-da-petrobras\/#primaryimage"},"datePublished":"2023-01-19T10:53:44+00:00","dateModified":"2023-01-19T14:38:52+00:00","description":"A Petrobr\u00e1s recebeu um of\u00edcio confirmando o nome de Jean Prates para a presid\u00eancia da estatal. A AEPET-BA entende que a elei\u00e7\u00e3o foi plebiscit\u00e1ria e a vit\u00f3ria de Lula inspira esperan\u00e7a nos brasileiros que, mais do que n\u00e3o privatizar \u00e9 preciso recuperar o que foi privatizado e construir um novo marco legislativo para proteger a Petrobr\u00e1s da sanha privatista de poss\u00edveis futuros aventureiros ultra liberais que fazem da ideologia anacr\u00f4nica do liberalismo um meio de enriquecimento il\u00edcito e dilapida\u00e7\u00e3o do patrim\u00f4nio do povo.","breadcrumb":{"@id":"https:\/\/aepetba.org.br\/v1\/jean-paul-prates-e-confirmado-para-presidencia-da-petrobras\/#breadcrumb"},"inLanguage":"pt-BR","potentialAction":[{"@type":"ReadAction","target":["https:\/\/aepetba.org.br\/v1\/jean-paul-prates-e-confirmado-para-presidencia-da-petrobras\/"]}]},{"@type":"BreadcrumbList","@id":"https:\/\/aepetba.org.br\/v1\/jean-paul-prates-e-confirmado-para-presidencia-da-petrobras\/#breadcrumb","itemListElement":[{"@type":"ListItem","position":1,"name":"In\u00edcio","item":"https:\/\/aepetba.org.br\/v1\/"},{"@type":"ListItem","position":2,"name":"Jean Paul Prates \u00e9 confirmado para presid\u00eancia da Petrobras"}]},{"@type":"Article","@id":"https:\/\/aepetba.org.br\/v1\/jean-paul-prates-e-confirmado-para-presidencia-da-petrobras\/#article","isPartOf":{"@id":"https:\/\/aepetba.org.br\/v1\/jean-paul-prates-e-confirmado-para-presidencia-da-petrobras\/"},"author":{"name":"AEPETBA","@id":"https:\/\/aepetba.org.br\/v1\/#\/schema\/person\/3504208f89f3f50e1526867ebb573b88"},"headline":"Jean Paul Prates \u00e9 confirmado para presid\u00eancia da Petrobras","datePublished":"2023-01-19T10:53:44+00:00","dateModified":"2023-01-19T14:38:52+00:00","mainEntityOfPage":{"@id":"https:\/\/aepetba.org.br\/v1\/jean-paul-prates-e-confirmado-para-presidencia-da-petrobras\/"},"wordCount":716,"publisher":{"@id":"https:\/\/aepetba.org.br\/v1\/#organization"},"image":{"@id":"https:\/\/aepetba.org.br\/v1\/jean-paul-prates-e-confirmado-para-presidencia-da-petrobras\/#primaryimage"},"thumbnailUrl":"https:\/\/aepetba.org.br\/v1\/wp-content\/uploads\/2023\/01\/Materia-Jean-Paul-Prates-e-confirmado-para-presidencia-da-Petrobras-petroleo-bahia-Aepet-ba.jpg","articleSection":["Coluna do Associado","Destaque","Not\u00edcias"],"inLanguage":"pt-BR"},{"@type":"Person","@id":"https:\/\/aepetba.org.br\/v1\/#\/schema\/person\/3504208f89f3f50e1526867ebb573b88","name":"AEPETBA","image":{"@type":"ImageObject","inLanguage":"pt-BR","@id":"https:\/\/aepetba.org.br\/v1\/#\/schema\/person\/image\/","url":"https:\/\/secure.gravatar.com\/avatar\/3e6e1bf98c38137fc6b937d21e974714?s=96&d=mm&r=g","contentUrl":"https:\/\/secure.gravatar.com\/avatar\/3e6e1bf98c38137fc6b937d21e974714?s=96&d=mm&r=g","caption":"AEPETBA"},"sameAs":["http:\/\/aepetba.org.br\/v1"],"url":"https:\/\/aepetba.org.br\/v1\/author\/lubconsultoria\/"}]}},"_links":{"self":[{"href":"https:\/\/aepetba.org.br\/v1\/wp-json\/wp\/v2\/posts\/39683"}],"collection":[{"href":"https:\/\/aepetba.org.br\/v1\/wp-json\/wp\/v2\/posts"}],"about":[{"href":"https:\/\/aepetba.org.br\/v1\/wp-json\/wp\/v2\/types\/post"}],"author":[{"embeddable":true,"href":"https:\/\/aepetba.org.br\/v1\/wp-json\/wp\/v2\/users\/1"}],"replies":[{"embeddable":true,"href":"https:\/\/aepetba.org.br\/v1\/wp-json\/wp\/v2\/comments?post=39683"}],"version-history":[{"count":3,"href":"https:\/\/aepetba.org.br\/v1\/wp-json\/wp\/v2\/posts\/39683\/revisions"}],"predecessor-version":[{"id":39688,"href":"https:\/\/aepetba.org.br\/v1\/wp-json\/wp\/v2\/posts\/39683\/revisions\/39688"}],"wp:featuredmedia":[{"embeddable":true,"href":"https:\/\/aepetba.org.br\/v1\/wp-json\/wp\/v2\/media\/39685"}],"wp:attachment":[{"href":"https:\/\/aepetba.org.br\/v1\/wp-json\/wp\/v2\/media?parent=39683"}],"wp:term":[{"taxonomy":"category","embeddable":true,"href":"https:\/\/aepetba.org.br\/v1\/wp-json\/wp\/v2\/categories?post=39683"},{"taxonomy":"post_tag","embeddable":true,"href":"https:\/\/aepetba.org.br\/v1\/wp-json\/wp\/v2\/tags?post=39683"}],"curies":[{"name":"wp","href":"https:\/\/api.w.org\/{rel}","templated":true}]}}