{"id":39734,"date":"2023-01-27T16:11:06","date_gmt":"2023-01-27T19:11:06","guid":{"rendered":"https:\/\/aepetba.org.br\/v1\/?p=39734"},"modified":"2023-01-27T16:11:06","modified_gmt":"2023-01-27T19:11:06","slug":"nota-da-aepet-nacional-na-calada-da-noite","status":"publish","type":"post","link":"https:\/\/aepetba.org.br\/v1\/nota-da-aepet-nacional-na-calada-da-noite\/","title":{"rendered":"Nota da AEPET Nacional: Na calada da noite"},"content":{"rendered":"<!--[if lt IE 9]><script>document.createElement('audio');<\/script><![endif]-->\n<audio class=\"wp-audio-shortcode\" id=\"audio-39734-1\" preload=\"none\" style=\"width: 100%;\" controls=\"controls\"><source type=\"audio\/ogg\" src=\"https:\/\/aepetba.org.br\/v1\/wp-content\/uploads\/2023\/01\/nota-aepet-nacional-na-calada-da-noite.ogg?_=1\" \/><a href=\"https:\/\/aepetba.org.br\/v1\/wp-content\/uploads\/2023\/01\/nota-aepet-nacional-na-calada-da-noite.ogg\">https:\/\/aepetba.org.br\/v1\/wp-content\/uploads\/2023\/01\/nota-aepet-nacional-na-calada-da-noite.ogg<\/a><\/audio>\n<p>&nbsp;<\/p>\n<blockquote><p><em>Ao apagar das luzes, a \u00faltima diretoria Bolsonaro-Guedes na Petrobr\u00e1s imp\u00f5em sacrif\u00edcios \u00e0 popula\u00e7\u00e3o, vende mais um ativo e satisfaz o \u201cmercado\u201d e acionistas minorit\u00e1rios<\/em><\/p><\/blockquote>\n<p style=\"text-align: justify;\">Os \u00faltimos diretores da Petrobr\u00e1s nomeados pelo governo Bolsonaro mostraram a que vieram e a quem serviam. Na noite dessa ter\u00e7a-feira (24) anunciaram um reajuste de 7% no pre\u00e7o da gasolina, isso a menos de 48 horas da reuni\u00e3o do Conselho de Administra\u00e7\u00e3o da empresa, convocada para sacramentar o nome do senador Jean Paul Prates como novo presidente.<\/p>\n<p style=\"text-align: justify;\">A justificativa, como sempre, \u00e9 que \u201co aumento acompanha a evolu\u00e7\u00e3o dos pre\u00e7os de refer\u00eancia e \u00e9 coerente com a pr\u00e1tica de pre\u00e7os da Petrobras, que busca o equil\u00edbrio dos seus pre\u00e7os com o mercado, mas sem o repasse para os pre\u00e7os internos da volatilidade conjuntural das cota\u00e7\u00f5es e da taxa de c\u00e2mbio\u201d, ou seja, clara manuten\u00e7\u00e3o da nefasta pol\u00edtica de Pre\u00e7o Parit\u00e1rio de Importa\u00e7\u00e3o.<\/p>\n<p style=\"text-align: justify;\">\u00c9 um afago ao \u201cmercado\u201d e \u00e0 Abicom (Associa\u00e7\u00e3o Brasileira dos Importadores de Combust\u00edveis), que diziam que a defasagem da gasolina era de 14% e do diesel 9%. Agora que passaram as elei\u00e7\u00f5es, est\u00e3o buscando tirar essa defasagem, devido \u00e0 press\u00e3o dos acionistas minorit\u00e1rios, e colocar a culpa no novo governo.<\/p>\n<p style=\"text-align: justify;\">O fato \u00e9 que, mesmo no apagar das luzes, a gest\u00e3o bolsonarista da Petrobr\u00e1s continua com as negocia\u00e7\u00f5es para privatiza\u00e7\u00e3o de mais ativos da companhia, com a distribui\u00e7\u00e3o abusiva de mega dividendos para acionistas e, tamb\u00e9m, definindo os pre\u00e7os dos combust\u00edveis no Brasil de forma incorreta.<\/p>\n<p style=\"text-align: justify;\">A mesma diretoria, tamb\u00e9m na calada da noite do dia 24, informa: \u201cA Petrobr\u00e1s, em continuidade ao comunicado divulgado em 29\/08\/2022, informa que, observada a governan\u00e7a interna aplic\u00e1vel, foi aprovado o encerramento do processo competitivo, que estava na fase vinculante, para venda integral da Unidade de Fertilizantes Nitrogenados III (UFN-III).<\/p>\n<p>&nbsp;<\/p>\n<p>A Petrobr\u00e1s avaliar\u00e1 seus pr\u00f3ximos passos relacionados ao desinvestimento do ativo em quest\u00e3o, em alinhamento ao Plano Estrat\u00e9gico 2023-2027 vigente, e refor\u00e7a o seu compromisso com a ampla transpar\u00eancia de seus projetos de desinvestimento e de gest\u00e3o de seu portf\u00f3lio.\u201d<\/p>\n<p>&nbsp;<\/p>\n<p>Ou seja, no apagar das luzes, deram sinal verde para a concretiza\u00e7\u00e3o da venda do ativo. Mas pelo teor da mensagem, esses diretores sabem que isto n\u00e3o deve ocorrer. Mas deixar\u00e1 implica\u00e7\u00f5es jur\u00eddicas \u00e0 Petrobr\u00e1s.<\/p>\n<p>&nbsp;<\/p>\n<h2><strong>Sobre a UFN-III<\/strong><\/h2>\n<p>&nbsp;<\/p>\n<p style=\"text-align: justify;\">A UFN-III \u00e9 uma unidade industrial de fertilizantes nitrogenados localizada em Tr\u00eas Lagoas, no estado de Mato Grosso do Sul. A constru\u00e7\u00e3o da UFN-III teve in\u00edcio em setembro de 2011, mas foi interrompida em dezembro de 2014, com avan\u00e7o f\u00edsico de cerca de 81%. Ap\u00f3s conclu\u00edda, a unidade ter\u00e1 capacidade projetada de produ\u00e7\u00e3o de ureia e am\u00f4nia de 3.600 t\/dia e 2.200 t\/dia, respectivamente.<\/p>\n<p style=\"text-align: justify;\">Como j\u00e1 afirmou na Nota sobre a indica\u00e7\u00e3o de Prates \u00e0 presid\u00eancia da Petrobr\u00e1s, a AEPET tem uma atua\u00e7\u00e3o pol\u00edtica e program\u00e1tica, impessoal e transparente e espera da nova diretoria a\u00e7\u00f5es concretas e r\u00e1pidas para reverter o desmonte da Petrobr\u00e1s e a penaliza\u00e7\u00e3o da grande maioria dos brasileiros.<\/p>\n<p>&nbsp;<\/p>\n<h2><strong>ENERGIZANDO<\/strong><\/h2>\n<p><strong><span style=\"text-decoration: underline;\">*<a href=\"https:\/\/monitormercantil.com.br\/desde-2019-petrobras-teve-64-ativos-vendidos\/\" target=\"_blank\" rel=\"noopener\">Desde 2019, Petrobras teve 64 ativos vendidos<\/a><\/span><\/strong><\/p>\n<p><span style=\"text-decoration: underline;\"><strong><a href=\"https:\/\/petronoticias.com.br\/ministro-de-minas-e-energia-anuncia-a-criacao-do-conselho-nacional-de-politica-mineral\/\" target=\"_blank\" rel=\"noopener\">**Ministro de Minas e Energia anuncia a cria\u00e7\u00e3o do Conselho Nacional de Pol\u00edtica Mineral<\/a><\/strong><\/span><\/p>\n<p>&nbsp;<\/p>\n<p>&nbsp;<\/p>\n<p>&nbsp;<\/p>\n<p>&nbsp;<\/p>\n","protected":false},"excerpt":{"rendered":"<p>&nbsp; Ao apagar das luzes, a \u00faltima diretoria Bolsonaro-Guedes na Petrobr\u00e1s imp\u00f5em sacrif\u00edcios \u00e0 popula\u00e7\u00e3o, vende mais um ativo e satisfaz o \u201cmercado\u201d e acionistas minorit\u00e1rios Os \u00faltimos diretores da Petrobr\u00e1s nomeados pelo governo Bolsonaro mostraram a que vieram e&#8230;<\/p>\n","protected":false},"author":1,"featured_media":39735,"comment_status":"closed","ping_status":"closed","sticky":false,"template":"","format":"standard","meta":[],"categories":[5,87,10],"tags":[],"yoast_head":"<!-- This site is optimized with the Yoast SEO plugin v19.3 - https:\/\/yoast.com\/wordpress\/plugins\/seo\/ -->\n<title>Nota da AEPET Nacional: Na calada da noite<\/title>\n<meta name=\"description\" content=\"Ao apagar das luzes, a \u00faltima diretoria Bolsonaro-Guedes na Petrobr\u00e1s imp\u00f5em sacrif\u00edcios \u00e0 popula\u00e7\u00e3o, vende mais um ativo e satisfaz o \u201cmercado\u201d e acionistas minorit\u00e1rios. Os \u00faltimos diretores da Petrobr\u00e1s nomeados pelo governo Bolsonaro mostraram a que vieram e a quem serviam. Na noite de ter\u00e7a-feira (24) anunciaram um reajuste de 7% no pre\u00e7o da gasolina, isso a menos de 48 horas da reuni\u00e3o do Conselho de Administra\u00e7\u00e3o da empresa, convocada para sacramentar o nome do senador Jean Paul Prates como novo presidente.\" \/>\n<meta name=\"robots\" content=\"index, follow, max-snippet:-1, max-image-preview:large, max-video-preview:-1\" \/>\n<link rel=\"canonical\" href=\"https:\/\/aepetba.org.br\/v1\/nota-da-aepet-nacional-na-calada-da-noite\/\" \/>\n<meta property=\"og:locale\" content=\"pt_BR\" \/>\n<meta property=\"og:type\" content=\"article\" \/>\n<meta property=\"og:title\" content=\"Nota da AEPET Nacional: Na calada da noite\" \/>\n<meta property=\"og:description\" content=\"Ao apagar das luzes, a \u00faltima diretoria Bolsonaro-Guedes na Petrobr\u00e1s imp\u00f5em sacrif\u00edcios \u00e0 popula\u00e7\u00e3o, vende mais um ativo e satisfaz o \u201cmercado\u201d e acionistas minorit\u00e1rios. Os \u00faltimos diretores da Petrobr\u00e1s nomeados pelo governo Bolsonaro mostraram a que vieram e a quem serviam. Na noite de ter\u00e7a-feira (24) anunciaram um reajuste de 7% no pre\u00e7o da gasolina, isso a menos de 48 horas da reuni\u00e3o do Conselho de Administra\u00e7\u00e3o da empresa, convocada para sacramentar o nome do senador Jean Paul Prates como novo presidente.\" \/>\n<meta property=\"og:url\" content=\"https:\/\/aepetba.org.br\/v1\/nota-da-aepet-nacional-na-calada-da-noite\/\" \/>\n<meta property=\"og:site_name\" content=\"AEPET N\u00daCLEO BAHIA\" \/>\n<meta property=\"article:publisher\" content=\"https:\/\/web.facebook.com\/aepetba\" \/>\n<meta property=\"article:published_time\" content=\"2023-01-27T19:11:06+00:00\" \/>\n<meta property=\"og:image\" content=\"https:\/\/aepetba.org.br\/v1\/wp-content\/uploads\/2023\/01\/Materia-Nota-da-AEPET-Nacional-Na-calada-da-noite-petroleo-bahia-Aepet-ba.jpg\" \/>\n\t<meta property=\"og:image:width\" content=\"1079\" \/>\n\t<meta property=\"og:image:height\" content=\"920\" \/>\n\t<meta property=\"og:image:type\" content=\"image\/jpeg\" \/>\n<meta name=\"author\" content=\"AEPETBA\" \/>\n<meta name=\"twitter:card\" content=\"summary_large_image\" \/>\n<meta name=\"twitter:creator\" content=\"@aepetbahia\" \/>\n<meta name=\"twitter:site\" content=\"@aepetbahia\" \/>\n<meta name=\"twitter:label1\" content=\"Escrito por\" \/>\n\t<meta name=\"twitter:data1\" content=\"AEPETBA\" \/>\n\t<meta name=\"twitter:label2\" content=\"Est. tempo de leitura\" \/>\n\t<meta name=\"twitter:data2\" content=\"3 minutos\" \/>\n<script type=\"application\/ld+json\" class=\"yoast-schema-graph\">{\"@context\":\"https:\/\/schema.org\",\"@graph\":[{\"@type\":\"Organization\",\"@id\":\"https:\/\/aepetba.org.br\/v1\/#organization\",\"name\":\"AEPET N\u00facleo Bahia\",\"url\":\"https:\/\/aepetba.org.br\/v1\/\",\"sameAs\":[\"https:\/\/www.instagram.com\/aepetbahia\/\",\"https:\/\/www.youtube.com\/c\/AEPETBAHIA\",\"https:\/\/web.facebook.com\/aepetba\",\"https:\/\/twitter.com\/aepetbahia\"],\"logo\":{\"@type\":\"ImageObject\",\"inLanguage\":\"pt-BR\",\"@id\":\"https:\/\/aepetba.org.br\/v1\/#\/schema\/logo\/image\/\",\"url\":\"https:\/\/aepetba.org.br\/v1\/wp-content\/uploads\/revslider\/home\/logo-AEPETBA.png\",\"contentUrl\":\"https:\/\/aepetba.org.br\/v1\/wp-content\/uploads\/revslider\/home\/logo-AEPETBA.png\",\"width\":297,\"height\":86,\"caption\":\"AEPET N\u00facleo Bahia\"},\"image\":{\"@id\":\"https:\/\/aepetba.org.br\/v1\/#\/schema\/logo\/image\/\"}},{\"@type\":\"WebSite\",\"@id\":\"https:\/\/aepetba.org.br\/v1\/#website\",\"url\":\"https:\/\/aepetba.org.br\/v1\/\",\"name\":\"AEPET N\u00daCLEO BAHIA\",\"description\":\"Associa\u00e7\u00e3o dos Engenheiros da Petrobr\u00e1s N\u00facleo Bahia Petr\u00f3leo Bahia Salvador Nordeste \",\"publisher\":{\"@id\":\"https:\/\/aepetba.org.br\/v1\/#organization\"},\"potentialAction\":[{\"@type\":\"SearchAction\",\"target\":{\"@type\":\"EntryPoint\",\"urlTemplate\":\"https:\/\/aepetba.org.br\/v1\/?s={search_term_string}\"},\"query-input\":\"required name=search_term_string\"}],\"inLanguage\":\"pt-BR\"},{\"@type\":\"ImageObject\",\"inLanguage\":\"pt-BR\",\"@id\":\"https:\/\/aepetba.org.br\/v1\/nota-da-aepet-nacional-na-calada-da-noite\/#primaryimage\",\"url\":\"https:\/\/aepetba.org.br\/v1\/wp-content\/uploads\/2023\/01\/Materia-Nota-da-AEPET-Nacional-Na-calada-da-noite-petroleo-bahia-Aepet-ba.jpg\",\"contentUrl\":\"https:\/\/aepetba.org.br\/v1\/wp-content\/uploads\/2023\/01\/Materia-Nota-da-AEPET-Nacional-Na-calada-da-noite-petroleo-bahia-Aepet-ba.jpg\",\"width\":1079,\"height\":920},{\"@type\":\"WebPage\",\"@id\":\"https:\/\/aepetba.org.br\/v1\/nota-da-aepet-nacional-na-calada-da-noite\/\",\"url\":\"https:\/\/aepetba.org.br\/v1\/nota-da-aepet-nacional-na-calada-da-noite\/\",\"name\":\"Nota da AEPET Nacional: Na calada da noite\",\"isPartOf\":{\"@id\":\"https:\/\/aepetba.org.br\/v1\/#website\"},\"primaryImageOfPage\":{\"@id\":\"https:\/\/aepetba.org.br\/v1\/nota-da-aepet-nacional-na-calada-da-noite\/#primaryimage\"},\"datePublished\":\"2023-01-27T19:11:06+00:00\",\"dateModified\":\"2023-01-27T19:11:06+00:00\",\"description\":\"Ao apagar das luzes, a \u00faltima diretoria Bolsonaro-Guedes na Petrobr\u00e1s imp\u00f5em sacrif\u00edcios \u00e0 popula\u00e7\u00e3o, vende mais um ativo e satisfaz o \u201cmercado\u201d e acionistas minorit\u00e1rios. Os \u00faltimos diretores da Petrobr\u00e1s nomeados pelo governo Bolsonaro mostraram a que vieram e a quem serviam. Na noite de ter\u00e7a-feira (24) anunciaram um reajuste de 7% no pre\u00e7o da gasolina, isso a menos de 48 horas da reuni\u00e3o do Conselho de Administra\u00e7\u00e3o da empresa, convocada para sacramentar o nome do senador Jean Paul Prates como novo presidente.\",\"breadcrumb\":{\"@id\":\"https:\/\/aepetba.org.br\/v1\/nota-da-aepet-nacional-na-calada-da-noite\/#breadcrumb\"},\"inLanguage\":\"pt-BR\",\"potentialAction\":[{\"@type\":\"ReadAction\",\"target\":[\"https:\/\/aepetba.org.br\/v1\/nota-da-aepet-nacional-na-calada-da-noite\/\"]}]},{\"@type\":\"BreadcrumbList\",\"@id\":\"https:\/\/aepetba.org.br\/v1\/nota-da-aepet-nacional-na-calada-da-noite\/#breadcrumb\",\"itemListElement\":[{\"@type\":\"ListItem\",\"position\":1,\"name\":\"In\u00edcio\",\"item\":\"https:\/\/aepetba.org.br\/v1\/\"},{\"@type\":\"ListItem\",\"position\":2,\"name\":\"Nota da AEPET Nacional: Na calada da noite\"}]},{\"@type\":\"Article\",\"@id\":\"https:\/\/aepetba.org.br\/v1\/nota-da-aepet-nacional-na-calada-da-noite\/#article\",\"isPartOf\":{\"@id\":\"https:\/\/aepetba.org.br\/v1\/nota-da-aepet-nacional-na-calada-da-noite\/\"},\"author\":{\"name\":\"AEPETBA\",\"@id\":\"https:\/\/aepetba.org.br\/v1\/#\/schema\/person\/3504208f89f3f50e1526867ebb573b88\"},\"headline\":\"Nota da AEPET Nacional: Na calada da noite\",\"datePublished\":\"2023-01-27T19:11:06+00:00\",\"dateModified\":\"2023-01-27T19:11:06+00:00\",\"mainEntityOfPage\":{\"@id\":\"https:\/\/aepetba.org.br\/v1\/nota-da-aepet-nacional-na-calada-da-noite\/\"},\"wordCount\":592,\"publisher\":{\"@id\":\"https:\/\/aepetba.org.br\/v1\/#organization\"},\"image\":{\"@id\":\"https:\/\/aepetba.org.br\/v1\/nota-da-aepet-nacional-na-calada-da-noite\/#primaryimage\"},\"thumbnailUrl\":\"https:\/\/aepetba.org.br\/v1\/wp-content\/uploads\/2023\/01\/Materia-Nota-da-AEPET-Nacional-Na-calada-da-noite-petroleo-bahia-Aepet-ba.jpg\",\"articleSection\":[\"Coluna do Associado\",\"Destaque\",\"Not\u00edcias\"],\"inLanguage\":\"pt-BR\"},{\"@type\":\"Person\",\"@id\":\"https:\/\/aepetba.org.br\/v1\/#\/schema\/person\/3504208f89f3f50e1526867ebb573b88\",\"name\":\"AEPETBA\",\"image\":{\"@type\":\"ImageObject\",\"inLanguage\":\"pt-BR\",\"@id\":\"https:\/\/aepetba.org.br\/v1\/#\/schema\/person\/image\/\",\"url\":\"https:\/\/secure.gravatar.com\/avatar\/3e6e1bf98c38137fc6b937d21e974714?s=96&d=mm&r=g\",\"contentUrl\":\"https:\/\/secure.gravatar.com\/avatar\/3e6e1bf98c38137fc6b937d21e974714?s=96&d=mm&r=g\",\"caption\":\"AEPETBA\"},\"sameAs\":[\"http:\/\/aepetba.org.br\/v1\"],\"url\":\"https:\/\/aepetba.org.br\/v1\/author\/lubconsultoria\/\"}]}<\/script>\n<!-- \/ Yoast SEO plugin. -->","yoast_head_json":{"title":"Nota da AEPET Nacional: Na calada da noite","description":"Ao apagar das luzes, a \u00faltima diretoria Bolsonaro-Guedes na Petrobr\u00e1s imp\u00f5em sacrif\u00edcios \u00e0 popula\u00e7\u00e3o, vende mais um ativo e satisfaz o \u201cmercado\u201d e acionistas minorit\u00e1rios. Os \u00faltimos diretores da Petrobr\u00e1s nomeados pelo governo Bolsonaro mostraram a que vieram e a quem serviam. Na noite de ter\u00e7a-feira (24) anunciaram um reajuste de 7% no pre\u00e7o da gasolina, isso a menos de 48 horas da reuni\u00e3o do Conselho de Administra\u00e7\u00e3o da empresa, convocada para sacramentar o nome do senador Jean Paul Prates como novo presidente.","robots":{"index":"index","follow":"follow","max-snippet":"max-snippet:-1","max-image-preview":"max-image-preview:large","max-video-preview":"max-video-preview:-1"},"canonical":"https:\/\/aepetba.org.br\/v1\/nota-da-aepet-nacional-na-calada-da-noite\/","og_locale":"pt_BR","og_type":"article","og_title":"Nota da AEPET Nacional: Na calada da noite","og_description":"Ao apagar das luzes, a \u00faltima diretoria Bolsonaro-Guedes na Petrobr\u00e1s imp\u00f5em sacrif\u00edcios \u00e0 popula\u00e7\u00e3o, vende mais um ativo e satisfaz o \u201cmercado\u201d e acionistas minorit\u00e1rios. Os \u00faltimos diretores da Petrobr\u00e1s nomeados pelo governo Bolsonaro mostraram a que vieram e a quem serviam. Na noite de ter\u00e7a-feira (24) anunciaram um reajuste de 7% no pre\u00e7o da gasolina, isso a menos de 48 horas da reuni\u00e3o do Conselho de Administra\u00e7\u00e3o da empresa, convocada para sacramentar o nome do senador Jean Paul Prates como novo presidente.","og_url":"https:\/\/aepetba.org.br\/v1\/nota-da-aepet-nacional-na-calada-da-noite\/","og_site_name":"AEPET N\u00daCLEO BAHIA","article_publisher":"https:\/\/web.facebook.com\/aepetba","article_published_time":"2023-01-27T19:11:06+00:00","og_image":[{"width":1079,"height":920,"url":"https:\/\/aepetba.org.br\/v1\/wp-content\/uploads\/2023\/01\/Materia-Nota-da-AEPET-Nacional-Na-calada-da-noite-petroleo-bahia-Aepet-ba.jpg","type":"image\/jpeg"}],"author":"AEPETBA","twitter_card":"summary_large_image","twitter_creator":"@aepetbahia","twitter_site":"@aepetbahia","twitter_misc":{"Escrito por":"AEPETBA","Est. tempo de leitura":"3 minutos"},"schema":{"@context":"https:\/\/schema.org","@graph":[{"@type":"Organization","@id":"https:\/\/aepetba.org.br\/v1\/#organization","name":"AEPET N\u00facleo Bahia","url":"https:\/\/aepetba.org.br\/v1\/","sameAs":["https:\/\/www.instagram.com\/aepetbahia\/","https:\/\/www.youtube.com\/c\/AEPETBAHIA","https:\/\/web.facebook.com\/aepetba","https:\/\/twitter.com\/aepetbahia"],"logo":{"@type":"ImageObject","inLanguage":"pt-BR","@id":"https:\/\/aepetba.org.br\/v1\/#\/schema\/logo\/image\/","url":"https:\/\/aepetba.org.br\/v1\/wp-content\/uploads\/revslider\/home\/logo-AEPETBA.png","contentUrl":"https:\/\/aepetba.org.br\/v1\/wp-content\/uploads\/revslider\/home\/logo-AEPETBA.png","width":297,"height":86,"caption":"AEPET N\u00facleo Bahia"},"image":{"@id":"https:\/\/aepetba.org.br\/v1\/#\/schema\/logo\/image\/"}},{"@type":"WebSite","@id":"https:\/\/aepetba.org.br\/v1\/#website","url":"https:\/\/aepetba.org.br\/v1\/","name":"AEPET N\u00daCLEO BAHIA","description":"Associa\u00e7\u00e3o dos Engenheiros da Petrobr\u00e1s N\u00facleo Bahia Petr\u00f3leo Bahia Salvador Nordeste ","publisher":{"@id":"https:\/\/aepetba.org.br\/v1\/#organization"},"potentialAction":[{"@type":"SearchAction","target":{"@type":"EntryPoint","urlTemplate":"https:\/\/aepetba.org.br\/v1\/?s={search_term_string}"},"query-input":"required name=search_term_string"}],"inLanguage":"pt-BR"},{"@type":"ImageObject","inLanguage":"pt-BR","@id":"https:\/\/aepetba.org.br\/v1\/nota-da-aepet-nacional-na-calada-da-noite\/#primaryimage","url":"https:\/\/aepetba.org.br\/v1\/wp-content\/uploads\/2023\/01\/Materia-Nota-da-AEPET-Nacional-Na-calada-da-noite-petroleo-bahia-Aepet-ba.jpg","contentUrl":"https:\/\/aepetba.org.br\/v1\/wp-content\/uploads\/2023\/01\/Materia-Nota-da-AEPET-Nacional-Na-calada-da-noite-petroleo-bahia-Aepet-ba.jpg","width":1079,"height":920},{"@type":"WebPage","@id":"https:\/\/aepetba.org.br\/v1\/nota-da-aepet-nacional-na-calada-da-noite\/","url":"https:\/\/aepetba.org.br\/v1\/nota-da-aepet-nacional-na-calada-da-noite\/","name":"Nota da AEPET Nacional: Na calada da noite","isPartOf":{"@id":"https:\/\/aepetba.org.br\/v1\/#website"},"primaryImageOfPage":{"@id":"https:\/\/aepetba.org.br\/v1\/nota-da-aepet-nacional-na-calada-da-noite\/#primaryimage"},"datePublished":"2023-01-27T19:11:06+00:00","dateModified":"2023-01-27T19:11:06+00:00","description":"Ao apagar das luzes, a \u00faltima diretoria Bolsonaro-Guedes na Petrobr\u00e1s imp\u00f5em sacrif\u00edcios \u00e0 popula\u00e7\u00e3o, vende mais um ativo e satisfaz o \u201cmercado\u201d e acionistas minorit\u00e1rios. Os \u00faltimos diretores da Petrobr\u00e1s nomeados pelo governo Bolsonaro mostraram a que vieram e a quem serviam. Na noite de ter\u00e7a-feira (24) anunciaram um reajuste de 7% no pre\u00e7o da gasolina, isso a menos de 48 horas da reuni\u00e3o do Conselho de Administra\u00e7\u00e3o da empresa, convocada para sacramentar o nome do senador Jean Paul Prates como novo presidente.","breadcrumb":{"@id":"https:\/\/aepetba.org.br\/v1\/nota-da-aepet-nacional-na-calada-da-noite\/#breadcrumb"},"inLanguage":"pt-BR","potentialAction":[{"@type":"ReadAction","target":["https:\/\/aepetba.org.br\/v1\/nota-da-aepet-nacional-na-calada-da-noite\/"]}]},{"@type":"BreadcrumbList","@id":"https:\/\/aepetba.org.br\/v1\/nota-da-aepet-nacional-na-calada-da-noite\/#breadcrumb","itemListElement":[{"@type":"ListItem","position":1,"name":"In\u00edcio","item":"https:\/\/aepetba.org.br\/v1\/"},{"@type":"ListItem","position":2,"name":"Nota da AEPET Nacional: Na calada da noite"}]},{"@type":"Article","@id":"https:\/\/aepetba.org.br\/v1\/nota-da-aepet-nacional-na-calada-da-noite\/#article","isPartOf":{"@id":"https:\/\/aepetba.org.br\/v1\/nota-da-aepet-nacional-na-calada-da-noite\/"},"author":{"name":"AEPETBA","@id":"https:\/\/aepetba.org.br\/v1\/#\/schema\/person\/3504208f89f3f50e1526867ebb573b88"},"headline":"Nota da AEPET Nacional: Na calada da noite","datePublished":"2023-01-27T19:11:06+00:00","dateModified":"2023-01-27T19:11:06+00:00","mainEntityOfPage":{"@id":"https:\/\/aepetba.org.br\/v1\/nota-da-aepet-nacional-na-calada-da-noite\/"},"wordCount":592,"publisher":{"@id":"https:\/\/aepetba.org.br\/v1\/#organization"},"image":{"@id":"https:\/\/aepetba.org.br\/v1\/nota-da-aepet-nacional-na-calada-da-noite\/#primaryimage"},"thumbnailUrl":"https:\/\/aepetba.org.br\/v1\/wp-content\/uploads\/2023\/01\/Materia-Nota-da-AEPET-Nacional-Na-calada-da-noite-petroleo-bahia-Aepet-ba.jpg","articleSection":["Coluna do Associado","Destaque","Not\u00edcias"],"inLanguage":"pt-BR"},{"@type":"Person","@id":"https:\/\/aepetba.org.br\/v1\/#\/schema\/person\/3504208f89f3f50e1526867ebb573b88","name":"AEPETBA","image":{"@type":"ImageObject","inLanguage":"pt-BR","@id":"https:\/\/aepetba.org.br\/v1\/#\/schema\/person\/image\/","url":"https:\/\/secure.gravatar.com\/avatar\/3e6e1bf98c38137fc6b937d21e974714?s=96&d=mm&r=g","contentUrl":"https:\/\/secure.gravatar.com\/avatar\/3e6e1bf98c38137fc6b937d21e974714?s=96&d=mm&r=g","caption":"AEPETBA"},"sameAs":["http:\/\/aepetba.org.br\/v1"],"url":"https:\/\/aepetba.org.br\/v1\/author\/lubconsultoria\/"}]}},"_links":{"self":[{"href":"https:\/\/aepetba.org.br\/v1\/wp-json\/wp\/v2\/posts\/39734"}],"collection":[{"href":"https:\/\/aepetba.org.br\/v1\/wp-json\/wp\/v2\/posts"}],"about":[{"href":"https:\/\/aepetba.org.br\/v1\/wp-json\/wp\/v2\/types\/post"}],"author":[{"embeddable":true,"href":"https:\/\/aepetba.org.br\/v1\/wp-json\/wp\/v2\/users\/1"}],"replies":[{"embeddable":true,"href":"https:\/\/aepetba.org.br\/v1\/wp-json\/wp\/v2\/comments?post=39734"}],"version-history":[{"count":1,"href":"https:\/\/aepetba.org.br\/v1\/wp-json\/wp\/v2\/posts\/39734\/revisions"}],"predecessor-version":[{"id":39737,"href":"https:\/\/aepetba.org.br\/v1\/wp-json\/wp\/v2\/posts\/39734\/revisions\/39737"}],"wp:featuredmedia":[{"embeddable":true,"href":"https:\/\/aepetba.org.br\/v1\/wp-json\/wp\/v2\/media\/39735"}],"wp:attachment":[{"href":"https:\/\/aepetba.org.br\/v1\/wp-json\/wp\/v2\/media?parent=39734"}],"wp:term":[{"taxonomy":"category","embeddable":true,"href":"https:\/\/aepetba.org.br\/v1\/wp-json\/wp\/v2\/categories?post=39734"},{"taxonomy":"post_tag","embeddable":true,"href":"https:\/\/aepetba.org.br\/v1\/wp-json\/wp\/v2\/tags?post=39734"}],"curies":[{"name":"wp","href":"https:\/\/api.w.org\/{rel}","templated":true}]}}