{"id":39762,"date":"2023-02-02T18:39:32","date_gmt":"2023-02-02T21:39:32","guid":{"rendered":"https:\/\/aepetba.org.br\/v1\/?p=39762"},"modified":"2023-02-02T18:39:32","modified_gmt":"2023-02-02T21:39:32","slug":"prates-indica-economista-eduardo-moreira-para-o-conselho-de-administracao-da-petrobras","status":"publish","type":"post","link":"https:\/\/aepetba.org.br\/v1\/prates-indica-economista-eduardo-moreira-para-o-conselho-de-administracao-da-petrobras\/","title":{"rendered":"Prates indica economista Eduardo Moreira para o Conselho de Administra\u00e7\u00e3o da Petrobr\u00e1s"},"content":{"rendered":"<!--[if lt IE 9]><script>document.createElement('audio');<\/script><![endif]-->\n<audio class=\"wp-audio-shortcode\" id=\"audio-39762-1\" preload=\"none\" style=\"width: 100%;\" controls=\"controls\"><source type=\"audio\/ogg\" src=\"https:\/\/aepetba.org.br\/v1\/wp-content\/uploads\/2023\/02\/Prates-indica-economista-Eduardo-Moreira-para-o-Conselho-de-Administracao-da-Petrobras.ogg?_=1\" \/><a href=\"https:\/\/aepetba.org.br\/v1\/wp-content\/uploads\/2023\/02\/Prates-indica-economista-Eduardo-Moreira-para-o-Conselho-de-Administracao-da-Petrobras.ogg\">https:\/\/aepetba.org.br\/v1\/wp-content\/uploads\/2023\/02\/Prates-indica-economista-Eduardo-Moreira-para-o-Conselho-de-Administracao-da-Petrobras.ogg<\/a><\/audio>\n<p>&nbsp;<\/p>\n<p>O engenheiro e economista Eduardo Moreira foi um dos escolhidos do presidente da Petrobr\u00e1s, Jean Paul Prates, para assumir uma das seis cadeiras do governo Lula (PT) no Conselho de Administra\u00e7\u00e3o da estatal. O ex-senador est\u00e1 montando sua equipe na Petrobr\u00e1s e, segundo interlocutores, al\u00e9m de Moreira, tamb\u00e9m definiu que indicar\u00e1 ao colegiado o presidente da Fiesp, Josu\u00e9 Gomes, e a professora da UFRJ Suzana Khan.<\/p>\n<p>Os nomes foram confirmados para a CNN e dever\u00e3o compor parte da lista que ser\u00e1 enviada pelo Minist\u00e9rio de Minas e Energia ao departamento de compliance da Petrobr\u00e1s.<\/p>\n<p>Uma das tarefas da equipe ser\u00e1 alterar a pol\u00edtica de pre\u00e7os, uma demanda do governo federal.<\/p>\n<p>Moreira tem mais de meio milh\u00e3o de seguidores no Instagram e quase 900 mil inscritos em seu canal de Youtube, sendo um dos criadores do Instituto Conhecimento Liberta, que oferece cursos nas mais diversas \u00e1reas do conhecimento.<\/p>\n<p>O influencer tem ideias de esquerda e apoiou a elei\u00e7\u00e3o do presidente Lula. Moreira j\u00e1 se manifestou com frases como \u201cO petr\u00f3leo n\u00e3o \u00e9 mais nosso\u201d, \u201ca Petrobras virou uma empresa gringa\u201d, \u201cfoi saqueada pelos interesses estrangeiros\u201d.<\/p>\n<p>Assim como \u00e9 cr\u00edtico do repasse dos megadividendos aos acionistas, em detrimento de um valor maior de investimento<\/p>\n<p>Em um dos v\u00eddeos de seu canal, no dia 6 de maio, Moreira criticou a grande parcela de investidores estrangeiros que det\u00e9m a\u00e7\u00f5es da Petrobras. Hoje s\u00e3o 46,3% das a\u00e7\u00f5es nas m\u00e3os de pessoas e empresas de fora do Brasil.<\/p>\n<p>\u201cN\u00e3o d\u00e1 nem mais pra chamar a Petrobras de uma empresa brasileira. A Petrobras virou uma empresa gringa, mas ningu\u00e9m percebeu. Porque a panela foi esquentando e o sapo ali dentro n\u00e3o percebeu que a \u00e1gua estava fervendo\u201d, disse Moreira.<\/p>\n<p>\u201cHoje em dia a empresa foi privatizada. A empresa mais do que privatizada, ela foi saqueada pelos interesses estrangeiros, e ningu\u00e9m percebeu\u201d, completou o economista.<\/p>\n<p>Tamb\u00e9m fez cr\u00edticas sobre a distribui\u00e7\u00e3o de dividendos. Sobre isso, em 4 novembro, Moreira disse em seu canal. \u201cO que a Petrobras est\u00e1 fazendo? Ela t\u00e1 servindo ao seu pa\u00eds gerando emprego, gerando oportunidade, gerando desenvolvimento? N\u00e3o. Ela virou o seguinte, virou uma saqueadora pra servir uma meia-d\u00fazia\u201d.<\/p>\n<p>Na \u00e9poca, ao que se sabe, o nome dele ainda n\u00e3o estava sendo cotado para assumir uma cadeira no conselho. Ainda assim, ele sugeriu que era preciso reverter o \u2018desmonte\u2019 da estatal.<\/p>\n<p>Eduardo Moreira \u00e9 formado em engenharia pela PUC do Rio de Janeiro e estudou economia na Universidade da Calif\u00f3rnia de San Diego. Ele trabalhou no Banco Pactual at\u00e9 2009 onde afirma ter sido s\u00f3cio respons\u00e1vel pela \u00e1rea de Tesouraria.<\/p>\n<p>Cr\u00edtico ferrenho do ex-presidente Jair Bolsonaro (PL), o influencer defende que uma estatal n\u00e3o seja avaliada pelo lucro, mas pela capacidade de transforma\u00e7\u00e3o social com gera\u00e7\u00e3o de emprego, pesquisa e desenvolvimento.<\/p>\n<p>Para pessoas ligadas \u00e0 Petrobras ouvidas pela CNN o nome de Moreira sinaliza uma transforma\u00e7\u00e3o na condu\u00e7\u00e3o da empresa, at\u00e9 pelo fato de o discurso do economista ser mais radical do que o do pr\u00f3prio presidente da companhia Jean Paul Prates.<\/p>\n<p>Para a AEPET-BA s\u00e3o v\u00e1rios os desafios da nova gest\u00e3o. \u00c9 tarefa urgente do governo Lula, retomar o patrim\u00f4nio vandalizado durante o governo Bolsonaro, recomprar as a\u00e7\u00f5es negociadas e fechar o capital da empresa para torn\u00e1-la uma empresa p\u00fablica, de propriedade e a servi\u00e7o exclusivo do povo brasileiro.<\/p>\n<p>Leia mais &#8211; <span style=\"text-decoration: underline;\"><a href=\"https:\/\/www.cnnbrasil.com.br\/business\/escolhido-para-conselho-disse-que-petrobras-foi-saqueada-por-interesses-estrangeiros-em-periodo-nefasto\/\"><strong>Escolhido para Conselho disse que Petrobras foi \u201csaqueada\u201d por \u201cinteresses estrangeiros\u201d em \u201cper\u00edodo nefasto\u201d<\/strong><\/a><\/span><\/p>\n","protected":false},"excerpt":{"rendered":"<p>&nbsp; O engenheiro e economista Eduardo Moreira foi um dos escolhidos do presidente da Petrobr\u00e1s, Jean Paul Prates, para assumir uma das seis cadeiras do governo Lula (PT) no Conselho de Administra\u00e7\u00e3o da estatal. O ex-senador est\u00e1 montando sua equipe&#8230;<\/p>\n","protected":false},"author":1,"featured_media":39763,"comment_status":"closed","ping_status":"closed","sticky":false,"template":"","format":"standard","meta":[],"categories":[5,87,10],"tags":[],"yoast_head":"<!-- This site is optimized with the Yoast SEO plugin v19.3 - https:\/\/yoast.com\/wordpress\/plugins\/seo\/ -->\n<title>Prates indica economista Eduardo Moreira para o Conselho de Administra\u00e7\u00e3o da Petrobr\u00e1s<\/title>\n<meta name=\"description\" content=\"\u00c9 tarefa urgente do governo Lula, retomar o patrim\u00f4nio vandalizado durante o governo Bolsonaro, recomprar as a\u00e7\u00f5es negociadas e fechar o capital da empresa para torn\u00e1-la uma empresa p\u00fablica, de propriedade e a servi\u00e7o exclusivo do povo brasileiro.\" \/>\n<meta name=\"robots\" content=\"index, follow, max-snippet:-1, max-image-preview:large, max-video-preview:-1\" \/>\n<link rel=\"canonical\" href=\"https:\/\/aepetba.org.br\/v1\/prates-indica-economista-eduardo-moreira-para-o-conselho-de-administracao-da-petrobras\/\" \/>\n<meta property=\"og:locale\" content=\"pt_BR\" \/>\n<meta property=\"og:type\" content=\"article\" \/>\n<meta property=\"og:title\" content=\"Prates indica economista Eduardo Moreira para o Conselho de Administra\u00e7\u00e3o da Petrobr\u00e1s\" \/>\n<meta property=\"og:description\" content=\"\u00c9 tarefa urgente do governo Lula, retomar o patrim\u00f4nio vandalizado durante o governo Bolsonaro, recomprar as a\u00e7\u00f5es negociadas e fechar o capital da empresa para torn\u00e1-la uma empresa p\u00fablica, de propriedade e a servi\u00e7o exclusivo do povo brasileiro.\" \/>\n<meta property=\"og:url\" content=\"https:\/\/aepetba.org.br\/v1\/prates-indica-economista-eduardo-moreira-para-o-conselho-de-administracao-da-petrobras\/\" \/>\n<meta property=\"og:site_name\" content=\"AEPET N\u00daCLEO BAHIA\" \/>\n<meta property=\"article:publisher\" content=\"https:\/\/web.facebook.com\/aepetba\" \/>\n<meta property=\"article:published_time\" content=\"2023-02-02T21:39:32+00:00\" \/>\n<meta property=\"og:image\" content=\"https:\/\/aepetba.org.br\/v1\/wp-content\/uploads\/2023\/02\/Materia-Prates-Indica-Economista-Eduardo-Moreira-para-o-conselho-de-administracao-da-Petrobras-petroleo-bahia-Aepet-ba.jpg\" \/>\n\t<meta property=\"og:image:width\" content=\"1080\" \/>\n\t<meta property=\"og:image:height\" content=\"924\" \/>\n\t<meta property=\"og:image:type\" content=\"image\/jpeg\" \/>\n<meta name=\"author\" content=\"AEPETBA\" \/>\n<meta name=\"twitter:card\" content=\"summary_large_image\" \/>\n<meta name=\"twitter:creator\" content=\"@aepetbahia\" \/>\n<meta name=\"twitter:site\" content=\"@aepetbahia\" \/>\n<meta name=\"twitter:label1\" content=\"Escrito por\" \/>\n\t<meta name=\"twitter:data1\" content=\"AEPETBA\" \/>\n\t<meta name=\"twitter:label2\" content=\"Est. tempo de leitura\" \/>\n\t<meta name=\"twitter:data2\" content=\"4 minutos\" \/>\n<script type=\"application\/ld+json\" class=\"yoast-schema-graph\">{\"@context\":\"https:\/\/schema.org\",\"@graph\":[{\"@type\":\"Organization\",\"@id\":\"https:\/\/aepetba.org.br\/v1\/#organization\",\"name\":\"AEPET N\u00facleo Bahia\",\"url\":\"https:\/\/aepetba.org.br\/v1\/\",\"sameAs\":[\"https:\/\/www.instagram.com\/aepetbahia\/\",\"https:\/\/www.youtube.com\/c\/AEPETBAHIA\",\"https:\/\/web.facebook.com\/aepetba\",\"https:\/\/twitter.com\/aepetbahia\"],\"logo\":{\"@type\":\"ImageObject\",\"inLanguage\":\"pt-BR\",\"@id\":\"https:\/\/aepetba.org.br\/v1\/#\/schema\/logo\/image\/\",\"url\":\"https:\/\/aepetba.org.br\/v1\/wp-content\/uploads\/revslider\/home\/logo-AEPETBA.png\",\"contentUrl\":\"https:\/\/aepetba.org.br\/v1\/wp-content\/uploads\/revslider\/home\/logo-AEPETBA.png\",\"width\":297,\"height\":86,\"caption\":\"AEPET N\u00facleo Bahia\"},\"image\":{\"@id\":\"https:\/\/aepetba.org.br\/v1\/#\/schema\/logo\/image\/\"}},{\"@type\":\"WebSite\",\"@id\":\"https:\/\/aepetba.org.br\/v1\/#website\",\"url\":\"https:\/\/aepetba.org.br\/v1\/\",\"name\":\"AEPET N\u00daCLEO BAHIA\",\"description\":\"Associa\u00e7\u00e3o dos Engenheiros da Petrobr\u00e1s N\u00facleo Bahia Petr\u00f3leo Bahia Salvador Nordeste \",\"publisher\":{\"@id\":\"https:\/\/aepetba.org.br\/v1\/#organization\"},\"potentialAction\":[{\"@type\":\"SearchAction\",\"target\":{\"@type\":\"EntryPoint\",\"urlTemplate\":\"https:\/\/aepetba.org.br\/v1\/?s={search_term_string}\"},\"query-input\":\"required name=search_term_string\"}],\"inLanguage\":\"pt-BR\"},{\"@type\":\"ImageObject\",\"inLanguage\":\"pt-BR\",\"@id\":\"https:\/\/aepetba.org.br\/v1\/prates-indica-economista-eduardo-moreira-para-o-conselho-de-administracao-da-petrobras\/#primaryimage\",\"url\":\"https:\/\/aepetba.org.br\/v1\/wp-content\/uploads\/2023\/02\/Materia-Prates-Indica-Economista-Eduardo-Moreira-para-o-conselho-de-administracao-da-Petrobras-petroleo-bahia-Aepet-ba.jpg\",\"contentUrl\":\"https:\/\/aepetba.org.br\/v1\/wp-content\/uploads\/2023\/02\/Materia-Prates-Indica-Economista-Eduardo-Moreira-para-o-conselho-de-administracao-da-Petrobras-petroleo-bahia-Aepet-ba.jpg\",\"width\":1080,\"height\":924},{\"@type\":\"WebPage\",\"@id\":\"https:\/\/aepetba.org.br\/v1\/prates-indica-economista-eduardo-moreira-para-o-conselho-de-administracao-da-petrobras\/\",\"url\":\"https:\/\/aepetba.org.br\/v1\/prates-indica-economista-eduardo-moreira-para-o-conselho-de-administracao-da-petrobras\/\",\"name\":\"Prates indica economista Eduardo Moreira para o Conselho de Administra\u00e7\u00e3o da Petrobr\u00e1s\",\"isPartOf\":{\"@id\":\"https:\/\/aepetba.org.br\/v1\/#website\"},\"primaryImageOfPage\":{\"@id\":\"https:\/\/aepetba.org.br\/v1\/prates-indica-economista-eduardo-moreira-para-o-conselho-de-administracao-da-petrobras\/#primaryimage\"},\"datePublished\":\"2023-02-02T21:39:32+00:00\",\"dateModified\":\"2023-02-02T21:39:32+00:00\",\"description\":\"\u00c9 tarefa urgente do governo Lula, retomar o patrim\u00f4nio vandalizado durante o governo Bolsonaro, recomprar as a\u00e7\u00f5es negociadas e fechar o capital da empresa para torn\u00e1-la uma empresa p\u00fablica, de propriedade e a servi\u00e7o exclusivo do povo brasileiro.\",\"breadcrumb\":{\"@id\":\"https:\/\/aepetba.org.br\/v1\/prates-indica-economista-eduardo-moreira-para-o-conselho-de-administracao-da-petrobras\/#breadcrumb\"},\"inLanguage\":\"pt-BR\",\"potentialAction\":[{\"@type\":\"ReadAction\",\"target\":[\"https:\/\/aepetba.org.br\/v1\/prates-indica-economista-eduardo-moreira-para-o-conselho-de-administracao-da-petrobras\/\"]}]},{\"@type\":\"BreadcrumbList\",\"@id\":\"https:\/\/aepetba.org.br\/v1\/prates-indica-economista-eduardo-moreira-para-o-conselho-de-administracao-da-petrobras\/#breadcrumb\",\"itemListElement\":[{\"@type\":\"ListItem\",\"position\":1,\"name\":\"In\u00edcio\",\"item\":\"https:\/\/aepetba.org.br\/v1\/\"},{\"@type\":\"ListItem\",\"position\":2,\"name\":\"Prates indica economista Eduardo Moreira para o Conselho de Administra\u00e7\u00e3o da Petrobr\u00e1s\"}]},{\"@type\":\"Article\",\"@id\":\"https:\/\/aepetba.org.br\/v1\/prates-indica-economista-eduardo-moreira-para-o-conselho-de-administracao-da-petrobras\/#article\",\"isPartOf\":{\"@id\":\"https:\/\/aepetba.org.br\/v1\/prates-indica-economista-eduardo-moreira-para-o-conselho-de-administracao-da-petrobras\/\"},\"author\":{\"name\":\"AEPETBA\",\"@id\":\"https:\/\/aepetba.org.br\/v1\/#\/schema\/person\/3504208f89f3f50e1526867ebb573b88\"},\"headline\":\"Prates indica economista Eduardo Moreira para o Conselho de Administra\u00e7\u00e3o da Petrobr\u00e1s\",\"datePublished\":\"2023-02-02T21:39:32+00:00\",\"dateModified\":\"2023-02-02T21:39:32+00:00\",\"mainEntityOfPage\":{\"@id\":\"https:\/\/aepetba.org.br\/v1\/prates-indica-economista-eduardo-moreira-para-o-conselho-de-administracao-da-petrobras\/\"},\"wordCount\":631,\"publisher\":{\"@id\":\"https:\/\/aepetba.org.br\/v1\/#organization\"},\"image\":{\"@id\":\"https:\/\/aepetba.org.br\/v1\/prates-indica-economista-eduardo-moreira-para-o-conselho-de-administracao-da-petrobras\/#primaryimage\"},\"thumbnailUrl\":\"https:\/\/aepetba.org.br\/v1\/wp-content\/uploads\/2023\/02\/Materia-Prates-Indica-Economista-Eduardo-Moreira-para-o-conselho-de-administracao-da-Petrobras-petroleo-bahia-Aepet-ba.jpg\",\"articleSection\":[\"Coluna do Associado\",\"Destaque\",\"Not\u00edcias\"],\"inLanguage\":\"pt-BR\"},{\"@type\":\"Person\",\"@id\":\"https:\/\/aepetba.org.br\/v1\/#\/schema\/person\/3504208f89f3f50e1526867ebb573b88\",\"name\":\"AEPETBA\",\"image\":{\"@type\":\"ImageObject\",\"inLanguage\":\"pt-BR\",\"@id\":\"https:\/\/aepetba.org.br\/v1\/#\/schema\/person\/image\/\",\"url\":\"https:\/\/secure.gravatar.com\/avatar\/3e6e1bf98c38137fc6b937d21e974714?s=96&d=mm&r=g\",\"contentUrl\":\"https:\/\/secure.gravatar.com\/avatar\/3e6e1bf98c38137fc6b937d21e974714?s=96&d=mm&r=g\",\"caption\":\"AEPETBA\"},\"sameAs\":[\"http:\/\/aepetba.org.br\/v1\"],\"url\":\"https:\/\/aepetba.org.br\/v1\/author\/lubconsultoria\/\"}]}<\/script>\n<!-- \/ Yoast SEO plugin. -->","yoast_head_json":{"title":"Prates indica economista Eduardo Moreira para o Conselho de Administra\u00e7\u00e3o da Petrobr\u00e1s","description":"\u00c9 tarefa urgente do governo Lula, retomar o patrim\u00f4nio vandalizado durante o governo Bolsonaro, recomprar as a\u00e7\u00f5es negociadas e fechar o capital da empresa para torn\u00e1-la uma empresa p\u00fablica, de propriedade e a servi\u00e7o exclusivo do povo brasileiro.","robots":{"index":"index","follow":"follow","max-snippet":"max-snippet:-1","max-image-preview":"max-image-preview:large","max-video-preview":"max-video-preview:-1"},"canonical":"https:\/\/aepetba.org.br\/v1\/prates-indica-economista-eduardo-moreira-para-o-conselho-de-administracao-da-petrobras\/","og_locale":"pt_BR","og_type":"article","og_title":"Prates indica economista Eduardo Moreira para o Conselho de Administra\u00e7\u00e3o da Petrobr\u00e1s","og_description":"\u00c9 tarefa urgente do governo Lula, retomar o patrim\u00f4nio vandalizado durante o governo Bolsonaro, recomprar as a\u00e7\u00f5es negociadas e fechar o capital da empresa para torn\u00e1-la uma empresa p\u00fablica, de propriedade e a servi\u00e7o exclusivo do povo brasileiro.","og_url":"https:\/\/aepetba.org.br\/v1\/prates-indica-economista-eduardo-moreira-para-o-conselho-de-administracao-da-petrobras\/","og_site_name":"AEPET N\u00daCLEO BAHIA","article_publisher":"https:\/\/web.facebook.com\/aepetba","article_published_time":"2023-02-02T21:39:32+00:00","og_image":[{"width":1080,"height":924,"url":"https:\/\/aepetba.org.br\/v1\/wp-content\/uploads\/2023\/02\/Materia-Prates-Indica-Economista-Eduardo-Moreira-para-o-conselho-de-administracao-da-Petrobras-petroleo-bahia-Aepet-ba.jpg","type":"image\/jpeg"}],"author":"AEPETBA","twitter_card":"summary_large_image","twitter_creator":"@aepetbahia","twitter_site":"@aepetbahia","twitter_misc":{"Escrito por":"AEPETBA","Est. tempo de leitura":"4 minutos"},"schema":{"@context":"https:\/\/schema.org","@graph":[{"@type":"Organization","@id":"https:\/\/aepetba.org.br\/v1\/#organization","name":"AEPET N\u00facleo Bahia","url":"https:\/\/aepetba.org.br\/v1\/","sameAs":["https:\/\/www.instagram.com\/aepetbahia\/","https:\/\/www.youtube.com\/c\/AEPETBAHIA","https:\/\/web.facebook.com\/aepetba","https:\/\/twitter.com\/aepetbahia"],"logo":{"@type":"ImageObject","inLanguage":"pt-BR","@id":"https:\/\/aepetba.org.br\/v1\/#\/schema\/logo\/image\/","url":"https:\/\/aepetba.org.br\/v1\/wp-content\/uploads\/revslider\/home\/logo-AEPETBA.png","contentUrl":"https:\/\/aepetba.org.br\/v1\/wp-content\/uploads\/revslider\/home\/logo-AEPETBA.png","width":297,"height":86,"caption":"AEPET N\u00facleo Bahia"},"image":{"@id":"https:\/\/aepetba.org.br\/v1\/#\/schema\/logo\/image\/"}},{"@type":"WebSite","@id":"https:\/\/aepetba.org.br\/v1\/#website","url":"https:\/\/aepetba.org.br\/v1\/","name":"AEPET N\u00daCLEO BAHIA","description":"Associa\u00e7\u00e3o dos Engenheiros da Petrobr\u00e1s N\u00facleo Bahia Petr\u00f3leo Bahia Salvador Nordeste ","publisher":{"@id":"https:\/\/aepetba.org.br\/v1\/#organization"},"potentialAction":[{"@type":"SearchAction","target":{"@type":"EntryPoint","urlTemplate":"https:\/\/aepetba.org.br\/v1\/?s={search_term_string}"},"query-input":"required name=search_term_string"}],"inLanguage":"pt-BR"},{"@type":"ImageObject","inLanguage":"pt-BR","@id":"https:\/\/aepetba.org.br\/v1\/prates-indica-economista-eduardo-moreira-para-o-conselho-de-administracao-da-petrobras\/#primaryimage","url":"https:\/\/aepetba.org.br\/v1\/wp-content\/uploads\/2023\/02\/Materia-Prates-Indica-Economista-Eduardo-Moreira-para-o-conselho-de-administracao-da-Petrobras-petroleo-bahia-Aepet-ba.jpg","contentUrl":"https:\/\/aepetba.org.br\/v1\/wp-content\/uploads\/2023\/02\/Materia-Prates-Indica-Economista-Eduardo-Moreira-para-o-conselho-de-administracao-da-Petrobras-petroleo-bahia-Aepet-ba.jpg","width":1080,"height":924},{"@type":"WebPage","@id":"https:\/\/aepetba.org.br\/v1\/prates-indica-economista-eduardo-moreira-para-o-conselho-de-administracao-da-petrobras\/","url":"https:\/\/aepetba.org.br\/v1\/prates-indica-economista-eduardo-moreira-para-o-conselho-de-administracao-da-petrobras\/","name":"Prates indica economista Eduardo Moreira para o Conselho de Administra\u00e7\u00e3o da Petrobr\u00e1s","isPartOf":{"@id":"https:\/\/aepetba.org.br\/v1\/#website"},"primaryImageOfPage":{"@id":"https:\/\/aepetba.org.br\/v1\/prates-indica-economista-eduardo-moreira-para-o-conselho-de-administracao-da-petrobras\/#primaryimage"},"datePublished":"2023-02-02T21:39:32+00:00","dateModified":"2023-02-02T21:39:32+00:00","description":"\u00c9 tarefa urgente do governo Lula, retomar o patrim\u00f4nio vandalizado durante o governo Bolsonaro, recomprar as a\u00e7\u00f5es negociadas e fechar o capital da empresa para torn\u00e1-la uma empresa p\u00fablica, de propriedade e a servi\u00e7o exclusivo do povo brasileiro.","breadcrumb":{"@id":"https:\/\/aepetba.org.br\/v1\/prates-indica-economista-eduardo-moreira-para-o-conselho-de-administracao-da-petrobras\/#breadcrumb"},"inLanguage":"pt-BR","potentialAction":[{"@type":"ReadAction","target":["https:\/\/aepetba.org.br\/v1\/prates-indica-economista-eduardo-moreira-para-o-conselho-de-administracao-da-petrobras\/"]}]},{"@type":"BreadcrumbList","@id":"https:\/\/aepetba.org.br\/v1\/prates-indica-economista-eduardo-moreira-para-o-conselho-de-administracao-da-petrobras\/#breadcrumb","itemListElement":[{"@type":"ListItem","position":1,"name":"In\u00edcio","item":"https:\/\/aepetba.org.br\/v1\/"},{"@type":"ListItem","position":2,"name":"Prates indica economista Eduardo Moreira para o Conselho de Administra\u00e7\u00e3o da Petrobr\u00e1s"}]},{"@type":"Article","@id":"https:\/\/aepetba.org.br\/v1\/prates-indica-economista-eduardo-moreira-para-o-conselho-de-administracao-da-petrobras\/#article","isPartOf":{"@id":"https:\/\/aepetba.org.br\/v1\/prates-indica-economista-eduardo-moreira-para-o-conselho-de-administracao-da-petrobras\/"},"author":{"name":"AEPETBA","@id":"https:\/\/aepetba.org.br\/v1\/#\/schema\/person\/3504208f89f3f50e1526867ebb573b88"},"headline":"Prates indica economista Eduardo Moreira para o Conselho de Administra\u00e7\u00e3o da Petrobr\u00e1s","datePublished":"2023-02-02T21:39:32+00:00","dateModified":"2023-02-02T21:39:32+00:00","mainEntityOfPage":{"@id":"https:\/\/aepetba.org.br\/v1\/prates-indica-economista-eduardo-moreira-para-o-conselho-de-administracao-da-petrobras\/"},"wordCount":631,"publisher":{"@id":"https:\/\/aepetba.org.br\/v1\/#organization"},"image":{"@id":"https:\/\/aepetba.org.br\/v1\/prates-indica-economista-eduardo-moreira-para-o-conselho-de-administracao-da-petrobras\/#primaryimage"},"thumbnailUrl":"https:\/\/aepetba.org.br\/v1\/wp-content\/uploads\/2023\/02\/Materia-Prates-Indica-Economista-Eduardo-Moreira-para-o-conselho-de-administracao-da-Petrobras-petroleo-bahia-Aepet-ba.jpg","articleSection":["Coluna do Associado","Destaque","Not\u00edcias"],"inLanguage":"pt-BR"},{"@type":"Person","@id":"https:\/\/aepetba.org.br\/v1\/#\/schema\/person\/3504208f89f3f50e1526867ebb573b88","name":"AEPETBA","image":{"@type":"ImageObject","inLanguage":"pt-BR","@id":"https:\/\/aepetba.org.br\/v1\/#\/schema\/person\/image\/","url":"https:\/\/secure.gravatar.com\/avatar\/3e6e1bf98c38137fc6b937d21e974714?s=96&d=mm&r=g","contentUrl":"https:\/\/secure.gravatar.com\/avatar\/3e6e1bf98c38137fc6b937d21e974714?s=96&d=mm&r=g","caption":"AEPETBA"},"sameAs":["http:\/\/aepetba.org.br\/v1"],"url":"https:\/\/aepetba.org.br\/v1\/author\/lubconsultoria\/"}]}},"_links":{"self":[{"href":"https:\/\/aepetba.org.br\/v1\/wp-json\/wp\/v2\/posts\/39762"}],"collection":[{"href":"https:\/\/aepetba.org.br\/v1\/wp-json\/wp\/v2\/posts"}],"about":[{"href":"https:\/\/aepetba.org.br\/v1\/wp-json\/wp\/v2\/types\/post"}],"author":[{"embeddable":true,"href":"https:\/\/aepetba.org.br\/v1\/wp-json\/wp\/v2\/users\/1"}],"replies":[{"embeddable":true,"href":"https:\/\/aepetba.org.br\/v1\/wp-json\/wp\/v2\/comments?post=39762"}],"version-history":[{"count":1,"href":"https:\/\/aepetba.org.br\/v1\/wp-json\/wp\/v2\/posts\/39762\/revisions"}],"predecessor-version":[{"id":39765,"href":"https:\/\/aepetba.org.br\/v1\/wp-json\/wp\/v2\/posts\/39762\/revisions\/39765"}],"wp:featuredmedia":[{"embeddable":true,"href":"https:\/\/aepetba.org.br\/v1\/wp-json\/wp\/v2\/media\/39763"}],"wp:attachment":[{"href":"https:\/\/aepetba.org.br\/v1\/wp-json\/wp\/v2\/media?parent=39762"}],"wp:term":[{"taxonomy":"category","embeddable":true,"href":"https:\/\/aepetba.org.br\/v1\/wp-json\/wp\/v2\/categories?post=39762"},{"taxonomy":"post_tag","embeddable":true,"href":"https:\/\/aepetba.org.br\/v1\/wp-json\/wp\/v2\/tags?post=39762"}],"curies":[{"name":"wp","href":"https:\/\/api.w.org\/{rel}","templated":true}]}}