{"id":39771,"date":"2023-02-03T18:59:37","date_gmt":"2023-02-03T21:59:37","guid":{"rendered":"https:\/\/aepetba.org.br\/v1\/?p=39771"},"modified":"2023-02-03T19:21:34","modified_gmt":"2023-02-03T22:21:34","slug":"jean-paul-prates-indica-cinco-nomes-para-diretoria-da-petrobras","status":"publish","type":"post","link":"https:\/\/aepetba.org.br\/v1\/jean-paul-prates-indica-cinco-nomes-para-diretoria-da-petrobras\/","title":{"rendered":"Jean Paul Prates indica cinco nomes para diretoria da Petrobr\u00e1s"},"content":{"rendered":"<!--[if lt IE 9]><script>document.createElement('audio');<\/script><![endif]-->\n<audio class=\"wp-audio-shortcode\" id=\"audio-39771-1\" preload=\"none\" style=\"width: 100%;\" controls=\"controls\"><source type=\"audio\/ogg\" src=\"https:\/\/aepetba.org.br\/v1\/wp-content\/uploads\/2023\/02\/Jean-Paul-Prates-indica-cinco-nomes-para-diretoria-da-Petrobras.ogg?_=1\" \/><a href=\"https:\/\/aepetba.org.br\/v1\/wp-content\/uploads\/2023\/02\/Jean-Paul-Prates-indica-cinco-nomes-para-diretoria-da-Petrobras.ogg\">https:\/\/aepetba.org.br\/v1\/wp-content\/uploads\/2023\/02\/Jean-Paul-Prates-indica-cinco-nomes-para-diretoria-da-Petrobras.ogg<\/a><\/audio>\n<p>&nbsp;<\/p>\n<p>O presidente da Petrobr\u00e1s, Jean Paul Prates, come\u00e7ou a definir a nova diretoria da estatal e indicou na quinta-feira (2\/2) os cinco primeiros nomes para o alto escal\u00e3o da empresa.<\/p>\n<p>Das cinco indica\u00e7\u00f5es, quatro s\u00e3o de profissionais de carreira da petroleira:<\/p>\n<p>Entra Claudio Schlosser na diretoria de Comercializa\u00e7\u00e3o e Log\u00edstica. Sai Cl\u00e1udio Mastella;<\/p>\n<p>Entra Carlos Travassos na diretoria de Desenvolvimento da Produ\u00e7\u00e3o. Sai Jo\u00e3o Henrique Rittershaussen;<\/p>\n<p>Entra Joelson Falc\u00e3o na diretoria de Explora\u00e7\u00e3o e Produ\u00e7\u00e3o. Sai Fernando Borges;<\/p>\n<p>E entra William Fran\u00e7a na diretoria de Refino e G\u00e1s Natural. Sai Rodrigo Costa Lima e Silva.<\/p>\n<p>De fora da companhia, Carlos Augusto Barreto foi indicado para a diretoria de Transforma\u00e7\u00e3o Digital e Inova\u00e7\u00e3o. Sai Paulo Palaia.<\/p>\n<p>Os indicados ainda devem passar pela an\u00e1lise de conformidade no Comit\u00ea de Pessoas da Petrobr\u00e1s e, em seguida, para delibera\u00e7\u00e3o do Conselho de Administra\u00e7\u00e3o. Faltam 3 diretorias. Leia a \u00edntegra do <span style=\"text-decoration: underline;\"><a href=\"https:\/\/static.poder360.com.br\/2023\/02\/Petrobras-indica-5-diretores-2.fev_.2023.pdf\"><strong>comunicado<\/strong><\/a><\/span> divulgado pela empresa.<\/p>\n<p>A Petrobras possui, hoje, oito diretorias-executivas, mas Prates vem sinalizando a inten\u00e7\u00e3o de reformular a estrutura da alta administra\u00e7\u00e3o.<\/p>\n<p>Uma das poss\u00edveis novidades \u00e9 a cria\u00e7\u00e3o de uma nova diretoria para a transi\u00e7\u00e3o energ\u00e9tica \u2014 a estatal tem, hoje, uma diretoria de Relacionamento Institucional e Sustentabilidade.<\/p>\n<p>E um dos nomes cotados para o novo cargo \u00e9 o do ex-presidente da Empresa de Pesquisa Energ\u00e9tica (EPE) Maur\u00edcio Tolmasquim \u2014 que fez parte, junto com Prates, do grupo de Minas e Energia do gabinete de transi\u00e7\u00e3o de governo.<\/p>\n<h2><strong>Conhe\u00e7a o perfil dos indicados<\/strong><\/h2>\n<h3><strong>Claudio Romeo Schlosser:<\/strong><\/h3>\n<p>Ingressou na Petrobr\u00e1s em 1987. Foi gerente geral da Refinaria Henrique Lage (Revap) e da Refinaria Landulpho Alves (RLAM), gerente e diretor da F\u00e1brica Carioca de Catalizadores; vice-presidente da Petrobr\u00e1s America e gerente executivo de Refino, Petroqu\u00edmica e Fertilizantes da Petrobr\u00e1s.<\/p>\n<p>\u00c9 engenheiro qu\u00edmico formado pela Universidade Federal de Santa Maria, e advogado pela Pontif\u00edcia Universidade Cat\u00f3lica de Petr\u00f3polis (RJ). Tem MBA em Finan\u00e7as pela FGV e Gestor pelo INSEAD e Funda\u00e7\u00e3o Dom Cabral, al\u00e9m de MBA Executivo pela Rice University, Houston.<\/p>\n<h3><strong>Carlos Travassos:<\/strong><\/h3>\n<p>Tem 33 anos na Petrobr\u00e1s, com passagens pelas diretorias de Explora\u00e7\u00e3o e Produ\u00e7\u00e3o e de Desenvolvimento da Produ\u00e7\u00e3o, com atua\u00e7\u00e3o no Brasil e no exterior tanto em frentes operacionais como em posi\u00e7\u00f5es de lideran\u00e7a. Ocupa atualmente a posi\u00e7\u00e3o de gerente executivo de Sistemas de Superf\u00edcie, Refino, G\u00e1s e Energia. \u00c9 formado em Engenharia Mec\u00e2nica.<\/p>\n<h3><strong>Joelson Falc\u00e3o:<\/strong><\/h3>\n<p>Ingressou na Petrobr\u00e1s em 1987 como Engenheiro de Equipamentos. Foi gerente de opera\u00e7\u00e3o de diversas plataformas, Gerente Geral das unidades da Petrobr\u00e1s no Amazonas, Rio Grande do Norte\/Cear\u00e1 e da Bacia de Campos. tamb\u00e9m foi Gerente Executivo de \u00e1guas profundas e Gerente Executivo de \u00e1guas ultraprofundas. Atualmente, esteve respons\u00e1vel pela Ger\u00eancia Executiva de Seguran\u00e7a, Meio Ambiente e Sa\u00fade da Petrobr\u00e1s.<\/p>\n<p>\u00c9 engenheiro mec\u00e2nico pela Universidade Federal do Rio de Janeiro (UFRJ) com MBA em gest\u00e3o empresarial pela FGV e especializa\u00e7\u00e3o em gest\u00e3o avan\u00e7ada pelo INSEAD, Fran\u00e7a.<\/p>\n<h3><strong>William Fran\u00e7a da Silva:<\/strong><\/h3>\n<p>Iniciou sua carreira na Petrobr\u00e1s como engenheiro de processamento, em 1988, na Refinaria Duque de Caxias (Reduc). Foi gerente de ativo da Refinaria Guillermo Bell\/Bol\u00edvia e gerente geral das refinarias RPBC (Cubat\u00e3o-SP); Regap (Betim-MG); RLAM (Mataripe-BA); e Reduc (Duque de Caxias-RJ). Foi tamb\u00e9m gerente executivo e diretor da Transpetro e da Transpetro Internacional.<\/p>\n<p>\u00c9 formado em Engenharia Qu\u00edmica pela Universidade Federal do Rio de Janeiro (UFRJ) e em Direito pela Universidade Estadual do Rio de Janeiro (UERJ), possui MBA em Gest\u00e3o Empresarial (COPPEAD\/UFRJ) e forma\u00e7\u00e3o em Gest\u00e3o Estrat\u00e9gica e Cadeia de Valor (INSEAD\/Fran\u00e7a).<\/p>\n<h3><strong>Carlos Augusto Barreto:<\/strong><\/h3>\n<p>Atuou em grandes bancos americanos como o Federal Reserve e Banco Mitsubishi e companhias de v\u00e1rios setores como Charter Communications e Cushman Wakefield. Foi gerente de projetos de TI de larga escala em empresas como IBM e Dun &amp; Bradstreet. \u00c9 formado na PUC-RJ em Tecnologia da Informa\u00e7\u00e3o, com cursos de extens\u00e3o pela New York University (NYU).<\/p>\n<p>(Com informa\u00e7\u00f5es do site epbr)<\/p>\n","protected":false},"excerpt":{"rendered":"<p>&nbsp; O presidente da Petrobr\u00e1s, Jean Paul Prates, come\u00e7ou a definir a nova diretoria da estatal e indicou na quinta-feira (2\/2) os cinco primeiros nomes para o alto escal\u00e3o da empresa. Das cinco indica\u00e7\u00f5es, quatro s\u00e3o de profissionais de carreira&#8230;<\/p>\n","protected":false},"author":1,"featured_media":39772,"comment_status":"closed","ping_status":"closed","sticky":false,"template":"","format":"standard","meta":[],"categories":[5,87,10],"tags":[],"yoast_head":"<!-- This site is optimized with the Yoast SEO plugin v19.3 - https:\/\/yoast.com\/wordpress\/plugins\/seo\/ -->\n<title>Jean Paul Prates indica cinco nomes para diretoria da Petrobr\u00e1s<\/title>\n<meta name=\"description\" content=\"Conhe\u00e7a o perfil dos cinco primeiros nomes para o alto escal\u00e3o da Petrobr\u00e1s indicados por Prates, na quinta-feira (02\/02)\" \/>\n<meta name=\"robots\" content=\"index, follow, max-snippet:-1, max-image-preview:large, max-video-preview:-1\" \/>\n<link rel=\"canonical\" href=\"https:\/\/aepetba.org.br\/v1\/jean-paul-prates-indica-cinco-nomes-para-diretoria-da-petrobras\/\" \/>\n<meta property=\"og:locale\" content=\"pt_BR\" \/>\n<meta property=\"og:type\" content=\"article\" \/>\n<meta property=\"og:title\" content=\"Jean Paul Prates indica cinco nomes para diretoria da Petrobr\u00e1s\" \/>\n<meta property=\"og:description\" content=\"Conhe\u00e7a o perfil dos cinco primeiros nomes para o alto escal\u00e3o da Petrobr\u00e1s indicados por Prates, na quinta-feira (02\/02)\" \/>\n<meta property=\"og:url\" content=\"https:\/\/aepetba.org.br\/v1\/jean-paul-prates-indica-cinco-nomes-para-diretoria-da-petrobras\/\" \/>\n<meta property=\"og:site_name\" content=\"AEPET N\u00daCLEO BAHIA\" \/>\n<meta property=\"article:publisher\" content=\"https:\/\/web.facebook.com\/aepetba\" \/>\n<meta property=\"article:published_time\" content=\"2023-02-03T21:59:37+00:00\" \/>\n<meta property=\"article:modified_time\" content=\"2023-02-03T22:21:34+00:00\" \/>\n<meta property=\"og:image\" content=\"https:\/\/aepetba.org.br\/v1\/wp-content\/uploads\/2023\/02\/Materia-Jean-Paul-Prates-indica-cinco-nomes-para-diretoria-da-Petrobras-petroleo-bahia-Aepet-ba.jpg\" \/>\n\t<meta property=\"og:image:width\" content=\"1080\" \/>\n\t<meta property=\"og:image:height\" content=\"945\" \/>\n\t<meta property=\"og:image:type\" content=\"image\/jpeg\" \/>\n<meta name=\"author\" content=\"AEPETBA\" \/>\n<meta name=\"twitter:card\" content=\"summary_large_image\" \/>\n<meta name=\"twitter:creator\" content=\"@aepetbahia\" \/>\n<meta name=\"twitter:site\" content=\"@aepetbahia\" \/>\n<meta name=\"twitter:label1\" content=\"Escrito por\" \/>\n\t<meta name=\"twitter:data1\" content=\"AEPETBA\" \/>\n\t<meta name=\"twitter:label2\" content=\"Est. tempo de leitura\" \/>\n\t<meta name=\"twitter:data2\" content=\"4 minutos\" \/>\n<script type=\"application\/ld+json\" class=\"yoast-schema-graph\">{\"@context\":\"https:\/\/schema.org\",\"@graph\":[{\"@type\":\"Organization\",\"@id\":\"https:\/\/aepetba.org.br\/v1\/#organization\",\"name\":\"AEPET N\u00facleo Bahia\",\"url\":\"https:\/\/aepetba.org.br\/v1\/\",\"sameAs\":[\"https:\/\/www.instagram.com\/aepetbahia\/\",\"https:\/\/www.youtube.com\/c\/AEPETBAHIA\",\"https:\/\/web.facebook.com\/aepetba\",\"https:\/\/twitter.com\/aepetbahia\"],\"logo\":{\"@type\":\"ImageObject\",\"inLanguage\":\"pt-BR\",\"@id\":\"https:\/\/aepetba.org.br\/v1\/#\/schema\/logo\/image\/\",\"url\":\"https:\/\/aepetba.org.br\/v1\/wp-content\/uploads\/revslider\/home\/logo-AEPETBA.png\",\"contentUrl\":\"https:\/\/aepetba.org.br\/v1\/wp-content\/uploads\/revslider\/home\/logo-AEPETBA.png\",\"width\":297,\"height\":86,\"caption\":\"AEPET N\u00facleo Bahia\"},\"image\":{\"@id\":\"https:\/\/aepetba.org.br\/v1\/#\/schema\/logo\/image\/\"}},{\"@type\":\"WebSite\",\"@id\":\"https:\/\/aepetba.org.br\/v1\/#website\",\"url\":\"https:\/\/aepetba.org.br\/v1\/\",\"name\":\"AEPET N\u00daCLEO BAHIA\",\"description\":\"Associa\u00e7\u00e3o dos Engenheiros da Petrobr\u00e1s N\u00facleo Bahia Petr\u00f3leo Bahia Salvador Nordeste \",\"publisher\":{\"@id\":\"https:\/\/aepetba.org.br\/v1\/#organization\"},\"potentialAction\":[{\"@type\":\"SearchAction\",\"target\":{\"@type\":\"EntryPoint\",\"urlTemplate\":\"https:\/\/aepetba.org.br\/v1\/?s={search_term_string}\"},\"query-input\":\"required name=search_term_string\"}],\"inLanguage\":\"pt-BR\"},{\"@type\":\"ImageObject\",\"inLanguage\":\"pt-BR\",\"@id\":\"https:\/\/aepetba.org.br\/v1\/jean-paul-prates-indica-cinco-nomes-para-diretoria-da-petrobras\/#primaryimage\",\"url\":\"https:\/\/aepetba.org.br\/v1\/wp-content\/uploads\/2023\/02\/Materia-Jean-Paul-Prates-indica-cinco-nomes-para-diretoria-da-Petrobras-petroleo-bahia-Aepet-ba.jpg\",\"contentUrl\":\"https:\/\/aepetba.org.br\/v1\/wp-content\/uploads\/2023\/02\/Materia-Jean-Paul-Prates-indica-cinco-nomes-para-diretoria-da-Petrobras-petroleo-bahia-Aepet-ba.jpg\",\"width\":1080,\"height\":945},{\"@type\":\"WebPage\",\"@id\":\"https:\/\/aepetba.org.br\/v1\/jean-paul-prates-indica-cinco-nomes-para-diretoria-da-petrobras\/\",\"url\":\"https:\/\/aepetba.org.br\/v1\/jean-paul-prates-indica-cinco-nomes-para-diretoria-da-petrobras\/\",\"name\":\"Jean Paul Prates indica cinco nomes para diretoria da Petrobr\u00e1s\",\"isPartOf\":{\"@id\":\"https:\/\/aepetba.org.br\/v1\/#website\"},\"primaryImageOfPage\":{\"@id\":\"https:\/\/aepetba.org.br\/v1\/jean-paul-prates-indica-cinco-nomes-para-diretoria-da-petrobras\/#primaryimage\"},\"datePublished\":\"2023-02-03T21:59:37+00:00\",\"dateModified\":\"2023-02-03T22:21:34+00:00\",\"description\":\"Conhe\u00e7a o perfil dos cinco primeiros nomes para o alto escal\u00e3o da Petrobr\u00e1s indicados por Prates, na quinta-feira (02\/02)\",\"breadcrumb\":{\"@id\":\"https:\/\/aepetba.org.br\/v1\/jean-paul-prates-indica-cinco-nomes-para-diretoria-da-petrobras\/#breadcrumb\"},\"inLanguage\":\"pt-BR\",\"potentialAction\":[{\"@type\":\"ReadAction\",\"target\":[\"https:\/\/aepetba.org.br\/v1\/jean-paul-prates-indica-cinco-nomes-para-diretoria-da-petrobras\/\"]}]},{\"@type\":\"BreadcrumbList\",\"@id\":\"https:\/\/aepetba.org.br\/v1\/jean-paul-prates-indica-cinco-nomes-para-diretoria-da-petrobras\/#breadcrumb\",\"itemListElement\":[{\"@type\":\"ListItem\",\"position\":1,\"name\":\"In\u00edcio\",\"item\":\"https:\/\/aepetba.org.br\/v1\/\"},{\"@type\":\"ListItem\",\"position\":2,\"name\":\"Jean Paul Prates indica cinco nomes para diretoria da Petrobr\u00e1s\"}]},{\"@type\":\"Article\",\"@id\":\"https:\/\/aepetba.org.br\/v1\/jean-paul-prates-indica-cinco-nomes-para-diretoria-da-petrobras\/#article\",\"isPartOf\":{\"@id\":\"https:\/\/aepetba.org.br\/v1\/jean-paul-prates-indica-cinco-nomes-para-diretoria-da-petrobras\/\"},\"author\":{\"name\":\"AEPETBA\",\"@id\":\"https:\/\/aepetba.org.br\/v1\/#\/schema\/person\/3504208f89f3f50e1526867ebb573b88\"},\"headline\":\"Jean Paul Prates indica cinco nomes para diretoria da Petrobr\u00e1s\",\"datePublished\":\"2023-02-03T21:59:37+00:00\",\"dateModified\":\"2023-02-03T22:21:34+00:00\",\"mainEntityOfPage\":{\"@id\":\"https:\/\/aepetba.org.br\/v1\/jean-paul-prates-indica-cinco-nomes-para-diretoria-da-petrobras\/\"},\"wordCount\":730,\"publisher\":{\"@id\":\"https:\/\/aepetba.org.br\/v1\/#organization\"},\"image\":{\"@id\":\"https:\/\/aepetba.org.br\/v1\/jean-paul-prates-indica-cinco-nomes-para-diretoria-da-petrobras\/#primaryimage\"},\"thumbnailUrl\":\"https:\/\/aepetba.org.br\/v1\/wp-content\/uploads\/2023\/02\/Materia-Jean-Paul-Prates-indica-cinco-nomes-para-diretoria-da-Petrobras-petroleo-bahia-Aepet-ba.jpg\",\"articleSection\":[\"Coluna do Associado\",\"Destaque\",\"Not\u00edcias\"],\"inLanguage\":\"pt-BR\"},{\"@type\":\"Person\",\"@id\":\"https:\/\/aepetba.org.br\/v1\/#\/schema\/person\/3504208f89f3f50e1526867ebb573b88\",\"name\":\"AEPETBA\",\"image\":{\"@type\":\"ImageObject\",\"inLanguage\":\"pt-BR\",\"@id\":\"https:\/\/aepetba.org.br\/v1\/#\/schema\/person\/image\/\",\"url\":\"https:\/\/secure.gravatar.com\/avatar\/3e6e1bf98c38137fc6b937d21e974714?s=96&d=mm&r=g\",\"contentUrl\":\"https:\/\/secure.gravatar.com\/avatar\/3e6e1bf98c38137fc6b937d21e974714?s=96&d=mm&r=g\",\"caption\":\"AEPETBA\"},\"sameAs\":[\"http:\/\/aepetba.org.br\/v1\"],\"url\":\"https:\/\/aepetba.org.br\/v1\/author\/lubconsultoria\/\"}]}<\/script>\n<!-- \/ Yoast SEO plugin. -->","yoast_head_json":{"title":"Jean Paul Prates indica cinco nomes para diretoria da Petrobr\u00e1s","description":"Conhe\u00e7a o perfil dos cinco primeiros nomes para o alto escal\u00e3o da Petrobr\u00e1s indicados por Prates, na quinta-feira (02\/02)","robots":{"index":"index","follow":"follow","max-snippet":"max-snippet:-1","max-image-preview":"max-image-preview:large","max-video-preview":"max-video-preview:-1"},"canonical":"https:\/\/aepetba.org.br\/v1\/jean-paul-prates-indica-cinco-nomes-para-diretoria-da-petrobras\/","og_locale":"pt_BR","og_type":"article","og_title":"Jean Paul Prates indica cinco nomes para diretoria da Petrobr\u00e1s","og_description":"Conhe\u00e7a o perfil dos cinco primeiros nomes para o alto escal\u00e3o da Petrobr\u00e1s indicados por Prates, na quinta-feira (02\/02)","og_url":"https:\/\/aepetba.org.br\/v1\/jean-paul-prates-indica-cinco-nomes-para-diretoria-da-petrobras\/","og_site_name":"AEPET N\u00daCLEO BAHIA","article_publisher":"https:\/\/web.facebook.com\/aepetba","article_published_time":"2023-02-03T21:59:37+00:00","article_modified_time":"2023-02-03T22:21:34+00:00","og_image":[{"width":1080,"height":945,"url":"https:\/\/aepetba.org.br\/v1\/wp-content\/uploads\/2023\/02\/Materia-Jean-Paul-Prates-indica-cinco-nomes-para-diretoria-da-Petrobras-petroleo-bahia-Aepet-ba.jpg","type":"image\/jpeg"}],"author":"AEPETBA","twitter_card":"summary_large_image","twitter_creator":"@aepetbahia","twitter_site":"@aepetbahia","twitter_misc":{"Escrito por":"AEPETBA","Est. tempo de leitura":"4 minutos"},"schema":{"@context":"https:\/\/schema.org","@graph":[{"@type":"Organization","@id":"https:\/\/aepetba.org.br\/v1\/#organization","name":"AEPET N\u00facleo Bahia","url":"https:\/\/aepetba.org.br\/v1\/","sameAs":["https:\/\/www.instagram.com\/aepetbahia\/","https:\/\/www.youtube.com\/c\/AEPETBAHIA","https:\/\/web.facebook.com\/aepetba","https:\/\/twitter.com\/aepetbahia"],"logo":{"@type":"ImageObject","inLanguage":"pt-BR","@id":"https:\/\/aepetba.org.br\/v1\/#\/schema\/logo\/image\/","url":"https:\/\/aepetba.org.br\/v1\/wp-content\/uploads\/revslider\/home\/logo-AEPETBA.png","contentUrl":"https:\/\/aepetba.org.br\/v1\/wp-content\/uploads\/revslider\/home\/logo-AEPETBA.png","width":297,"height":86,"caption":"AEPET N\u00facleo Bahia"},"image":{"@id":"https:\/\/aepetba.org.br\/v1\/#\/schema\/logo\/image\/"}},{"@type":"WebSite","@id":"https:\/\/aepetba.org.br\/v1\/#website","url":"https:\/\/aepetba.org.br\/v1\/","name":"AEPET N\u00daCLEO BAHIA","description":"Associa\u00e7\u00e3o dos Engenheiros da Petrobr\u00e1s N\u00facleo Bahia Petr\u00f3leo Bahia Salvador Nordeste ","publisher":{"@id":"https:\/\/aepetba.org.br\/v1\/#organization"},"potentialAction":[{"@type":"SearchAction","target":{"@type":"EntryPoint","urlTemplate":"https:\/\/aepetba.org.br\/v1\/?s={search_term_string}"},"query-input":"required name=search_term_string"}],"inLanguage":"pt-BR"},{"@type":"ImageObject","inLanguage":"pt-BR","@id":"https:\/\/aepetba.org.br\/v1\/jean-paul-prates-indica-cinco-nomes-para-diretoria-da-petrobras\/#primaryimage","url":"https:\/\/aepetba.org.br\/v1\/wp-content\/uploads\/2023\/02\/Materia-Jean-Paul-Prates-indica-cinco-nomes-para-diretoria-da-Petrobras-petroleo-bahia-Aepet-ba.jpg","contentUrl":"https:\/\/aepetba.org.br\/v1\/wp-content\/uploads\/2023\/02\/Materia-Jean-Paul-Prates-indica-cinco-nomes-para-diretoria-da-Petrobras-petroleo-bahia-Aepet-ba.jpg","width":1080,"height":945},{"@type":"WebPage","@id":"https:\/\/aepetba.org.br\/v1\/jean-paul-prates-indica-cinco-nomes-para-diretoria-da-petrobras\/","url":"https:\/\/aepetba.org.br\/v1\/jean-paul-prates-indica-cinco-nomes-para-diretoria-da-petrobras\/","name":"Jean Paul Prates indica cinco nomes para diretoria da Petrobr\u00e1s","isPartOf":{"@id":"https:\/\/aepetba.org.br\/v1\/#website"},"primaryImageOfPage":{"@id":"https:\/\/aepetba.org.br\/v1\/jean-paul-prates-indica-cinco-nomes-para-diretoria-da-petrobras\/#primaryimage"},"datePublished":"2023-02-03T21:59:37+00:00","dateModified":"2023-02-03T22:21:34+00:00","description":"Conhe\u00e7a o perfil dos cinco primeiros nomes para o alto escal\u00e3o da Petrobr\u00e1s indicados por Prates, na quinta-feira (02\/02)","breadcrumb":{"@id":"https:\/\/aepetba.org.br\/v1\/jean-paul-prates-indica-cinco-nomes-para-diretoria-da-petrobras\/#breadcrumb"},"inLanguage":"pt-BR","potentialAction":[{"@type":"ReadAction","target":["https:\/\/aepetba.org.br\/v1\/jean-paul-prates-indica-cinco-nomes-para-diretoria-da-petrobras\/"]}]},{"@type":"BreadcrumbList","@id":"https:\/\/aepetba.org.br\/v1\/jean-paul-prates-indica-cinco-nomes-para-diretoria-da-petrobras\/#breadcrumb","itemListElement":[{"@type":"ListItem","position":1,"name":"In\u00edcio","item":"https:\/\/aepetba.org.br\/v1\/"},{"@type":"ListItem","position":2,"name":"Jean Paul Prates indica cinco nomes para diretoria da Petrobr\u00e1s"}]},{"@type":"Article","@id":"https:\/\/aepetba.org.br\/v1\/jean-paul-prates-indica-cinco-nomes-para-diretoria-da-petrobras\/#article","isPartOf":{"@id":"https:\/\/aepetba.org.br\/v1\/jean-paul-prates-indica-cinco-nomes-para-diretoria-da-petrobras\/"},"author":{"name":"AEPETBA","@id":"https:\/\/aepetba.org.br\/v1\/#\/schema\/person\/3504208f89f3f50e1526867ebb573b88"},"headline":"Jean Paul Prates indica cinco nomes para diretoria da Petrobr\u00e1s","datePublished":"2023-02-03T21:59:37+00:00","dateModified":"2023-02-03T22:21:34+00:00","mainEntityOfPage":{"@id":"https:\/\/aepetba.org.br\/v1\/jean-paul-prates-indica-cinco-nomes-para-diretoria-da-petrobras\/"},"wordCount":730,"publisher":{"@id":"https:\/\/aepetba.org.br\/v1\/#organization"},"image":{"@id":"https:\/\/aepetba.org.br\/v1\/jean-paul-prates-indica-cinco-nomes-para-diretoria-da-petrobras\/#primaryimage"},"thumbnailUrl":"https:\/\/aepetba.org.br\/v1\/wp-content\/uploads\/2023\/02\/Materia-Jean-Paul-Prates-indica-cinco-nomes-para-diretoria-da-Petrobras-petroleo-bahia-Aepet-ba.jpg","articleSection":["Coluna do Associado","Destaque","Not\u00edcias"],"inLanguage":"pt-BR"},{"@type":"Person","@id":"https:\/\/aepetba.org.br\/v1\/#\/schema\/person\/3504208f89f3f50e1526867ebb573b88","name":"AEPETBA","image":{"@type":"ImageObject","inLanguage":"pt-BR","@id":"https:\/\/aepetba.org.br\/v1\/#\/schema\/person\/image\/","url":"https:\/\/secure.gravatar.com\/avatar\/3e6e1bf98c38137fc6b937d21e974714?s=96&d=mm&r=g","contentUrl":"https:\/\/secure.gravatar.com\/avatar\/3e6e1bf98c38137fc6b937d21e974714?s=96&d=mm&r=g","caption":"AEPETBA"},"sameAs":["http:\/\/aepetba.org.br\/v1"],"url":"https:\/\/aepetba.org.br\/v1\/author\/lubconsultoria\/"}]}},"_links":{"self":[{"href":"https:\/\/aepetba.org.br\/v1\/wp-json\/wp\/v2\/posts\/39771"}],"collection":[{"href":"https:\/\/aepetba.org.br\/v1\/wp-json\/wp\/v2\/posts"}],"about":[{"href":"https:\/\/aepetba.org.br\/v1\/wp-json\/wp\/v2\/types\/post"}],"author":[{"embeddable":true,"href":"https:\/\/aepetba.org.br\/v1\/wp-json\/wp\/v2\/users\/1"}],"replies":[{"embeddable":true,"href":"https:\/\/aepetba.org.br\/v1\/wp-json\/wp\/v2\/comments?post=39771"}],"version-history":[{"count":4,"href":"https:\/\/aepetba.org.br\/v1\/wp-json\/wp\/v2\/posts\/39771\/revisions"}],"predecessor-version":[{"id":39777,"href":"https:\/\/aepetba.org.br\/v1\/wp-json\/wp\/v2\/posts\/39771\/revisions\/39777"}],"wp:featuredmedia":[{"embeddable":true,"href":"https:\/\/aepetba.org.br\/v1\/wp-json\/wp\/v2\/media\/39772"}],"wp:attachment":[{"href":"https:\/\/aepetba.org.br\/v1\/wp-json\/wp\/v2\/media?parent=39771"}],"wp:term":[{"taxonomy":"category","embeddable":true,"href":"https:\/\/aepetba.org.br\/v1\/wp-json\/wp\/v2\/categories?post=39771"},{"taxonomy":"post_tag","embeddable":true,"href":"https:\/\/aepetba.org.br\/v1\/wp-json\/wp\/v2\/tags?post=39771"}],"curies":[{"name":"wp","href":"https:\/\/api.w.org\/{rel}","templated":true}]}}