{"id":39785,"date":"2023-02-07T09:37:50","date_gmt":"2023-02-07T12:37:50","guid":{"rendered":"https:\/\/aepetba.org.br\/v1\/?p=39785"},"modified":"2023-02-07T09:43:39","modified_gmt":"2023-02-07T12:43:39","slug":"contribua-com-a-mobilizacao-dos-petroleiros-na-bahia-e-participe-do-18o-bate-papo","status":"publish","type":"post","link":"https:\/\/aepetba.org.br\/v1\/contribua-com-a-mobilizacao-dos-petroleiros-na-bahia-e-participe-do-18o-bate-papo\/","title":{"rendered":"Contribua com a mobiliza\u00e7\u00e3o dos petroleiros na Bahia e participe do 18\u00ba bate-papo"},"content":{"rendered":"<!--[if lt IE 9]><script>document.createElement('audio');<\/script><![endif]-->\n<audio class=\"wp-audio-shortcode\" id=\"audio-39785-1\" preload=\"none\" style=\"width: 100%;\" controls=\"controls\"><source type=\"audio\/ogg\" src=\"https:\/\/aepetba.org.br\/v1\/wp-content\/uploads\/2023\/02\/18-bate-papo-com-os-petroleiros.ogg?_=1\" \/><a href=\"https:\/\/aepetba.org.br\/v1\/wp-content\/uploads\/2023\/02\/18-bate-papo-com-os-petroleiros.ogg\">https:\/\/aepetba.org.br\/v1\/wp-content\/uploads\/2023\/02\/18-bate-papo-com-os-petroleiros.ogg<\/a><\/audio>\n<p>&nbsp;<\/p>\n<p>Dando prosseguimento ao processo de mobiliza\u00e7\u00e3o dos trabalhadores petroleiros, a AEPET-BA convoca os empregados do Conjunto Pituba e da Refinaria Landulpho Alves (RLAM) para participar do 18\u00ba bate-papo na quarta-feira (08\/02), \u00e0s 19h. O encontro ser\u00e1 online pela plataforma Zoom e o link ser\u00e1 distribu\u00eddo horas antes da reuni\u00e3o.<\/p>\n<p>Ap\u00f3s os debates entre os dias 31 de janeiro e 02 de fevereiro, de forma presencial, no coworking instalado no Edif\u00edcio Suarez Trade, na Av. Tancredo Neves, em Salvador, com os trabalhadores do Conjunto Pituba e da RLAM, a entidade recebeu mais demandas.<\/p>\n<p>Por isso, foi necess\u00e1rio marcar uma nova reuni\u00e3o para ampliar a discuss\u00e3o com mais petroleiros, que se encontram em processo de transfer\u00eancia, ou n\u00e3o, e que est\u00e3o trabalhando em unidades na Bahia ou em outros estados do pa\u00eds.<\/p>\n<p>Os petroleiros baianos j\u00e1 t\u00eam uma pauta de reivindica\u00e7\u00f5es (veja mais abaixo) que foi encaminhada ao presidente da Petrobr\u00e1s, Jean Paul Prates, para as federa\u00e7\u00f5es de petroleiros (FNP e FUP) e para o RH da empresa, na segunda-feira (06\/02).<\/p>\n<p>Participe e contribua no processo de mobiliza\u00e7\u00e3o. A categoria decidiu, ainda, realizar uma caminhada, na ter\u00e7a-feira 14 de fevereiro, \u00e0s 15h, desde o Edif\u00edcio Suarez Trade at\u00e9 o Conjunto Pituba, no Itaigara.<\/p>\n<p>&nbsp;<\/p>\n<p><strong>As reivindica\u00e7\u00f5es dos empregados s\u00e3o:<\/strong><\/p>\n<p>1) Suspens\u00e3o das transfer\u00eancias notadamente dos empregados e empregadas do administrativo lotados na Bahia e dos empregados administrativos e operacionais da RLAM;<\/p>\n<p>2) Retorno facultativo de todos os empregados (as) lotados na Torre Pituba a partir da data de 01\/10\/2019 e transferidos indevidamente pelos gerentes. Na ocasi\u00e3o, a Petrobr\u00e1s foi acusada pelo Minist\u00e9rio P\u00fablico do Trabalho da Bahia (MPT-BA) de pr\u00e1tica de ass\u00e9dio moral organizacional;<\/p>\n<p>3) Enquanto n\u00e3o for poss\u00edvel o retorno dos empregados (as) as suas bases de origem que a eles seja permitido se apresentarem na instala\u00e7\u00e3o da Petrobr\u00e1s mais pr\u00f3xima de sua resid\u00eancia;<\/p>\n<p>4) Suspens\u00e3o das reavalia\u00e7\u00f5es dos empregados em situa\u00e7\u00e3o de excepcionalidade, prevista para o in\u00edcio de mar\u00e7o, at\u00e9 que seja reformulada a gest\u00e3o da Petrobr\u00e1s;<\/p>\n<p>5) Transfer\u00eancia de todos os empregados da \u00e1rea operacional da RLAM, inclusive os que foram transferidos para outras refinarias em raz\u00e3o venda da RLAM, para o Polo Bahia Terra, facultando aos empregados e empregadas do administrativo optarem pelo Polo Bahia Terra ou pela Conjunto Pituba.<\/p>\n<p>6) Reabertura imediata da sede da Petrobras na Bahia na Torre Pituba com a devida transfer\u00eancia dos empregados e empregadas que, neste momento, desempenham atividades laborais no coworking, no Edif\u00edcio Suarez Trade, em Salvador.<\/p>\n<p>7) Manter ou corrigir os pagamentos dos Adicionais Provis\u00f3rios de Transfer\u00eancias (APT) de acordo com Regulamento Interno PE \u2013 1PBR-00075 Vers\u00e3o I.<\/p>\n<p>8) Conhecer as den\u00fancias da AEPET-BA junto ao MPT-BA no PROCEDIMENTO ACOMPANHAMENTO JUDICIAL(P.A.J.) n\u00ba 002331.2019.05.000\/6 relacionadas ao processo de ass\u00e9dio moral aos empregados da Torre Pituba.<\/p>\n<p>&nbsp;<\/p>\n<p><em><strong>Petroleiro participe do 18\u00ba bate-papo!<\/strong><\/em><\/p>\n<p><em><strong>#TorrePitubaResiste<\/strong><\/em><\/p>\n","protected":false},"excerpt":{"rendered":"<p>&nbsp; Dando prosseguimento ao processo de mobiliza\u00e7\u00e3o dos trabalhadores petroleiros, a AEPET-BA convoca os empregados do Conjunto Pituba e da Refinaria Landulpho Alves (RLAM) para participar do 18\u00ba bate-papo na quarta-feira (08\/02), \u00e0s 19h. O encontro ser\u00e1 online pela plataforma&#8230;<\/p>\n","protected":false},"author":1,"featured_media":39786,"comment_status":"closed","ping_status":"closed","sticky":false,"template":"","format":"standard","meta":[],"categories":[5,87,10],"tags":[347],"yoast_head":"<!-- This site is optimized with the Yoast SEO plugin v19.3 - https:\/\/yoast.com\/wordpress\/plugins\/seo\/ -->\n<title>Contribua com a mobiliza\u00e7\u00e3o dos petroleiros na Bahia e participe do 18\u00ba bate-papo<\/title>\n<meta name=\"description\" content=\"Conhe\u00e7a as reivindica\u00e7\u00f5es dos petroleiros baianos encaminhadas ao presidente da Petrobr\u00e1s, Jean Paul Prates; AEPET-BA convoca os trabalhadores para o 18\u00ba bate-papo\" \/>\n<meta name=\"robots\" content=\"index, follow, max-snippet:-1, max-image-preview:large, max-video-preview:-1\" \/>\n<link rel=\"canonical\" href=\"https:\/\/aepetba.org.br\/v1\/contribua-com-a-mobilizacao-dos-petroleiros-na-bahia-e-participe-do-18o-bate-papo\/\" \/>\n<meta property=\"og:locale\" content=\"pt_BR\" \/>\n<meta property=\"og:type\" content=\"article\" \/>\n<meta property=\"og:title\" content=\"Contribua com a mobiliza\u00e7\u00e3o dos petroleiros na Bahia e participe do 18\u00ba bate-papo\" \/>\n<meta property=\"og:description\" content=\"Conhe\u00e7a as reivindica\u00e7\u00f5es dos petroleiros baianos encaminhadas ao presidente da Petrobr\u00e1s, Jean Paul Prates; AEPET-BA convoca os trabalhadores para o 18\u00ba bate-papo\" \/>\n<meta property=\"og:url\" content=\"https:\/\/aepetba.org.br\/v1\/contribua-com-a-mobilizacao-dos-petroleiros-na-bahia-e-participe-do-18o-bate-papo\/\" \/>\n<meta property=\"og:site_name\" content=\"AEPET N\u00daCLEO BAHIA\" \/>\n<meta property=\"article:publisher\" content=\"https:\/\/web.facebook.com\/aepetba\" \/>\n<meta property=\"article:published_time\" content=\"2023-02-07T12:37:50+00:00\" \/>\n<meta property=\"article:modified_time\" content=\"2023-02-07T12:43:39+00:00\" \/>\n<meta property=\"og:image\" content=\"https:\/\/aepetba.org.br\/v1\/wp-content\/uploads\/2023\/02\/BATE-PAPO-VIRTUAL-PETROLEIROS-Aepet-ba.jpg\" \/>\n\t<meta property=\"og:image:width\" content=\"1080\" \/>\n\t<meta property=\"og:image:height\" content=\"1080\" \/>\n\t<meta property=\"og:image:type\" content=\"image\/jpeg\" \/>\n<meta name=\"author\" content=\"AEPETBA\" \/>\n<meta name=\"twitter:card\" content=\"summary_large_image\" \/>\n<meta name=\"twitter:creator\" content=\"@aepetbahia\" \/>\n<meta name=\"twitter:site\" content=\"@aepetbahia\" \/>\n<meta name=\"twitter:label1\" content=\"Escrito por\" \/>\n\t<meta name=\"twitter:data1\" content=\"AEPETBA\" \/>\n\t<meta name=\"twitter:label2\" content=\"Est. tempo de leitura\" \/>\n\t<meta name=\"twitter:data2\" content=\"3 minutos\" \/>\n<script type=\"application\/ld+json\" class=\"yoast-schema-graph\">{\"@context\":\"https:\/\/schema.org\",\"@graph\":[{\"@type\":\"Organization\",\"@id\":\"https:\/\/aepetba.org.br\/v1\/#organization\",\"name\":\"AEPET N\u00facleo Bahia\",\"url\":\"https:\/\/aepetba.org.br\/v1\/\",\"sameAs\":[\"https:\/\/www.instagram.com\/aepetbahia\/\",\"https:\/\/www.youtube.com\/c\/AEPETBAHIA\",\"https:\/\/web.facebook.com\/aepetba\",\"https:\/\/twitter.com\/aepetbahia\"],\"logo\":{\"@type\":\"ImageObject\",\"inLanguage\":\"pt-BR\",\"@id\":\"https:\/\/aepetba.org.br\/v1\/#\/schema\/logo\/image\/\",\"url\":\"https:\/\/aepetba.org.br\/v1\/wp-content\/uploads\/revslider\/home\/logo-AEPETBA.png\",\"contentUrl\":\"https:\/\/aepetba.org.br\/v1\/wp-content\/uploads\/revslider\/home\/logo-AEPETBA.png\",\"width\":297,\"height\":86,\"caption\":\"AEPET N\u00facleo Bahia\"},\"image\":{\"@id\":\"https:\/\/aepetba.org.br\/v1\/#\/schema\/logo\/image\/\"}},{\"@type\":\"WebSite\",\"@id\":\"https:\/\/aepetba.org.br\/v1\/#website\",\"url\":\"https:\/\/aepetba.org.br\/v1\/\",\"name\":\"AEPET N\u00daCLEO BAHIA\",\"description\":\"Associa\u00e7\u00e3o dos Engenheiros da Petrobr\u00e1s N\u00facleo Bahia Petr\u00f3leo Bahia Salvador Nordeste \",\"publisher\":{\"@id\":\"https:\/\/aepetba.org.br\/v1\/#organization\"},\"potentialAction\":[{\"@type\":\"SearchAction\",\"target\":{\"@type\":\"EntryPoint\",\"urlTemplate\":\"https:\/\/aepetba.org.br\/v1\/?s={search_term_string}\"},\"query-input\":\"required name=search_term_string\"}],\"inLanguage\":\"pt-BR\"},{\"@type\":\"ImageObject\",\"inLanguage\":\"pt-BR\",\"@id\":\"https:\/\/aepetba.org.br\/v1\/contribua-com-a-mobilizacao-dos-petroleiros-na-bahia-e-participe-do-18o-bate-papo\/#primaryimage\",\"url\":\"https:\/\/aepetba.org.br\/v1\/wp-content\/uploads\/2023\/02\/BATE-PAPO-VIRTUAL-PETROLEIROS-Aepet-ba.jpg\",\"contentUrl\":\"https:\/\/aepetba.org.br\/v1\/wp-content\/uploads\/2023\/02\/BATE-PAPO-VIRTUAL-PETROLEIROS-Aepet-ba.jpg\",\"width\":1080,\"height\":1080},{\"@type\":\"WebPage\",\"@id\":\"https:\/\/aepetba.org.br\/v1\/contribua-com-a-mobilizacao-dos-petroleiros-na-bahia-e-participe-do-18o-bate-papo\/\",\"url\":\"https:\/\/aepetba.org.br\/v1\/contribua-com-a-mobilizacao-dos-petroleiros-na-bahia-e-participe-do-18o-bate-papo\/\",\"name\":\"Contribua com a mobiliza\u00e7\u00e3o dos petroleiros na Bahia e participe do 18\u00ba bate-papo\",\"isPartOf\":{\"@id\":\"https:\/\/aepetba.org.br\/v1\/#website\"},\"primaryImageOfPage\":{\"@id\":\"https:\/\/aepetba.org.br\/v1\/contribua-com-a-mobilizacao-dos-petroleiros-na-bahia-e-participe-do-18o-bate-papo\/#primaryimage\"},\"datePublished\":\"2023-02-07T12:37:50+00:00\",\"dateModified\":\"2023-02-07T12:43:39+00:00\",\"description\":\"Conhe\u00e7a as reivindica\u00e7\u00f5es dos petroleiros baianos encaminhadas ao presidente da Petrobr\u00e1s, Jean Paul Prates; AEPET-BA convoca os trabalhadores para o 18\u00ba bate-papo\",\"breadcrumb\":{\"@id\":\"https:\/\/aepetba.org.br\/v1\/contribua-com-a-mobilizacao-dos-petroleiros-na-bahia-e-participe-do-18o-bate-papo\/#breadcrumb\"},\"inLanguage\":\"pt-BR\",\"potentialAction\":[{\"@type\":\"ReadAction\",\"target\":[\"https:\/\/aepetba.org.br\/v1\/contribua-com-a-mobilizacao-dos-petroleiros-na-bahia-e-participe-do-18o-bate-papo\/\"]}]},{\"@type\":\"BreadcrumbList\",\"@id\":\"https:\/\/aepetba.org.br\/v1\/contribua-com-a-mobilizacao-dos-petroleiros-na-bahia-e-participe-do-18o-bate-papo\/#breadcrumb\",\"itemListElement\":[{\"@type\":\"ListItem\",\"position\":1,\"name\":\"In\u00edcio\",\"item\":\"https:\/\/aepetba.org.br\/v1\/\"},{\"@type\":\"ListItem\",\"position\":2,\"name\":\"Contribua com a mobiliza\u00e7\u00e3o dos petroleiros na Bahia e participe do 18\u00ba bate-papo\"}]},{\"@type\":\"Article\",\"@id\":\"https:\/\/aepetba.org.br\/v1\/contribua-com-a-mobilizacao-dos-petroleiros-na-bahia-e-participe-do-18o-bate-papo\/#article\",\"isPartOf\":{\"@id\":\"https:\/\/aepetba.org.br\/v1\/contribua-com-a-mobilizacao-dos-petroleiros-na-bahia-e-participe-do-18o-bate-papo\/\"},\"author\":{\"name\":\"AEPETBA\",\"@id\":\"https:\/\/aepetba.org.br\/v1\/#\/schema\/person\/3504208f89f3f50e1526867ebb573b88\"},\"headline\":\"Contribua com a mobiliza\u00e7\u00e3o dos petroleiros na Bahia e participe do 18\u00ba bate-papo\",\"datePublished\":\"2023-02-07T12:37:50+00:00\",\"dateModified\":\"2023-02-07T12:43:39+00:00\",\"mainEntityOfPage\":{\"@id\":\"https:\/\/aepetba.org.br\/v1\/contribua-com-a-mobilizacao-dos-petroleiros-na-bahia-e-participe-do-18o-bate-papo\/\"},\"wordCount\":523,\"publisher\":{\"@id\":\"https:\/\/aepetba.org.br\/v1\/#organization\"},\"image\":{\"@id\":\"https:\/\/aepetba.org.br\/v1\/contribua-com-a-mobilizacao-dos-petroleiros-na-bahia-e-participe-do-18o-bate-papo\/#primaryimage\"},\"thumbnailUrl\":\"https:\/\/aepetba.org.br\/v1\/wp-content\/uploads\/2023\/02\/BATE-PAPO-VIRTUAL-PETROLEIROS-Aepet-ba.jpg\",\"keywords\":[\"#TorrePitubaResiste\"],\"articleSection\":[\"Coluna do Associado\",\"Destaque\",\"Not\u00edcias\"],\"inLanguage\":\"pt-BR\"},{\"@type\":\"Person\",\"@id\":\"https:\/\/aepetba.org.br\/v1\/#\/schema\/person\/3504208f89f3f50e1526867ebb573b88\",\"name\":\"AEPETBA\",\"image\":{\"@type\":\"ImageObject\",\"inLanguage\":\"pt-BR\",\"@id\":\"https:\/\/aepetba.org.br\/v1\/#\/schema\/person\/image\/\",\"url\":\"https:\/\/secure.gravatar.com\/avatar\/3e6e1bf98c38137fc6b937d21e974714?s=96&d=mm&r=g\",\"contentUrl\":\"https:\/\/secure.gravatar.com\/avatar\/3e6e1bf98c38137fc6b937d21e974714?s=96&d=mm&r=g\",\"caption\":\"AEPETBA\"},\"sameAs\":[\"http:\/\/aepetba.org.br\/v1\"],\"url\":\"https:\/\/aepetba.org.br\/v1\/author\/lubconsultoria\/\"}]}<\/script>\n<!-- \/ Yoast SEO plugin. -->","yoast_head_json":{"title":"Contribua com a mobiliza\u00e7\u00e3o dos petroleiros na Bahia e participe do 18\u00ba bate-papo","description":"Conhe\u00e7a as reivindica\u00e7\u00f5es dos petroleiros baianos encaminhadas ao presidente da Petrobr\u00e1s, Jean Paul Prates; AEPET-BA convoca os trabalhadores para o 18\u00ba bate-papo","robots":{"index":"index","follow":"follow","max-snippet":"max-snippet:-1","max-image-preview":"max-image-preview:large","max-video-preview":"max-video-preview:-1"},"canonical":"https:\/\/aepetba.org.br\/v1\/contribua-com-a-mobilizacao-dos-petroleiros-na-bahia-e-participe-do-18o-bate-papo\/","og_locale":"pt_BR","og_type":"article","og_title":"Contribua com a mobiliza\u00e7\u00e3o dos petroleiros na Bahia e participe do 18\u00ba bate-papo","og_description":"Conhe\u00e7a as reivindica\u00e7\u00f5es dos petroleiros baianos encaminhadas ao presidente da Petrobr\u00e1s, Jean Paul Prates; AEPET-BA convoca os trabalhadores para o 18\u00ba bate-papo","og_url":"https:\/\/aepetba.org.br\/v1\/contribua-com-a-mobilizacao-dos-petroleiros-na-bahia-e-participe-do-18o-bate-papo\/","og_site_name":"AEPET N\u00daCLEO BAHIA","article_publisher":"https:\/\/web.facebook.com\/aepetba","article_published_time":"2023-02-07T12:37:50+00:00","article_modified_time":"2023-02-07T12:43:39+00:00","og_image":[{"width":1080,"height":1080,"url":"https:\/\/aepetba.org.br\/v1\/wp-content\/uploads\/2023\/02\/BATE-PAPO-VIRTUAL-PETROLEIROS-Aepet-ba.jpg","type":"image\/jpeg"}],"author":"AEPETBA","twitter_card":"summary_large_image","twitter_creator":"@aepetbahia","twitter_site":"@aepetbahia","twitter_misc":{"Escrito por":"AEPETBA","Est. tempo de leitura":"3 minutos"},"schema":{"@context":"https:\/\/schema.org","@graph":[{"@type":"Organization","@id":"https:\/\/aepetba.org.br\/v1\/#organization","name":"AEPET N\u00facleo Bahia","url":"https:\/\/aepetba.org.br\/v1\/","sameAs":["https:\/\/www.instagram.com\/aepetbahia\/","https:\/\/www.youtube.com\/c\/AEPETBAHIA","https:\/\/web.facebook.com\/aepetba","https:\/\/twitter.com\/aepetbahia"],"logo":{"@type":"ImageObject","inLanguage":"pt-BR","@id":"https:\/\/aepetba.org.br\/v1\/#\/schema\/logo\/image\/","url":"https:\/\/aepetba.org.br\/v1\/wp-content\/uploads\/revslider\/home\/logo-AEPETBA.png","contentUrl":"https:\/\/aepetba.org.br\/v1\/wp-content\/uploads\/revslider\/home\/logo-AEPETBA.png","width":297,"height":86,"caption":"AEPET N\u00facleo Bahia"},"image":{"@id":"https:\/\/aepetba.org.br\/v1\/#\/schema\/logo\/image\/"}},{"@type":"WebSite","@id":"https:\/\/aepetba.org.br\/v1\/#website","url":"https:\/\/aepetba.org.br\/v1\/","name":"AEPET N\u00daCLEO BAHIA","description":"Associa\u00e7\u00e3o dos Engenheiros da Petrobr\u00e1s N\u00facleo Bahia Petr\u00f3leo Bahia Salvador Nordeste ","publisher":{"@id":"https:\/\/aepetba.org.br\/v1\/#organization"},"potentialAction":[{"@type":"SearchAction","target":{"@type":"EntryPoint","urlTemplate":"https:\/\/aepetba.org.br\/v1\/?s={search_term_string}"},"query-input":"required name=search_term_string"}],"inLanguage":"pt-BR"},{"@type":"ImageObject","inLanguage":"pt-BR","@id":"https:\/\/aepetba.org.br\/v1\/contribua-com-a-mobilizacao-dos-petroleiros-na-bahia-e-participe-do-18o-bate-papo\/#primaryimage","url":"https:\/\/aepetba.org.br\/v1\/wp-content\/uploads\/2023\/02\/BATE-PAPO-VIRTUAL-PETROLEIROS-Aepet-ba.jpg","contentUrl":"https:\/\/aepetba.org.br\/v1\/wp-content\/uploads\/2023\/02\/BATE-PAPO-VIRTUAL-PETROLEIROS-Aepet-ba.jpg","width":1080,"height":1080},{"@type":"WebPage","@id":"https:\/\/aepetba.org.br\/v1\/contribua-com-a-mobilizacao-dos-petroleiros-na-bahia-e-participe-do-18o-bate-papo\/","url":"https:\/\/aepetba.org.br\/v1\/contribua-com-a-mobilizacao-dos-petroleiros-na-bahia-e-participe-do-18o-bate-papo\/","name":"Contribua com a mobiliza\u00e7\u00e3o dos petroleiros na Bahia e participe do 18\u00ba bate-papo","isPartOf":{"@id":"https:\/\/aepetba.org.br\/v1\/#website"},"primaryImageOfPage":{"@id":"https:\/\/aepetba.org.br\/v1\/contribua-com-a-mobilizacao-dos-petroleiros-na-bahia-e-participe-do-18o-bate-papo\/#primaryimage"},"datePublished":"2023-02-07T12:37:50+00:00","dateModified":"2023-02-07T12:43:39+00:00","description":"Conhe\u00e7a as reivindica\u00e7\u00f5es dos petroleiros baianos encaminhadas ao presidente da Petrobr\u00e1s, Jean Paul Prates; AEPET-BA convoca os trabalhadores para o 18\u00ba bate-papo","breadcrumb":{"@id":"https:\/\/aepetba.org.br\/v1\/contribua-com-a-mobilizacao-dos-petroleiros-na-bahia-e-participe-do-18o-bate-papo\/#breadcrumb"},"inLanguage":"pt-BR","potentialAction":[{"@type":"ReadAction","target":["https:\/\/aepetba.org.br\/v1\/contribua-com-a-mobilizacao-dos-petroleiros-na-bahia-e-participe-do-18o-bate-papo\/"]}]},{"@type":"BreadcrumbList","@id":"https:\/\/aepetba.org.br\/v1\/contribua-com-a-mobilizacao-dos-petroleiros-na-bahia-e-participe-do-18o-bate-papo\/#breadcrumb","itemListElement":[{"@type":"ListItem","position":1,"name":"In\u00edcio","item":"https:\/\/aepetba.org.br\/v1\/"},{"@type":"ListItem","position":2,"name":"Contribua com a mobiliza\u00e7\u00e3o dos petroleiros na Bahia e participe do 18\u00ba bate-papo"}]},{"@type":"Article","@id":"https:\/\/aepetba.org.br\/v1\/contribua-com-a-mobilizacao-dos-petroleiros-na-bahia-e-participe-do-18o-bate-papo\/#article","isPartOf":{"@id":"https:\/\/aepetba.org.br\/v1\/contribua-com-a-mobilizacao-dos-petroleiros-na-bahia-e-participe-do-18o-bate-papo\/"},"author":{"name":"AEPETBA","@id":"https:\/\/aepetba.org.br\/v1\/#\/schema\/person\/3504208f89f3f50e1526867ebb573b88"},"headline":"Contribua com a mobiliza\u00e7\u00e3o dos petroleiros na Bahia e participe do 18\u00ba bate-papo","datePublished":"2023-02-07T12:37:50+00:00","dateModified":"2023-02-07T12:43:39+00:00","mainEntityOfPage":{"@id":"https:\/\/aepetba.org.br\/v1\/contribua-com-a-mobilizacao-dos-petroleiros-na-bahia-e-participe-do-18o-bate-papo\/"},"wordCount":523,"publisher":{"@id":"https:\/\/aepetba.org.br\/v1\/#organization"},"image":{"@id":"https:\/\/aepetba.org.br\/v1\/contribua-com-a-mobilizacao-dos-petroleiros-na-bahia-e-participe-do-18o-bate-papo\/#primaryimage"},"thumbnailUrl":"https:\/\/aepetba.org.br\/v1\/wp-content\/uploads\/2023\/02\/BATE-PAPO-VIRTUAL-PETROLEIROS-Aepet-ba.jpg","keywords":["#TorrePitubaResiste"],"articleSection":["Coluna do Associado","Destaque","Not\u00edcias"],"inLanguage":"pt-BR"},{"@type":"Person","@id":"https:\/\/aepetba.org.br\/v1\/#\/schema\/person\/3504208f89f3f50e1526867ebb573b88","name":"AEPETBA","image":{"@type":"ImageObject","inLanguage":"pt-BR","@id":"https:\/\/aepetba.org.br\/v1\/#\/schema\/person\/image\/","url":"https:\/\/secure.gravatar.com\/avatar\/3e6e1bf98c38137fc6b937d21e974714?s=96&d=mm&r=g","contentUrl":"https:\/\/secure.gravatar.com\/avatar\/3e6e1bf98c38137fc6b937d21e974714?s=96&d=mm&r=g","caption":"AEPETBA"},"sameAs":["http:\/\/aepetba.org.br\/v1"],"url":"https:\/\/aepetba.org.br\/v1\/author\/lubconsultoria\/"}]}},"_links":{"self":[{"href":"https:\/\/aepetba.org.br\/v1\/wp-json\/wp\/v2\/posts\/39785"}],"collection":[{"href":"https:\/\/aepetba.org.br\/v1\/wp-json\/wp\/v2\/posts"}],"about":[{"href":"https:\/\/aepetba.org.br\/v1\/wp-json\/wp\/v2\/types\/post"}],"author":[{"embeddable":true,"href":"https:\/\/aepetba.org.br\/v1\/wp-json\/wp\/v2\/users\/1"}],"replies":[{"embeddable":true,"href":"https:\/\/aepetba.org.br\/v1\/wp-json\/wp\/v2\/comments?post=39785"}],"version-history":[{"count":1,"href":"https:\/\/aepetba.org.br\/v1\/wp-json\/wp\/v2\/posts\/39785\/revisions"}],"predecessor-version":[{"id":39788,"href":"https:\/\/aepetba.org.br\/v1\/wp-json\/wp\/v2\/posts\/39785\/revisions\/39788"}],"wp:featuredmedia":[{"embeddable":true,"href":"https:\/\/aepetba.org.br\/v1\/wp-json\/wp\/v2\/media\/39786"}],"wp:attachment":[{"href":"https:\/\/aepetba.org.br\/v1\/wp-json\/wp\/v2\/media?parent=39785"}],"wp:term":[{"taxonomy":"category","embeddable":true,"href":"https:\/\/aepetba.org.br\/v1\/wp-json\/wp\/v2\/categories?post=39785"},{"taxonomy":"post_tag","embeddable":true,"href":"https:\/\/aepetba.org.br\/v1\/wp-json\/wp\/v2\/tags?post=39785"}],"curies":[{"name":"wp","href":"https:\/\/api.w.org\/{rel}","templated":true}]}}