{"id":39793,"date":"2023-02-08T08:57:26","date_gmt":"2023-02-08T11:57:26","guid":{"rendered":"https:\/\/aepetba.org.br\/v1\/?p=39793"},"modified":"2023-02-08T08:57:26","modified_gmt":"2023-02-08T11:57:26","slug":"privatizada-ha-dois-meses-refinaria-de-manaus-tem-preco-recorde-do-botijao-de-gas","status":"publish","type":"post","link":"https:\/\/aepetba.org.br\/v1\/privatizada-ha-dois-meses-refinaria-de-manaus-tem-preco-recorde-do-botijao-de-gas\/","title":{"rendered":"Privatizada h\u00e1 dois meses, Refinaria de Manaus tem pre\u00e7o recorde do botij\u00e3o de g\u00e1s"},"content":{"rendered":"<!--[if lt IE 9]><script>document.createElement('audio');<\/script><![endif]-->\n<audio class=\"wp-audio-shortcode\" id=\"audio-39793-1\" preload=\"none\" style=\"width: 100%;\" controls=\"controls\"><source type=\"audio\/ogg\" src=\"https:\/\/aepetba.org.br\/v1\/wp-content\/uploads\/2023\/02\/reman-privatizada-tem-gas-de-cozinha-mais-caro.ogg?_=1\" \/><a href=\"https:\/\/aepetba.org.br\/v1\/wp-content\/uploads\/2023\/02\/reman-privatizada-tem-gas-de-cozinha-mais-caro.ogg\">https:\/\/aepetba.org.br\/v1\/wp-content\/uploads\/2023\/02\/reman-privatizada-tem-gas-de-cozinha-mais-caro.ogg<\/a><\/audio>\n<p>&nbsp;<\/p>\n<p>Conselheira do CA, Rosangela Buzanelli, fala sobre o aumento de pre\u00e7os do pre\u00e7o do g\u00e1s, no Amazonas, devido \u00e0 privatiza\u00e7\u00e3o da Reman, Refinaria Isaac Sabb\u00e1, em Manaus. Situa\u00e7\u00e3o parecida vivida pelos baianos que continuam pagando muito caro pelos combust\u00edveis e g\u00e1s de cozinha. Leia a seguir:<\/p>\n<p>A Reman, Refinaria Isaac Sabb\u00e1, em Manaus (AM), foi privatizada em dezembro, no final do governo passado. Faz pouco tempo, \u00e9 verdade, mas o suficiente para refinaria se tornar hoje a recordista do g\u00e1s de cozinha mais caro do Brasil.<\/p>\n<p>Um levantamento feito pelo Observat\u00f3rio Social do Petr\u00f3leo (OSP) mostra que a Reman, que hoje se chama Ream (Refinaria da Amaz\u00f4nia), vende o botij\u00e3o de g\u00e1s de 13 quilos a um valor 37% superior ao cobrado pelas refinarias da Petrobr\u00e1s. E o seu pre\u00e7o \u00e9 14% mais caro do que o da Refinaria de Mataripe, na Bahia.<\/p>\n<p>O detalhe \u00e9 que antes de ser privatizada, a refinaria de Manaus vendia o GLP (g\u00e1s liquefeito de petr\u00f3leo) 0,8%, em m\u00e9dia, mais barato do que as outras refinarias da estatal. Mas desde que passou a ser gerida pela iniciativa privada cobra, em m\u00e9dia, quase 30% a mais do que as refinarias da Petrobr\u00e1s e 10% mais caro do que a unidade de refino baiana.<\/p>\n<p>A Ream fornece g\u00e1s de cozinha para os estados do Amazonas, Par\u00e1, Amap\u00e1, Rond\u00f4nia, Acre e Roraima e todas essas localidades est\u00e3o na lista dos 10 maiores pre\u00e7os de GLP do pa\u00eds, segundo dados da Ag\u00eancia Nacional do Petr\u00f3leo (ANP). Hoje, o consumidor de Roraima \u00e9 quem paga mais caro pelo botij\u00e3o no Brasil.<\/p>\n<p>Os fatos s\u00e3o lament\u00e1veis, mas n\u00e3o surpreendentes. A Ream segue o manual da privatiza\u00e7\u00e3o: cria-se a narrativa de que privatizar aumenta a concorr\u00eancia e abaixa os pre\u00e7os, vende-se o patrim\u00f4nio p\u00fablico j\u00e1 amortizado e a pre\u00e7os question\u00e1veis e, de fato, cria-se monop\u00f3lios privados regionais, que propiciam a alta dos pre\u00e7os, impactando a economia e prejudicando a popula\u00e7\u00e3o brasileira. Conhecemos bem esse filme, \u00e9 dos mesmos autores da Reforma Trabalhista vai gerar empregos, etc\u2026<\/p>\n<p>O roteiro \u00e9 o mesmo da Refinaria de Mataripe, que opera de forma privada desde dezembro de 2021, cobrando pre\u00e7os mais altos do que as refinarias estatais. Agora, Mataripe tem uma concorrente \u00e0 altura e disputam quem vender\u00e1 mais caro. Essa concorr\u00eancia n\u00e3o interessa ao povo e ao Brasil. Uma triste realidade.<\/p>\n<h2><strong><em>Privatizar faz mal ao Brasil!<\/em><\/strong><\/h2>\n<p>&nbsp;<\/p>\n","protected":false},"excerpt":{"rendered":"<p>&nbsp; Conselheira do CA, Rosangela Buzanelli, fala sobre o aumento de pre\u00e7os do pre\u00e7o do g\u00e1s, no Amazonas, devido \u00e0 privatiza\u00e7\u00e3o da Reman, Refinaria Isaac Sabb\u00e1, em Manaus. Situa\u00e7\u00e3o parecida vivida pelos baianos que continuam pagando muito caro pelos combust\u00edveis&#8230;<\/p>\n","protected":false},"author":1,"featured_media":39794,"comment_status":"closed","ping_status":"closed","sticky":false,"template":"","format":"standard","meta":[],"categories":[87,10],"tags":[365],"yoast_head":"<!-- This site is optimized with the Yoast SEO plugin v19.3 - https:\/\/yoast.com\/wordpress\/plugins\/seo\/ -->\n<title>Privatizada h\u00e1 dois meses, Refinaria de Manaus tem pre\u00e7o recorde do botij\u00e3o de g\u00e1s<\/title>\n<meta name=\"description\" content=\"Neste artigo, a conselheira Rosangela Buzanelli fala sobre as consequ\u00eancias da privatiza\u00e7\u00e3o da Reman (AM) no fim do governo passado. Situa\u00e7\u00e3o similar vivida atualmente pelos baianos que ap\u00f3s a venda da RLAM come\u00e7aram a pagar combust\u00edveis e g\u00e1s de cozinha muito caros\" \/>\n<meta name=\"robots\" content=\"index, follow, max-snippet:-1, max-image-preview:large, max-video-preview:-1\" \/>\n<link rel=\"canonical\" href=\"https:\/\/aepetba.org.br\/v1\/privatizada-ha-dois-meses-refinaria-de-manaus-tem-preco-recorde-do-botijao-de-gas\/\" \/>\n<meta property=\"og:locale\" content=\"pt_BR\" \/>\n<meta property=\"og:type\" content=\"article\" \/>\n<meta property=\"og:title\" content=\"Privatizada h\u00e1 dois meses, Refinaria de Manaus tem pre\u00e7o recorde do botij\u00e3o de g\u00e1s\" \/>\n<meta property=\"og:description\" content=\"Neste artigo, a conselheira Rosangela Buzanelli fala sobre as consequ\u00eancias da privatiza\u00e7\u00e3o da Reman (AM) no fim do governo passado. Situa\u00e7\u00e3o similar vivida atualmente pelos baianos que ap\u00f3s a venda da RLAM come\u00e7aram a pagar combust\u00edveis e g\u00e1s de cozinha muito caros\" \/>\n<meta property=\"og:url\" content=\"https:\/\/aepetba.org.br\/v1\/privatizada-ha-dois-meses-refinaria-de-manaus-tem-preco-recorde-do-botijao-de-gas\/\" \/>\n<meta property=\"og:site_name\" content=\"AEPET N\u00daCLEO BAHIA\" \/>\n<meta property=\"article:publisher\" content=\"https:\/\/web.facebook.com\/aepetba\" \/>\n<meta property=\"article:published_time\" content=\"2023-02-08T11:57:26+00:00\" \/>\n<meta property=\"og:image\" content=\"https:\/\/aepetba.org.br\/v1\/wp-content\/uploads\/2023\/02\/Materia-Refinaria-de-Manaus-tem-preco-recorde-do-botijao-de-gas-privatizar-faz-mal-ao-brasil-Aepet-ba.jpg\" \/>\n\t<meta property=\"og:image:width\" content=\"1073\" \/>\n\t<meta property=\"og:image:height\" content=\"934\" \/>\n\t<meta property=\"og:image:type\" content=\"image\/jpeg\" \/>\n<meta name=\"author\" content=\"AEPETBA\" \/>\n<meta name=\"twitter:card\" content=\"summary_large_image\" \/>\n<meta name=\"twitter:creator\" content=\"@aepetbahia\" \/>\n<meta name=\"twitter:site\" content=\"@aepetbahia\" \/>\n<meta name=\"twitter:label1\" content=\"Escrito por\" \/>\n\t<meta name=\"twitter:data1\" content=\"AEPETBA\" \/>\n\t<meta name=\"twitter:label2\" content=\"Est. tempo de leitura\" \/>\n\t<meta name=\"twitter:data2\" content=\"3 minutos\" \/>\n<script type=\"application\/ld+json\" class=\"yoast-schema-graph\">{\"@context\":\"https:\/\/schema.org\",\"@graph\":[{\"@type\":\"Organization\",\"@id\":\"https:\/\/aepetba.org.br\/v1\/#organization\",\"name\":\"AEPET N\u00facleo Bahia\",\"url\":\"https:\/\/aepetba.org.br\/v1\/\",\"sameAs\":[\"https:\/\/www.instagram.com\/aepetbahia\/\",\"https:\/\/www.youtube.com\/c\/AEPETBAHIA\",\"https:\/\/web.facebook.com\/aepetba\",\"https:\/\/twitter.com\/aepetbahia\"],\"logo\":{\"@type\":\"ImageObject\",\"inLanguage\":\"pt-BR\",\"@id\":\"https:\/\/aepetba.org.br\/v1\/#\/schema\/logo\/image\/\",\"url\":\"https:\/\/aepetba.org.br\/v1\/wp-content\/uploads\/revslider\/home\/logo-AEPETBA.png\",\"contentUrl\":\"https:\/\/aepetba.org.br\/v1\/wp-content\/uploads\/revslider\/home\/logo-AEPETBA.png\",\"width\":297,\"height\":86,\"caption\":\"AEPET N\u00facleo Bahia\"},\"image\":{\"@id\":\"https:\/\/aepetba.org.br\/v1\/#\/schema\/logo\/image\/\"}},{\"@type\":\"WebSite\",\"@id\":\"https:\/\/aepetba.org.br\/v1\/#website\",\"url\":\"https:\/\/aepetba.org.br\/v1\/\",\"name\":\"AEPET N\u00daCLEO BAHIA\",\"description\":\"Associa\u00e7\u00e3o dos Engenheiros da Petrobr\u00e1s N\u00facleo Bahia Petr\u00f3leo Bahia Salvador Nordeste \",\"publisher\":{\"@id\":\"https:\/\/aepetba.org.br\/v1\/#organization\"},\"potentialAction\":[{\"@type\":\"SearchAction\",\"target\":{\"@type\":\"EntryPoint\",\"urlTemplate\":\"https:\/\/aepetba.org.br\/v1\/?s={search_term_string}\"},\"query-input\":\"required name=search_term_string\"}],\"inLanguage\":\"pt-BR\"},{\"@type\":\"ImageObject\",\"inLanguage\":\"pt-BR\",\"@id\":\"https:\/\/aepetba.org.br\/v1\/privatizada-ha-dois-meses-refinaria-de-manaus-tem-preco-recorde-do-botijao-de-gas\/#primaryimage\",\"url\":\"https:\/\/aepetba.org.br\/v1\/wp-content\/uploads\/2023\/02\/Materia-Refinaria-de-Manaus-tem-preco-recorde-do-botijao-de-gas-privatizar-faz-mal-ao-brasil-Aepet-ba.jpg\",\"contentUrl\":\"https:\/\/aepetba.org.br\/v1\/wp-content\/uploads\/2023\/02\/Materia-Refinaria-de-Manaus-tem-preco-recorde-do-botijao-de-gas-privatizar-faz-mal-ao-brasil-Aepet-ba.jpg\",\"width\":1073,\"height\":934},{\"@type\":\"WebPage\",\"@id\":\"https:\/\/aepetba.org.br\/v1\/privatizada-ha-dois-meses-refinaria-de-manaus-tem-preco-recorde-do-botijao-de-gas\/\",\"url\":\"https:\/\/aepetba.org.br\/v1\/privatizada-ha-dois-meses-refinaria-de-manaus-tem-preco-recorde-do-botijao-de-gas\/\",\"name\":\"Privatizada h\u00e1 dois meses, Refinaria de Manaus tem pre\u00e7o recorde do botij\u00e3o de g\u00e1s\",\"isPartOf\":{\"@id\":\"https:\/\/aepetba.org.br\/v1\/#website\"},\"primaryImageOfPage\":{\"@id\":\"https:\/\/aepetba.org.br\/v1\/privatizada-ha-dois-meses-refinaria-de-manaus-tem-preco-recorde-do-botijao-de-gas\/#primaryimage\"},\"datePublished\":\"2023-02-08T11:57:26+00:00\",\"dateModified\":\"2023-02-08T11:57:26+00:00\",\"description\":\"Neste artigo, a conselheira Rosangela Buzanelli fala sobre as consequ\u00eancias da privatiza\u00e7\u00e3o da Reman (AM) no fim do governo passado. Situa\u00e7\u00e3o similar vivida atualmente pelos baianos que ap\u00f3s a venda da RLAM come\u00e7aram a pagar combust\u00edveis e g\u00e1s de cozinha muito caros\",\"breadcrumb\":{\"@id\":\"https:\/\/aepetba.org.br\/v1\/privatizada-ha-dois-meses-refinaria-de-manaus-tem-preco-recorde-do-botijao-de-gas\/#breadcrumb\"},\"inLanguage\":\"pt-BR\",\"potentialAction\":[{\"@type\":\"ReadAction\",\"target\":[\"https:\/\/aepetba.org.br\/v1\/privatizada-ha-dois-meses-refinaria-de-manaus-tem-preco-recorde-do-botijao-de-gas\/\"]}]},{\"@type\":\"BreadcrumbList\",\"@id\":\"https:\/\/aepetba.org.br\/v1\/privatizada-ha-dois-meses-refinaria-de-manaus-tem-preco-recorde-do-botijao-de-gas\/#breadcrumb\",\"itemListElement\":[{\"@type\":\"ListItem\",\"position\":1,\"name\":\"In\u00edcio\",\"item\":\"https:\/\/aepetba.org.br\/v1\/\"},{\"@type\":\"ListItem\",\"position\":2,\"name\":\"Privatizada h\u00e1 dois meses, Refinaria de Manaus tem pre\u00e7o recorde do botij\u00e3o de g\u00e1s\"}]},{\"@type\":\"Article\",\"@id\":\"https:\/\/aepetba.org.br\/v1\/privatizada-ha-dois-meses-refinaria-de-manaus-tem-preco-recorde-do-botijao-de-gas\/#article\",\"isPartOf\":{\"@id\":\"https:\/\/aepetba.org.br\/v1\/privatizada-ha-dois-meses-refinaria-de-manaus-tem-preco-recorde-do-botijao-de-gas\/\"},\"author\":{\"name\":\"AEPETBA\",\"@id\":\"https:\/\/aepetba.org.br\/v1\/#\/schema\/person\/3504208f89f3f50e1526867ebb573b88\"},\"headline\":\"Privatizada h\u00e1 dois meses, Refinaria de Manaus tem pre\u00e7o recorde do botij\u00e3o de g\u00e1s\",\"datePublished\":\"2023-02-08T11:57:26+00:00\",\"dateModified\":\"2023-02-08T11:57:26+00:00\",\"mainEntityOfPage\":{\"@id\":\"https:\/\/aepetba.org.br\/v1\/privatizada-ha-dois-meses-refinaria-de-manaus-tem-preco-recorde-do-botijao-de-gas\/\"},\"wordCount\":451,\"publisher\":{\"@id\":\"https:\/\/aepetba.org.br\/v1\/#organization\"},\"image\":{\"@id\":\"https:\/\/aepetba.org.br\/v1\/privatizada-ha-dois-meses-refinaria-de-manaus-tem-preco-recorde-do-botijao-de-gas\/#primaryimage\"},\"thumbnailUrl\":\"https:\/\/aepetba.org.br\/v1\/wp-content\/uploads\/2023\/02\/Materia-Refinaria-de-Manaus-tem-preco-recorde-do-botijao-de-gas-privatizar-faz-mal-ao-brasil-Aepet-ba.jpg\",\"keywords\":[\"Privatizar faz mal ao Brasil\"],\"articleSection\":[\"Destaque\",\"Not\u00edcias\"],\"inLanguage\":\"pt-BR\"},{\"@type\":\"Person\",\"@id\":\"https:\/\/aepetba.org.br\/v1\/#\/schema\/person\/3504208f89f3f50e1526867ebb573b88\",\"name\":\"AEPETBA\",\"image\":{\"@type\":\"ImageObject\",\"inLanguage\":\"pt-BR\",\"@id\":\"https:\/\/aepetba.org.br\/v1\/#\/schema\/person\/image\/\",\"url\":\"https:\/\/secure.gravatar.com\/avatar\/3e6e1bf98c38137fc6b937d21e974714?s=96&d=mm&r=g\",\"contentUrl\":\"https:\/\/secure.gravatar.com\/avatar\/3e6e1bf98c38137fc6b937d21e974714?s=96&d=mm&r=g\",\"caption\":\"AEPETBA\"},\"sameAs\":[\"http:\/\/aepetba.org.br\/v1\"],\"url\":\"https:\/\/aepetba.org.br\/v1\/author\/lubconsultoria\/\"}]}<\/script>\n<!-- \/ Yoast SEO plugin. -->","yoast_head_json":{"title":"Privatizada h\u00e1 dois meses, Refinaria de Manaus tem pre\u00e7o recorde do botij\u00e3o de g\u00e1s","description":"Neste artigo, a conselheira Rosangela Buzanelli fala sobre as consequ\u00eancias da privatiza\u00e7\u00e3o da Reman (AM) no fim do governo passado. Situa\u00e7\u00e3o similar vivida atualmente pelos baianos que ap\u00f3s a venda da RLAM come\u00e7aram a pagar combust\u00edveis e g\u00e1s de cozinha muito caros","robots":{"index":"index","follow":"follow","max-snippet":"max-snippet:-1","max-image-preview":"max-image-preview:large","max-video-preview":"max-video-preview:-1"},"canonical":"https:\/\/aepetba.org.br\/v1\/privatizada-ha-dois-meses-refinaria-de-manaus-tem-preco-recorde-do-botijao-de-gas\/","og_locale":"pt_BR","og_type":"article","og_title":"Privatizada h\u00e1 dois meses, Refinaria de Manaus tem pre\u00e7o recorde do botij\u00e3o de g\u00e1s","og_description":"Neste artigo, a conselheira Rosangela Buzanelli fala sobre as consequ\u00eancias da privatiza\u00e7\u00e3o da Reman (AM) no fim do governo passado. Situa\u00e7\u00e3o similar vivida atualmente pelos baianos que ap\u00f3s a venda da RLAM come\u00e7aram a pagar combust\u00edveis e g\u00e1s de cozinha muito caros","og_url":"https:\/\/aepetba.org.br\/v1\/privatizada-ha-dois-meses-refinaria-de-manaus-tem-preco-recorde-do-botijao-de-gas\/","og_site_name":"AEPET N\u00daCLEO BAHIA","article_publisher":"https:\/\/web.facebook.com\/aepetba","article_published_time":"2023-02-08T11:57:26+00:00","og_image":[{"width":1073,"height":934,"url":"https:\/\/aepetba.org.br\/v1\/wp-content\/uploads\/2023\/02\/Materia-Refinaria-de-Manaus-tem-preco-recorde-do-botijao-de-gas-privatizar-faz-mal-ao-brasil-Aepet-ba.jpg","type":"image\/jpeg"}],"author":"AEPETBA","twitter_card":"summary_large_image","twitter_creator":"@aepetbahia","twitter_site":"@aepetbahia","twitter_misc":{"Escrito por":"AEPETBA","Est. tempo de leitura":"3 minutos"},"schema":{"@context":"https:\/\/schema.org","@graph":[{"@type":"Organization","@id":"https:\/\/aepetba.org.br\/v1\/#organization","name":"AEPET N\u00facleo Bahia","url":"https:\/\/aepetba.org.br\/v1\/","sameAs":["https:\/\/www.instagram.com\/aepetbahia\/","https:\/\/www.youtube.com\/c\/AEPETBAHIA","https:\/\/web.facebook.com\/aepetba","https:\/\/twitter.com\/aepetbahia"],"logo":{"@type":"ImageObject","inLanguage":"pt-BR","@id":"https:\/\/aepetba.org.br\/v1\/#\/schema\/logo\/image\/","url":"https:\/\/aepetba.org.br\/v1\/wp-content\/uploads\/revslider\/home\/logo-AEPETBA.png","contentUrl":"https:\/\/aepetba.org.br\/v1\/wp-content\/uploads\/revslider\/home\/logo-AEPETBA.png","width":297,"height":86,"caption":"AEPET N\u00facleo Bahia"},"image":{"@id":"https:\/\/aepetba.org.br\/v1\/#\/schema\/logo\/image\/"}},{"@type":"WebSite","@id":"https:\/\/aepetba.org.br\/v1\/#website","url":"https:\/\/aepetba.org.br\/v1\/","name":"AEPET N\u00daCLEO BAHIA","description":"Associa\u00e7\u00e3o dos Engenheiros da Petrobr\u00e1s N\u00facleo Bahia Petr\u00f3leo Bahia Salvador Nordeste ","publisher":{"@id":"https:\/\/aepetba.org.br\/v1\/#organization"},"potentialAction":[{"@type":"SearchAction","target":{"@type":"EntryPoint","urlTemplate":"https:\/\/aepetba.org.br\/v1\/?s={search_term_string}"},"query-input":"required name=search_term_string"}],"inLanguage":"pt-BR"},{"@type":"ImageObject","inLanguage":"pt-BR","@id":"https:\/\/aepetba.org.br\/v1\/privatizada-ha-dois-meses-refinaria-de-manaus-tem-preco-recorde-do-botijao-de-gas\/#primaryimage","url":"https:\/\/aepetba.org.br\/v1\/wp-content\/uploads\/2023\/02\/Materia-Refinaria-de-Manaus-tem-preco-recorde-do-botijao-de-gas-privatizar-faz-mal-ao-brasil-Aepet-ba.jpg","contentUrl":"https:\/\/aepetba.org.br\/v1\/wp-content\/uploads\/2023\/02\/Materia-Refinaria-de-Manaus-tem-preco-recorde-do-botijao-de-gas-privatizar-faz-mal-ao-brasil-Aepet-ba.jpg","width":1073,"height":934},{"@type":"WebPage","@id":"https:\/\/aepetba.org.br\/v1\/privatizada-ha-dois-meses-refinaria-de-manaus-tem-preco-recorde-do-botijao-de-gas\/","url":"https:\/\/aepetba.org.br\/v1\/privatizada-ha-dois-meses-refinaria-de-manaus-tem-preco-recorde-do-botijao-de-gas\/","name":"Privatizada h\u00e1 dois meses, Refinaria de Manaus tem pre\u00e7o recorde do botij\u00e3o de g\u00e1s","isPartOf":{"@id":"https:\/\/aepetba.org.br\/v1\/#website"},"primaryImageOfPage":{"@id":"https:\/\/aepetba.org.br\/v1\/privatizada-ha-dois-meses-refinaria-de-manaus-tem-preco-recorde-do-botijao-de-gas\/#primaryimage"},"datePublished":"2023-02-08T11:57:26+00:00","dateModified":"2023-02-08T11:57:26+00:00","description":"Neste artigo, a conselheira Rosangela Buzanelli fala sobre as consequ\u00eancias da privatiza\u00e7\u00e3o da Reman (AM) no fim do governo passado. Situa\u00e7\u00e3o similar vivida atualmente pelos baianos que ap\u00f3s a venda da RLAM come\u00e7aram a pagar combust\u00edveis e g\u00e1s de cozinha muito caros","breadcrumb":{"@id":"https:\/\/aepetba.org.br\/v1\/privatizada-ha-dois-meses-refinaria-de-manaus-tem-preco-recorde-do-botijao-de-gas\/#breadcrumb"},"inLanguage":"pt-BR","potentialAction":[{"@type":"ReadAction","target":["https:\/\/aepetba.org.br\/v1\/privatizada-ha-dois-meses-refinaria-de-manaus-tem-preco-recorde-do-botijao-de-gas\/"]}]},{"@type":"BreadcrumbList","@id":"https:\/\/aepetba.org.br\/v1\/privatizada-ha-dois-meses-refinaria-de-manaus-tem-preco-recorde-do-botijao-de-gas\/#breadcrumb","itemListElement":[{"@type":"ListItem","position":1,"name":"In\u00edcio","item":"https:\/\/aepetba.org.br\/v1\/"},{"@type":"ListItem","position":2,"name":"Privatizada h\u00e1 dois meses, Refinaria de Manaus tem pre\u00e7o recorde do botij\u00e3o de g\u00e1s"}]},{"@type":"Article","@id":"https:\/\/aepetba.org.br\/v1\/privatizada-ha-dois-meses-refinaria-de-manaus-tem-preco-recorde-do-botijao-de-gas\/#article","isPartOf":{"@id":"https:\/\/aepetba.org.br\/v1\/privatizada-ha-dois-meses-refinaria-de-manaus-tem-preco-recorde-do-botijao-de-gas\/"},"author":{"name":"AEPETBA","@id":"https:\/\/aepetba.org.br\/v1\/#\/schema\/person\/3504208f89f3f50e1526867ebb573b88"},"headline":"Privatizada h\u00e1 dois meses, Refinaria de Manaus tem pre\u00e7o recorde do botij\u00e3o de g\u00e1s","datePublished":"2023-02-08T11:57:26+00:00","dateModified":"2023-02-08T11:57:26+00:00","mainEntityOfPage":{"@id":"https:\/\/aepetba.org.br\/v1\/privatizada-ha-dois-meses-refinaria-de-manaus-tem-preco-recorde-do-botijao-de-gas\/"},"wordCount":451,"publisher":{"@id":"https:\/\/aepetba.org.br\/v1\/#organization"},"image":{"@id":"https:\/\/aepetba.org.br\/v1\/privatizada-ha-dois-meses-refinaria-de-manaus-tem-preco-recorde-do-botijao-de-gas\/#primaryimage"},"thumbnailUrl":"https:\/\/aepetba.org.br\/v1\/wp-content\/uploads\/2023\/02\/Materia-Refinaria-de-Manaus-tem-preco-recorde-do-botijao-de-gas-privatizar-faz-mal-ao-brasil-Aepet-ba.jpg","keywords":["Privatizar faz mal ao Brasil"],"articleSection":["Destaque","Not\u00edcias"],"inLanguage":"pt-BR"},{"@type":"Person","@id":"https:\/\/aepetba.org.br\/v1\/#\/schema\/person\/3504208f89f3f50e1526867ebb573b88","name":"AEPETBA","image":{"@type":"ImageObject","inLanguage":"pt-BR","@id":"https:\/\/aepetba.org.br\/v1\/#\/schema\/person\/image\/","url":"https:\/\/secure.gravatar.com\/avatar\/3e6e1bf98c38137fc6b937d21e974714?s=96&d=mm&r=g","contentUrl":"https:\/\/secure.gravatar.com\/avatar\/3e6e1bf98c38137fc6b937d21e974714?s=96&d=mm&r=g","caption":"AEPETBA"},"sameAs":["http:\/\/aepetba.org.br\/v1"],"url":"https:\/\/aepetba.org.br\/v1\/author\/lubconsultoria\/"}]}},"_links":{"self":[{"href":"https:\/\/aepetba.org.br\/v1\/wp-json\/wp\/v2\/posts\/39793"}],"collection":[{"href":"https:\/\/aepetba.org.br\/v1\/wp-json\/wp\/v2\/posts"}],"about":[{"href":"https:\/\/aepetba.org.br\/v1\/wp-json\/wp\/v2\/types\/post"}],"author":[{"embeddable":true,"href":"https:\/\/aepetba.org.br\/v1\/wp-json\/wp\/v2\/users\/1"}],"replies":[{"embeddable":true,"href":"https:\/\/aepetba.org.br\/v1\/wp-json\/wp\/v2\/comments?post=39793"}],"version-history":[{"count":2,"href":"https:\/\/aepetba.org.br\/v1\/wp-json\/wp\/v2\/posts\/39793\/revisions"}],"predecessor-version":[{"id":39797,"href":"https:\/\/aepetba.org.br\/v1\/wp-json\/wp\/v2\/posts\/39793\/revisions\/39797"}],"wp:featuredmedia":[{"embeddable":true,"href":"https:\/\/aepetba.org.br\/v1\/wp-json\/wp\/v2\/media\/39794"}],"wp:attachment":[{"href":"https:\/\/aepetba.org.br\/v1\/wp-json\/wp\/v2\/media?parent=39793"}],"wp:term":[{"taxonomy":"category","embeddable":true,"href":"https:\/\/aepetba.org.br\/v1\/wp-json\/wp\/v2\/categories?post=39793"},{"taxonomy":"post_tag","embeddable":true,"href":"https:\/\/aepetba.org.br\/v1\/wp-json\/wp\/v2\/tags?post=39793"}],"curies":[{"name":"wp","href":"https:\/\/api.w.org\/{rel}","templated":true}]}}