{"id":39913,"date":"2023-03-01T10:27:01","date_gmt":"2023-03-01T13:27:01","guid":{"rendered":"https:\/\/aepetba.org.br\/v1\/?p=39913"},"modified":"2023-03-02T16:19:00","modified_gmt":"2023-03-02T19:19:00","slug":"editorial","status":"publish","type":"post","link":"https:\/\/aepetba.org.br\/v1\/editorial\/","title":{"rendered":"Editorial"},"content":{"rendered":"<!--[if lt IE 9]><script>document.createElement('audio');<\/script><![endif]-->\n<audio class=\"wp-audio-shortcode\" id=\"audio-39913-1\" preload=\"none\" style=\"width: 100%;\" controls=\"controls\"><source type=\"audio\/ogg\" src=\"https:\/\/aepetba.org.br\/v1\/wp-content\/uploads\/2023\/03\/edital-corrigido.ogg?_=1\" \/><a href=\"https:\/\/aepetba.org.br\/v1\/wp-content\/uploads\/2023\/03\/edital-corrigido.ogg\">https:\/\/aepetba.org.br\/v1\/wp-content\/uploads\/2023\/03\/edital-corrigido.ogg<\/a><\/audio>\n<p>&nbsp;<\/p>\n<blockquote><p><em>\u201cO opressor n\u00e3o seria t\u00e3o forte se n\u00e3o tivesse c\u00famplices entre os pr\u00f3prios oprimidos\u201d<\/em><\/p>\n<p><a href=\"https:\/\/www.pensador.com\/autor\/simone_de_beauvoir\/\" target=\"_blank\" rel=\"noopener\">Simone de Beauvoir<\/a><\/p><\/blockquote>\n<p>&nbsp;<\/p>\n<p>As indica\u00e7\u00f5es de alguns nomes para ocupar as ger\u00eancias da Petrobr\u00e1s feitas pelo novo presidente, Jean Paul Prates, t\u00eam sido bastante inc\u00f4modas para a for\u00e7a de trabalho, como foi o caso do diretor de Abastecimento. Outras t\u00eam causado pol\u00eamicas e debates na categoria. Existem fortes rumores sobre a indica\u00e7\u00e3o do administrador Felipe Freitas para ocupar a ger\u00eancia de Recursos Humanos.<\/p>\n<p>Enquanto setores defendem Freitas, trabalhadores petroleiros criticam a indica\u00e7\u00e3o. Felipe ingressou na Petrobras em 2005 na Unidade de Explora\u00e7\u00e3o e Produ\u00e7\u00e3o da Bahia.<\/p>\n<p>Felipe Freitas era apenas substituto do gerente setorial de suprimentos da UO-BA, conforme afirmam os trabalhadores. Ele ascendeu na carreira gerencial durante o governo golpista de Michel Temer, per\u00edodo do lavajatismo e momento dram\u00e1tico da categoria em que os novos gestores taxavam de incompetentes e corruptos os empregados e adotavam posi\u00e7\u00f5es claramente antipetistas. \u00a0Muitos apontam uma poss\u00edvel proximidade ideol\u00f3gica com o ex-presidente Jair Bolsonaro e com o ex-ministro da economia Paulo Guedes e a amizade com o ex-gerente Cl\u00e1udio da Costa Oliveira. Esse \u00faltimo foi o gerente executivo de RH que durante a pandemia da Covid-19 acabou com um dos planos de sa\u00fade mais antigos do Brasil, a AMS, transformada em Sa\u00fade Petrobr\u00e1s.<\/p>\n<p><span style=\"text-decoration: line-through;\">\u00a0<\/span><\/p>\n<p>J\u00e1 na ger\u00eancia geral do Compartilhado, gest\u00e3o em que ele era parte importante, eram muitas as acusa\u00e7\u00f5es de ass\u00e9dio moral contra os empregados, persegui\u00e7\u00e3o a ex-gestores do PT e proibi\u00e7\u00e3o de acesso aos dirigentes sindicais ao Conjunto Pituba, em Salvador.<\/p>\n<p>Freitas \u00e9 administrador, formado pela UNEB e fez mestrado Mestrado em Supply Chain. Atualmente trabalha na Tesla, do bilion\u00e1rio empres\u00e1rio Elon Musk, conhecido por defender as pol\u00edticas de ultradireita e ultraliberais e que, em nome da defesa da liberdade de express\u00e3o, abra\u00e7a e propaga fake news. Devido essa trajet\u00f3ria, n\u00e3o \u00e9 a pessoa mais indicada para ocupar o cargo de gestor de RH na empresa.<\/p>\n<p>Em 2020 quando Cl\u00e1udio Costa comandava o ataque \u00e0 AMS, Freitas era o Gerente Geral do plano de sa\u00fade dos petroleiros e, por raz\u00f5es desconhecidas, acabou se afastando quando deveria ter ficado na empresa para ajudar a defender a Petrobr\u00e1s e os seus empregados. Foi quando ele pediu licen\u00e7a sem vencimentos para estudar nos Estados Unidos e foi trabalhar na Tesla. Por conta disso, uma parte dos trabalhadores \u00e9 contra a nomea\u00e7\u00e3o de pessoas com esse perfil na empresa, em especial depois do inferno que foi a gest\u00e3o de terror implantada quando Cl\u00e1udio Costa era o Gerente Executivo do RH. Foi na gest\u00e3o de Costa tamb\u00e9m que diretoras do Sindipetro-RJ perderam suas consultorias t\u00e9cnicas em 2019, recuperando-as na justi\u00e7a trabalhista.<\/p>\n<p><span style=\"text-decoration: line-through;\">\u00a0<\/span><\/p>\n<p>Ao trazer Freitas para a Petrobr\u00e1s, a dire\u00e7\u00e3o escolhe o caminho de dar continuidade \u00e0 administra\u00e7\u00e3o neoliberal na empresa, em que a \u201cmeritocracia\u201d \u00e9 tratada como \u201cativo\u201d, favorecendo os que podem ficar sem sal\u00e1rio, para supostamente estudar, com capacidade e perfil de gest\u00e3o de RH.<\/p>\n<p>Dif\u00edcil supor que entre os empregados n\u00e3o h\u00e1 nenhum outro que associe esfor\u00e7o, dedica\u00e7\u00e3o, forma\u00e7\u00e3o e aptid\u00e3o para gest\u00e3o de pessoas com a coragem de defender a empresa e seus empregados quando tudo era mais dif\u00edcil. A afinidade com um projeto de uma nova Petrobr\u00e1s alinhada com a forma\u00e7\u00e3o e compet\u00eancia deveriam contar mais que as mudan\u00e7as de lado de \u00faltima hora. Como se todos os que n\u00e3o puderam pedir licen\u00e7a sem vencimentos n\u00e3o tivessem m\u00e9ritos.<\/p>\n<p>Favorecer a privilegiados em preju\u00edzo dos petroleiros (as) que n\u00e3o quiseram fazer tal op\u00e7\u00e3o \u00e9 preterir as pessoas que optaram por enfrentar os gerentes na tentativa de ficarem pr\u00f3ximas de suas fam\u00edlias durante o processo de destrui\u00e7\u00e3o da Petrobr\u00e1s, em especial no Nordeste o que inclu\u00eda Bahia, de onde Freitas \u00e9 oriundo. Ele fez parte, por muito tempo, da gest\u00e3o que assediou e humilhou os trabalhadores durante o fechamento do Conjunto Pituba, devolveu o Ediba e o anexo III para a Petros. Hoje o Ediba e o Anexo I consomem recursos dos aposentados (as) para o pagamento de IPTU, \u00e1gua, energia, seguran\u00e7a, manuten\u00e7\u00e3o e limpeza com os pr\u00e9dios fechados que deveria ser de responsabilidade da Petrobr\u00e1s.<\/p>\n<p><span style=\"text-decoration: line-through;\">\u00a0<\/span><\/p>\n<p>A Petrobr\u00e1s que a AEPET-BA defende e quer ver constru\u00edda \u00e9 feita por empregados comprometidos com a empresa. N\u00e3o se trata de manifestar opini\u00e3o pessoal contra este ou aquele gestor, mas n\u00e3o se pode premiar \u00e0queles que tanto mal fizeram a empresa e se beneficiaram em um momento tenebroso da pol\u00edtica nacional associando-se a golpistas, fascistas e privatistas para destruir a Petrobr\u00e1s e atacar covardemente a for\u00e7a de trabalho.<\/p>\n<p>&nbsp;<\/p>\n","protected":false},"excerpt":{"rendered":"<p>&nbsp; \u201cO opressor n\u00e3o seria t\u00e3o forte se n\u00e3o tivesse c\u00famplices entre os pr\u00f3prios oprimidos\u201d Simone de Beauvoir &nbsp; As indica\u00e7\u00f5es de alguns nomes para ocupar as ger\u00eancias da Petrobr\u00e1s feitas pelo novo presidente, Jean Paul Prates, t\u00eam sido bastante&#8230;<\/p>\n","protected":false},"author":1,"featured_media":39914,"comment_status":"closed","ping_status":"closed","sticky":false,"template":"","format":"standard","meta":[],"categories":[5,87,10],"tags":[],"yoast_head":"<!-- This site is optimized with the Yoast SEO plugin v19.3 - https:\/\/yoast.com\/wordpress\/plugins\/seo\/ -->\n<title>Editorial<\/title>\n<meta name=\"description\" content=\"AEPET-BA critica poss\u00edvel indica\u00e7\u00e3o do administrador Felipe Freitas para ocupar a ger\u00eancia de Recursos Humanos da Petrobr\u00e1s. Trajet\u00f3ria profissional de Freitas mostra que n\u00e3o \u00e9 a pessoa mais indicada para ocupar cargo.\" \/>\n<meta name=\"robots\" content=\"index, follow, max-snippet:-1, max-image-preview:large, max-video-preview:-1\" \/>\n<link rel=\"canonical\" href=\"https:\/\/aepetba.org.br\/v1\/editorial\/\" \/>\n<meta property=\"og:locale\" content=\"pt_BR\" \/>\n<meta property=\"og:type\" content=\"article\" \/>\n<meta property=\"og:title\" content=\"Editorial\" \/>\n<meta property=\"og:description\" content=\"AEPET-BA critica poss\u00edvel indica\u00e7\u00e3o do administrador Felipe Freitas para ocupar a ger\u00eancia de Recursos Humanos da Petrobr\u00e1s. Trajet\u00f3ria profissional de Freitas mostra que n\u00e3o \u00e9 a pessoa mais indicada para ocupar cargo.\" \/>\n<meta property=\"og:url\" content=\"https:\/\/aepetba.org.br\/v1\/editorial\/\" \/>\n<meta property=\"og:site_name\" content=\"AEPET N\u00daCLEO BAHIA\" \/>\n<meta property=\"article:publisher\" content=\"https:\/\/web.facebook.com\/aepetba\" \/>\n<meta property=\"article:published_time\" content=\"2023-03-01T13:27:01+00:00\" \/>\n<meta property=\"article:modified_time\" content=\"2023-03-02T19:19:00+00:00\" \/>\n<meta property=\"og:image\" content=\"https:\/\/aepetba.org.br\/v1\/wp-content\/uploads\/2023\/02\/Materia-Indicacoes-de-nomes-para-as-gerencias-da-Petrobras-petroleo-bahia-Aepet-ba.jpg\" \/>\n\t<meta property=\"og:image:width\" content=\"1079\" \/>\n\t<meta property=\"og:image:height\" content=\"938\" \/>\n\t<meta property=\"og:image:type\" content=\"image\/jpeg\" \/>\n<meta name=\"author\" content=\"AEPETBA\" \/>\n<meta name=\"twitter:card\" content=\"summary_large_image\" \/>\n<meta name=\"twitter:creator\" content=\"@aepetbahia\" \/>\n<meta name=\"twitter:site\" content=\"@aepetbahia\" \/>\n<meta name=\"twitter:label1\" content=\"Escrito por\" \/>\n\t<meta name=\"twitter:data1\" content=\"AEPETBA\" \/>\n\t<meta name=\"twitter:label2\" content=\"Est. tempo de leitura\" \/>\n\t<meta name=\"twitter:data2\" content=\"5 minutos\" \/>\n<script type=\"application\/ld+json\" class=\"yoast-schema-graph\">{\"@context\":\"https:\/\/schema.org\",\"@graph\":[{\"@type\":\"Organization\",\"@id\":\"https:\/\/aepetba.org.br\/v1\/#organization\",\"name\":\"AEPET N\u00facleo Bahia\",\"url\":\"https:\/\/aepetba.org.br\/v1\/\",\"sameAs\":[\"https:\/\/www.instagram.com\/aepetbahia\/\",\"https:\/\/www.youtube.com\/c\/AEPETBAHIA\",\"https:\/\/web.facebook.com\/aepetba\",\"https:\/\/twitter.com\/aepetbahia\"],\"logo\":{\"@type\":\"ImageObject\",\"inLanguage\":\"pt-BR\",\"@id\":\"https:\/\/aepetba.org.br\/v1\/#\/schema\/logo\/image\/\",\"url\":\"https:\/\/aepetba.org.br\/v1\/wp-content\/uploads\/revslider\/home\/logo-AEPETBA.png\",\"contentUrl\":\"https:\/\/aepetba.org.br\/v1\/wp-content\/uploads\/revslider\/home\/logo-AEPETBA.png\",\"width\":297,\"height\":86,\"caption\":\"AEPET N\u00facleo Bahia\"},\"image\":{\"@id\":\"https:\/\/aepetba.org.br\/v1\/#\/schema\/logo\/image\/\"}},{\"@type\":\"WebSite\",\"@id\":\"https:\/\/aepetba.org.br\/v1\/#website\",\"url\":\"https:\/\/aepetba.org.br\/v1\/\",\"name\":\"AEPET N\u00daCLEO BAHIA\",\"description\":\"Associa\u00e7\u00e3o dos Engenheiros da Petrobr\u00e1s N\u00facleo Bahia Petr\u00f3leo Bahia Salvador Nordeste \",\"publisher\":{\"@id\":\"https:\/\/aepetba.org.br\/v1\/#organization\"},\"potentialAction\":[{\"@type\":\"SearchAction\",\"target\":{\"@type\":\"EntryPoint\",\"urlTemplate\":\"https:\/\/aepetba.org.br\/v1\/?s={search_term_string}\"},\"query-input\":\"required name=search_term_string\"}],\"inLanguage\":\"pt-BR\"},{\"@type\":\"ImageObject\",\"inLanguage\":\"pt-BR\",\"@id\":\"https:\/\/aepetba.org.br\/v1\/editorial\/#primaryimage\",\"url\":\"https:\/\/aepetba.org.br\/v1\/wp-content\/uploads\/2023\/02\/Materia-Indicacoes-de-nomes-para-as-gerencias-da-Petrobras-petroleo-bahia-Aepet-ba.jpg\",\"contentUrl\":\"https:\/\/aepetba.org.br\/v1\/wp-content\/uploads\/2023\/02\/Materia-Indicacoes-de-nomes-para-as-gerencias-da-Petrobras-petroleo-bahia-Aepet-ba.jpg\",\"width\":1079,\"height\":938},{\"@type\":\"WebPage\",\"@id\":\"https:\/\/aepetba.org.br\/v1\/editorial\/\",\"url\":\"https:\/\/aepetba.org.br\/v1\/editorial\/\",\"name\":\"Editorial\",\"isPartOf\":{\"@id\":\"https:\/\/aepetba.org.br\/v1\/#website\"},\"primaryImageOfPage\":{\"@id\":\"https:\/\/aepetba.org.br\/v1\/editorial\/#primaryimage\"},\"datePublished\":\"2023-03-01T13:27:01+00:00\",\"dateModified\":\"2023-03-02T19:19:00+00:00\",\"description\":\"AEPET-BA critica poss\u00edvel indica\u00e7\u00e3o do administrador Felipe Freitas para ocupar a ger\u00eancia de Recursos Humanos da Petrobr\u00e1s. Trajet\u00f3ria profissional de Freitas mostra que n\u00e3o \u00e9 a pessoa mais indicada para ocupar cargo.\",\"breadcrumb\":{\"@id\":\"https:\/\/aepetba.org.br\/v1\/editorial\/#breadcrumb\"},\"inLanguage\":\"pt-BR\",\"potentialAction\":[{\"@type\":\"ReadAction\",\"target\":[\"https:\/\/aepetba.org.br\/v1\/editorial\/\"]}]},{\"@type\":\"BreadcrumbList\",\"@id\":\"https:\/\/aepetba.org.br\/v1\/editorial\/#breadcrumb\",\"itemListElement\":[{\"@type\":\"ListItem\",\"position\":1,\"name\":\"In\u00edcio\",\"item\":\"https:\/\/aepetba.org.br\/v1\/\"},{\"@type\":\"ListItem\",\"position\":2,\"name\":\"Editorial\"}]},{\"@type\":\"Article\",\"@id\":\"https:\/\/aepetba.org.br\/v1\/editorial\/#article\",\"isPartOf\":{\"@id\":\"https:\/\/aepetba.org.br\/v1\/editorial\/\"},\"author\":{\"name\":\"AEPETBA\",\"@id\":\"https:\/\/aepetba.org.br\/v1\/#\/schema\/person\/3504208f89f3f50e1526867ebb573b88\"},\"headline\":\"Editorial\",\"datePublished\":\"2023-03-01T13:27:01+00:00\",\"dateModified\":\"2023-03-02T19:19:00+00:00\",\"mainEntityOfPage\":{\"@id\":\"https:\/\/aepetba.org.br\/v1\/editorial\/\"},\"wordCount\":842,\"publisher\":{\"@id\":\"https:\/\/aepetba.org.br\/v1\/#organization\"},\"image\":{\"@id\":\"https:\/\/aepetba.org.br\/v1\/editorial\/#primaryimage\"},\"thumbnailUrl\":\"https:\/\/aepetba.org.br\/v1\/wp-content\/uploads\/2023\/02\/Materia-Indicacoes-de-nomes-para-as-gerencias-da-Petrobras-petroleo-bahia-Aepet-ba.jpg\",\"articleSection\":[\"Coluna do Associado\",\"Destaque\",\"Not\u00edcias\"],\"inLanguage\":\"pt-BR\"},{\"@type\":\"Person\",\"@id\":\"https:\/\/aepetba.org.br\/v1\/#\/schema\/person\/3504208f89f3f50e1526867ebb573b88\",\"name\":\"AEPETBA\",\"image\":{\"@type\":\"ImageObject\",\"inLanguage\":\"pt-BR\",\"@id\":\"https:\/\/aepetba.org.br\/v1\/#\/schema\/person\/image\/\",\"url\":\"https:\/\/secure.gravatar.com\/avatar\/3e6e1bf98c38137fc6b937d21e974714?s=96&d=mm&r=g\",\"contentUrl\":\"https:\/\/secure.gravatar.com\/avatar\/3e6e1bf98c38137fc6b937d21e974714?s=96&d=mm&r=g\",\"caption\":\"AEPETBA\"},\"sameAs\":[\"http:\/\/aepetba.org.br\/v1\"],\"url\":\"https:\/\/aepetba.org.br\/v1\/author\/lubconsultoria\/\"}]}<\/script>\n<!-- \/ Yoast SEO plugin. -->","yoast_head_json":{"title":"Editorial","description":"AEPET-BA critica poss\u00edvel indica\u00e7\u00e3o do administrador Felipe Freitas para ocupar a ger\u00eancia de Recursos Humanos da Petrobr\u00e1s. Trajet\u00f3ria profissional de Freitas mostra que n\u00e3o \u00e9 a pessoa mais indicada para ocupar cargo.","robots":{"index":"index","follow":"follow","max-snippet":"max-snippet:-1","max-image-preview":"max-image-preview:large","max-video-preview":"max-video-preview:-1"},"canonical":"https:\/\/aepetba.org.br\/v1\/editorial\/","og_locale":"pt_BR","og_type":"article","og_title":"Editorial","og_description":"AEPET-BA critica poss\u00edvel indica\u00e7\u00e3o do administrador Felipe Freitas para ocupar a ger\u00eancia de Recursos Humanos da Petrobr\u00e1s. Trajet\u00f3ria profissional de Freitas mostra que n\u00e3o \u00e9 a pessoa mais indicada para ocupar cargo.","og_url":"https:\/\/aepetba.org.br\/v1\/editorial\/","og_site_name":"AEPET N\u00daCLEO BAHIA","article_publisher":"https:\/\/web.facebook.com\/aepetba","article_published_time":"2023-03-01T13:27:01+00:00","article_modified_time":"2023-03-02T19:19:00+00:00","og_image":[{"width":1079,"height":938,"url":"https:\/\/aepetba.org.br\/v1\/wp-content\/uploads\/2023\/02\/Materia-Indicacoes-de-nomes-para-as-gerencias-da-Petrobras-petroleo-bahia-Aepet-ba.jpg","type":"image\/jpeg"}],"author":"AEPETBA","twitter_card":"summary_large_image","twitter_creator":"@aepetbahia","twitter_site":"@aepetbahia","twitter_misc":{"Escrito por":"AEPETBA","Est. tempo de leitura":"5 minutos"},"schema":{"@context":"https:\/\/schema.org","@graph":[{"@type":"Organization","@id":"https:\/\/aepetba.org.br\/v1\/#organization","name":"AEPET N\u00facleo Bahia","url":"https:\/\/aepetba.org.br\/v1\/","sameAs":["https:\/\/www.instagram.com\/aepetbahia\/","https:\/\/www.youtube.com\/c\/AEPETBAHIA","https:\/\/web.facebook.com\/aepetba","https:\/\/twitter.com\/aepetbahia"],"logo":{"@type":"ImageObject","inLanguage":"pt-BR","@id":"https:\/\/aepetba.org.br\/v1\/#\/schema\/logo\/image\/","url":"https:\/\/aepetba.org.br\/v1\/wp-content\/uploads\/revslider\/home\/logo-AEPETBA.png","contentUrl":"https:\/\/aepetba.org.br\/v1\/wp-content\/uploads\/revslider\/home\/logo-AEPETBA.png","width":297,"height":86,"caption":"AEPET N\u00facleo Bahia"},"image":{"@id":"https:\/\/aepetba.org.br\/v1\/#\/schema\/logo\/image\/"}},{"@type":"WebSite","@id":"https:\/\/aepetba.org.br\/v1\/#website","url":"https:\/\/aepetba.org.br\/v1\/","name":"AEPET N\u00daCLEO BAHIA","description":"Associa\u00e7\u00e3o dos Engenheiros da Petrobr\u00e1s N\u00facleo Bahia Petr\u00f3leo Bahia Salvador Nordeste ","publisher":{"@id":"https:\/\/aepetba.org.br\/v1\/#organization"},"potentialAction":[{"@type":"SearchAction","target":{"@type":"EntryPoint","urlTemplate":"https:\/\/aepetba.org.br\/v1\/?s={search_term_string}"},"query-input":"required name=search_term_string"}],"inLanguage":"pt-BR"},{"@type":"ImageObject","inLanguage":"pt-BR","@id":"https:\/\/aepetba.org.br\/v1\/editorial\/#primaryimage","url":"https:\/\/aepetba.org.br\/v1\/wp-content\/uploads\/2023\/02\/Materia-Indicacoes-de-nomes-para-as-gerencias-da-Petrobras-petroleo-bahia-Aepet-ba.jpg","contentUrl":"https:\/\/aepetba.org.br\/v1\/wp-content\/uploads\/2023\/02\/Materia-Indicacoes-de-nomes-para-as-gerencias-da-Petrobras-petroleo-bahia-Aepet-ba.jpg","width":1079,"height":938},{"@type":"WebPage","@id":"https:\/\/aepetba.org.br\/v1\/editorial\/","url":"https:\/\/aepetba.org.br\/v1\/editorial\/","name":"Editorial","isPartOf":{"@id":"https:\/\/aepetba.org.br\/v1\/#website"},"primaryImageOfPage":{"@id":"https:\/\/aepetba.org.br\/v1\/editorial\/#primaryimage"},"datePublished":"2023-03-01T13:27:01+00:00","dateModified":"2023-03-02T19:19:00+00:00","description":"AEPET-BA critica poss\u00edvel indica\u00e7\u00e3o do administrador Felipe Freitas para ocupar a ger\u00eancia de Recursos Humanos da Petrobr\u00e1s. Trajet\u00f3ria profissional de Freitas mostra que n\u00e3o \u00e9 a pessoa mais indicada para ocupar cargo.","breadcrumb":{"@id":"https:\/\/aepetba.org.br\/v1\/editorial\/#breadcrumb"},"inLanguage":"pt-BR","potentialAction":[{"@type":"ReadAction","target":["https:\/\/aepetba.org.br\/v1\/editorial\/"]}]},{"@type":"BreadcrumbList","@id":"https:\/\/aepetba.org.br\/v1\/editorial\/#breadcrumb","itemListElement":[{"@type":"ListItem","position":1,"name":"In\u00edcio","item":"https:\/\/aepetba.org.br\/v1\/"},{"@type":"ListItem","position":2,"name":"Editorial"}]},{"@type":"Article","@id":"https:\/\/aepetba.org.br\/v1\/editorial\/#article","isPartOf":{"@id":"https:\/\/aepetba.org.br\/v1\/editorial\/"},"author":{"name":"AEPETBA","@id":"https:\/\/aepetba.org.br\/v1\/#\/schema\/person\/3504208f89f3f50e1526867ebb573b88"},"headline":"Editorial","datePublished":"2023-03-01T13:27:01+00:00","dateModified":"2023-03-02T19:19:00+00:00","mainEntityOfPage":{"@id":"https:\/\/aepetba.org.br\/v1\/editorial\/"},"wordCount":842,"publisher":{"@id":"https:\/\/aepetba.org.br\/v1\/#organization"},"image":{"@id":"https:\/\/aepetba.org.br\/v1\/editorial\/#primaryimage"},"thumbnailUrl":"https:\/\/aepetba.org.br\/v1\/wp-content\/uploads\/2023\/02\/Materia-Indicacoes-de-nomes-para-as-gerencias-da-Petrobras-petroleo-bahia-Aepet-ba.jpg","articleSection":["Coluna do Associado","Destaque","Not\u00edcias"],"inLanguage":"pt-BR"},{"@type":"Person","@id":"https:\/\/aepetba.org.br\/v1\/#\/schema\/person\/3504208f89f3f50e1526867ebb573b88","name":"AEPETBA","image":{"@type":"ImageObject","inLanguage":"pt-BR","@id":"https:\/\/aepetba.org.br\/v1\/#\/schema\/person\/image\/","url":"https:\/\/secure.gravatar.com\/avatar\/3e6e1bf98c38137fc6b937d21e974714?s=96&d=mm&r=g","contentUrl":"https:\/\/secure.gravatar.com\/avatar\/3e6e1bf98c38137fc6b937d21e974714?s=96&d=mm&r=g","caption":"AEPETBA"},"sameAs":["http:\/\/aepetba.org.br\/v1"],"url":"https:\/\/aepetba.org.br\/v1\/author\/lubconsultoria\/"}]}},"_links":{"self":[{"href":"https:\/\/aepetba.org.br\/v1\/wp-json\/wp\/v2\/posts\/39913"}],"collection":[{"href":"https:\/\/aepetba.org.br\/v1\/wp-json\/wp\/v2\/posts"}],"about":[{"href":"https:\/\/aepetba.org.br\/v1\/wp-json\/wp\/v2\/types\/post"}],"author":[{"embeddable":true,"href":"https:\/\/aepetba.org.br\/v1\/wp-json\/wp\/v2\/users\/1"}],"replies":[{"embeddable":true,"href":"https:\/\/aepetba.org.br\/v1\/wp-json\/wp\/v2\/comments?post=39913"}],"version-history":[{"count":9,"href":"https:\/\/aepetba.org.br\/v1\/wp-json\/wp\/v2\/posts\/39913\/revisions"}],"predecessor-version":[{"id":39952,"href":"https:\/\/aepetba.org.br\/v1\/wp-json\/wp\/v2\/posts\/39913\/revisions\/39952"}],"wp:featuredmedia":[{"embeddable":true,"href":"https:\/\/aepetba.org.br\/v1\/wp-json\/wp\/v2\/media\/39914"}],"wp:attachment":[{"href":"https:\/\/aepetba.org.br\/v1\/wp-json\/wp\/v2\/media?parent=39913"}],"wp:term":[{"taxonomy":"category","embeddable":true,"href":"https:\/\/aepetba.org.br\/v1\/wp-json\/wp\/v2\/categories?post=39913"},{"taxonomy":"post_tag","embeddable":true,"href":"https:\/\/aepetba.org.br\/v1\/wp-json\/wp\/v2\/tags?post=39913"}],"curies":[{"name":"wp","href":"https:\/\/api.w.org\/{rel}","templated":true}]}}