{"id":39971,"date":"2023-03-02T17:07:22","date_gmt":"2023-03-02T20:07:22","guid":{"rendered":"https:\/\/aepetba.org.br\/v1\/?p=39971"},"modified":"2023-03-02T17:07:22","modified_gmt":"2023-03-02T20:07:22","slug":"indicacoes-do-governo-para-o-ca-da-petrobras-desagradaram-e-deverao-ser-contestadas-internamente","status":"publish","type":"post","link":"https:\/\/aepetba.org.br\/v1\/indicacoes-do-governo-para-o-ca-da-petrobras-desagradaram-e-deverao-ser-contestadas-internamente\/","title":{"rendered":"Indica\u00e7\u00f5es do governo para o CA da Petrobr\u00e1s desagradaram  e dever\u00e3o ser contestadas internamente"},"content":{"rendered":"<!--[if lt IE 9]><script>document.createElement('audio');<\/script><![endif]-->\n<audio class=\"wp-audio-shortcode\" id=\"audio-39971-1\" preload=\"none\" style=\"width: 100%;\" controls=\"controls\"><source type=\"audio\/ogg\" src=\"https:\/\/aepetba.org.br\/v1\/wp-content\/uploads\/2023\/03\/Indicacoes-do-governo-para-o-CA-da-Petrobras-desagradaram.ogg?_=1\" \/><a href=\"https:\/\/aepetba.org.br\/v1\/wp-content\/uploads\/2023\/03\/Indicacoes-do-governo-para-o-CA-da-Petrobras-desagradaram.ogg\">https:\/\/aepetba.org.br\/v1\/wp-content\/uploads\/2023\/03\/Indicacoes-do-governo-para-o-CA-da-Petrobras-desagradaram.ogg<\/a><\/audio>\n<p>&nbsp;<\/p>\n<p>Gerou muita insatisfa\u00e7\u00e3o entre as entidades representativas dos petroleiros, incluindo a AEPET-BA, o an\u00fancio de integrantes do novo Conselho de Administra\u00e7\u00e3o (CA) da Petrobr\u00e1s ligados ao ministro de Minas e Energia, Alexandre Silveira (PSD-MG).<\/p>\n<p>Pelo menos quatro dos sete membros da Uni\u00e3o, no CA, s\u00e3o indica\u00e7\u00f5es de Silveira s\u00e3o: Pietro Adamo Sampaio Mendes, presidente do CA; Carlos Eduardo Turchetto Santos; Vitor Eduardo de Almeida Saback; e Eug\u00eanio Tiago Chagas Cordeiro e Teixeira. Uma indica\u00e7\u00e3o \u00e9 da ministra da Gest\u00e3o e da Inova\u00e7\u00e3o em Servi\u00e7os P\u00fablicos, Esther Dweck.<\/p>\n<p>Segundo fontes, o processo de elabora\u00e7\u00e3o da lista foi alvo de conflitos entre o ministro de Minas e Energia, Alexandre Silveira, e aliados do governo Lula. A vontade do ministro teria prevalecido com amea\u00e7as de perda de apoio do PSD e do Uni\u00e3o Brasil.<\/p>\n<p>Al\u00e9m da liga\u00e7\u00e3o com o ministro Silveira, alguns nomes ser\u00e3o questionados porque apresentam conflitos de interesses, pois devem cumprir requisitos internos da empresa e da Lei das Estatais.<\/p>\n<p>Os nomes indicados s\u00e3o:<\/p>\n<p>. Pietro Adamo Sampaio Mendes (para presid\u00eancia do conselho)<\/p>\n<p>. Jean Paul Terra Prates (atual presidente da Petrobras)<\/p>\n<p>. Carlos Eduardo Turchetto Santos<\/p>\n<p>. Vitor Eduardo de Almeida Saback<\/p>\n<p>. Eug\u00eanio Tiago Chagas Cordeiro e Teixeira<\/p>\n<p>. Wagner Granja Victer<\/p>\n<p>. Sergio Machado Rezende<\/p>\n<p>. Suzana Kahn Ribeiro<\/p>\n<p>O colegiado \u00e9 formado por 11 membros. Duas vagas s\u00e3o reservadas a representantes dos acionistas minorit\u00e1rios e uma a representante dos trabalhadores, a conselheira Rosangela Buzanelli. Nas \u00faltimas elei\u00e7\u00f5es, o governo acabou perdendo vagas para minorit\u00e1rios.<\/p>\n<h2><strong>CA para quem?<\/strong><\/h2>\n<p>Era grande a expectativa em torno da composi\u00e7\u00e3o do CA, mas acabou em frustra\u00e7\u00e3o. Havia interesse que os novos integrantes tivessem representa\u00e7\u00e3o do projeto de Petrobr\u00e1s escolhido nas \u00faltimas elei\u00e7\u00f5es pelos brasileiros. Entretanto, s\u00e3o nomes que defendem interesses empresariais, com vis\u00e3o privatista e ultraliberais que dever\u00e3o dificultar as propostas do governo de reconstru\u00e7\u00e3o da empresa.<\/p>\n<p>Das decis\u00f5es do CA dependem o futuro da Petrobr\u00e1s e do pa\u00eds, tendo papel fundamental na revis\u00e3o do plano estrat\u00e9gico, p\u00f4r fim a pol\u00edtica de pre\u00e7os dos derivados de petr\u00f3leo, aprova\u00e7\u00e3o de novos diretores executivos, e do congelamento e revis\u00e3o dos processos de privatiza\u00e7\u00e3o, entre outras medidas.<\/p>\n<p>O projeto do governo \u00e9 reconstruir a gigante do petr\u00f3leo, uma Petrobr\u00e1s voltada para a energia, forte e integrada, a servi\u00e7o do Brasil e dos brasileiros.<\/p>\n<h2><strong>Veja quem s\u00e3o os nomes defendidos pelo MME<\/strong><\/h2>\n<p>A Lei das Estatais exige experi\u00eancia em empresas do mesmo setor de atua\u00e7\u00e3o ou de porte equivalente \u00e0 empresa para a qual est\u00e1 sendo indicado, pesquisa ou doc\u00eancia no ramo de atua\u00e7\u00e3o da empresa, ou passagem pelo governo em cargo de confian\u00e7a.<\/p>\n<p>H\u00e1 questionamentos se, como secret\u00e1rio de petr\u00f3leo e g\u00e1s do MME, cargo que ocupa atualmente, Pietro Mendes se enquadra na Lei das Estatais. Ele \u00e9 funcion\u00e1rio de carreira da Ag\u00eancia Nacional de Petr\u00f3leo (ANP) e acumula fun\u00e7\u00e3o do Minist\u00e9rio. Foi secret\u00e1rio-adjunto do ex-ministro bolsonarista Adolfo Sachsida.<\/p>\n<p>Eduardo Turchetto, empres\u00e1rio do setor de a\u00e7\u00facar e \u00e1lcool, responde a processo relacionado \u00e0 destrui\u00e7\u00e3o de floresta, com corte de \u00e1rvores no bioma da Mata Atl\u00e2ntica, em Minas Gerais, \u201csem licen\u00e7a ou autoriza\u00e7\u00e3o dos \u00f3rg\u00e3os ambientais competentes ou contrariando normas legais de regulamentos pertinentes\u201d, como escrito na a\u00e7\u00e3o.<\/p>\n<p>Vitor Sabak, diretor da Ag\u00eancia Nacional de \u00c1guas (ANA), onde est\u00e1 hoje por indica\u00e7\u00e3o do senador de Bolsonaro Rog\u00e9rio Marinho, foi assessor especial de Paulo Guedes e articulador da reforma da Previd\u00eancia. No governo Temer, trabalhou no Pal\u00e1cio do Planalto, como assessor de Rela\u00e7\u00f5es Parlamentares, respons\u00e1vel pelas articula\u00e7\u00f5es com o Congresso.<\/p>\n<p>Eug\u00eanio Teixeira foi s\u00f3cio do vice-governador de Minas Gerais e ex-senador Cl\u00e9ssio Andrade &#8211; vacinado contra covid-19 gratuitamente e \u00e0s escondidas, numa garagem -, na empresa Aurium Trading Importa\u00e7\u00e3o e Exporta\u00e7\u00e3o S\/A.<\/p>\n<p>Ap\u00f3s as indica\u00e7\u00f5es, os nomes passar\u00e3o por avalia\u00e7\u00e3o de comit\u00ea interno da Petrobr\u00e1s que analisa curr\u00edculos e eventuais veda\u00e7\u00f5es e conflitos. Al\u00e9m disso, ser\u00e3o submetidos \u00e0 vota\u00e7\u00e3o da Assembleia Geral Ordin\u00e1ria (AGO), que dever\u00e1 ocorrer na segunda quinzena de abril.<\/p>\n<p>(Com informa\u00e7\u00f5es do Brasil 247)<\/p>\n","protected":false},"excerpt":{"rendered":"<p>&nbsp; Gerou muita insatisfa\u00e7\u00e3o entre as entidades representativas dos petroleiros, incluindo a AEPET-BA, o an\u00fancio de integrantes do novo Conselho de Administra\u00e7\u00e3o (CA) da Petrobr\u00e1s ligados ao ministro de Minas e Energia, Alexandre Silveira (PSD-MG). Pelo menos quatro dos sete&#8230;<\/p>\n","protected":false},"author":1,"featured_media":39974,"comment_status":"closed","ping_status":"closed","sticky":false,"template":"","format":"standard","meta":[],"categories":[5,87,10],"tags":[],"yoast_head":"<!-- This site is optimized with the Yoast SEO plugin v19.3 - https:\/\/yoast.com\/wordpress\/plugins\/seo\/ -->\n<title>Indica\u00e7\u00f5es do governo para o CA da Petrobr\u00e1s desagradaram e dever\u00e3o ser contestadas internamente<\/title>\n<meta name=\"description\" content=\"AEPET-BA critica indica\u00e7\u00f5es de nomes para compor o CA da Petrobr\u00e1s. Pelo menos quatro nomes teriam sido indicados pelo ministro das Minas e Energia, Alexandre Silveira, e podem criar entraves para a reconstru\u00e7\u00e3o da Petrobr\u00e1s no Brasil e na Bahia.\" \/>\n<meta name=\"robots\" content=\"index, follow, max-snippet:-1, max-image-preview:large, max-video-preview:-1\" \/>\n<link rel=\"canonical\" href=\"https:\/\/aepetba.org.br\/v1\/indicacoes-do-governo-para-o-ca-da-petrobras-desagradaram-e-deverao-ser-contestadas-internamente\/\" \/>\n<meta property=\"og:locale\" content=\"pt_BR\" \/>\n<meta property=\"og:type\" content=\"article\" \/>\n<meta property=\"og:title\" content=\"Indica\u00e7\u00f5es do governo para o CA da Petrobr\u00e1s desagradaram e dever\u00e3o ser contestadas internamente\" \/>\n<meta property=\"og:description\" content=\"AEPET-BA critica indica\u00e7\u00f5es de nomes para compor o CA da Petrobr\u00e1s. Pelo menos quatro nomes teriam sido indicados pelo ministro das Minas e Energia, Alexandre Silveira, e podem criar entraves para a reconstru\u00e7\u00e3o da Petrobr\u00e1s no Brasil e na Bahia.\" \/>\n<meta property=\"og:url\" content=\"https:\/\/aepetba.org.br\/v1\/indicacoes-do-governo-para-o-ca-da-petrobras-desagradaram-e-deverao-ser-contestadas-internamente\/\" \/>\n<meta property=\"og:site_name\" content=\"AEPET N\u00daCLEO BAHIA\" \/>\n<meta property=\"article:publisher\" content=\"https:\/\/web.facebook.com\/aepetba\" \/>\n<meta property=\"article:published_time\" content=\"2023-03-02T20:07:22+00:00\" \/>\n<meta property=\"og:image\" content=\"https:\/\/aepetba.org.br\/v1\/wp-content\/uploads\/2023\/03\/Materia-Indicacoes-do-governo-para-o-CA-da-Petrobras-desagradaram-e-deverao-ser-contestadas-internamente-petroleo-bahia-Aepet-ba.jpg\" \/>\n\t<meta property=\"og:image:width\" content=\"1080\" \/>\n\t<meta property=\"og:image:height\" content=\"936\" \/>\n\t<meta property=\"og:image:type\" content=\"image\/jpeg\" \/>\n<meta name=\"author\" content=\"AEPETBA\" \/>\n<meta name=\"twitter:card\" content=\"summary_large_image\" \/>\n<meta name=\"twitter:creator\" content=\"@aepetbahia\" \/>\n<meta name=\"twitter:site\" content=\"@aepetbahia\" \/>\n<meta name=\"twitter:label1\" content=\"Escrito por\" \/>\n\t<meta name=\"twitter:data1\" content=\"AEPETBA\" \/>\n\t<meta name=\"twitter:label2\" content=\"Est. tempo de leitura\" \/>\n\t<meta name=\"twitter:data2\" content=\"4 minutos\" \/>\n<script type=\"application\/ld+json\" class=\"yoast-schema-graph\">{\"@context\":\"https:\/\/schema.org\",\"@graph\":[{\"@type\":\"Organization\",\"@id\":\"https:\/\/aepetba.org.br\/v1\/#organization\",\"name\":\"AEPET N\u00facleo Bahia\",\"url\":\"https:\/\/aepetba.org.br\/v1\/\",\"sameAs\":[\"https:\/\/www.instagram.com\/aepetbahia\/\",\"https:\/\/www.youtube.com\/c\/AEPETBAHIA\",\"https:\/\/web.facebook.com\/aepetba\",\"https:\/\/twitter.com\/aepetbahia\"],\"logo\":{\"@type\":\"ImageObject\",\"inLanguage\":\"pt-BR\",\"@id\":\"https:\/\/aepetba.org.br\/v1\/#\/schema\/logo\/image\/\",\"url\":\"https:\/\/aepetba.org.br\/v1\/wp-content\/uploads\/revslider\/home\/logo-AEPETBA.png\",\"contentUrl\":\"https:\/\/aepetba.org.br\/v1\/wp-content\/uploads\/revslider\/home\/logo-AEPETBA.png\",\"width\":297,\"height\":86,\"caption\":\"AEPET N\u00facleo Bahia\"},\"image\":{\"@id\":\"https:\/\/aepetba.org.br\/v1\/#\/schema\/logo\/image\/\"}},{\"@type\":\"WebSite\",\"@id\":\"https:\/\/aepetba.org.br\/v1\/#website\",\"url\":\"https:\/\/aepetba.org.br\/v1\/\",\"name\":\"AEPET N\u00daCLEO BAHIA\",\"description\":\"Associa\u00e7\u00e3o dos Engenheiros da Petrobr\u00e1s N\u00facleo Bahia Petr\u00f3leo Bahia Salvador Nordeste \",\"publisher\":{\"@id\":\"https:\/\/aepetba.org.br\/v1\/#organization\"},\"potentialAction\":[{\"@type\":\"SearchAction\",\"target\":{\"@type\":\"EntryPoint\",\"urlTemplate\":\"https:\/\/aepetba.org.br\/v1\/?s={search_term_string}\"},\"query-input\":\"required name=search_term_string\"}],\"inLanguage\":\"pt-BR\"},{\"@type\":\"ImageObject\",\"inLanguage\":\"pt-BR\",\"@id\":\"https:\/\/aepetba.org.br\/v1\/indicacoes-do-governo-para-o-ca-da-petrobras-desagradaram-e-deverao-ser-contestadas-internamente\/#primaryimage\",\"url\":\"https:\/\/aepetba.org.br\/v1\/wp-content\/uploads\/2023\/03\/Materia-Indicacoes-do-governo-para-o-CA-da-Petrobras-desagradaram-e-deverao-ser-contestadas-internamente-petroleo-bahia-Aepet-ba.jpg\",\"contentUrl\":\"https:\/\/aepetba.org.br\/v1\/wp-content\/uploads\/2023\/03\/Materia-Indicacoes-do-governo-para-o-CA-da-Petrobras-desagradaram-e-deverao-ser-contestadas-internamente-petroleo-bahia-Aepet-ba.jpg\",\"width\":1080,\"height\":936},{\"@type\":\"WebPage\",\"@id\":\"https:\/\/aepetba.org.br\/v1\/indicacoes-do-governo-para-o-ca-da-petrobras-desagradaram-e-deverao-ser-contestadas-internamente\/\",\"url\":\"https:\/\/aepetba.org.br\/v1\/indicacoes-do-governo-para-o-ca-da-petrobras-desagradaram-e-deverao-ser-contestadas-internamente\/\",\"name\":\"Indica\u00e7\u00f5es do governo para o CA da Petrobr\u00e1s desagradaram e dever\u00e3o ser contestadas internamente\",\"isPartOf\":{\"@id\":\"https:\/\/aepetba.org.br\/v1\/#website\"},\"primaryImageOfPage\":{\"@id\":\"https:\/\/aepetba.org.br\/v1\/indicacoes-do-governo-para-o-ca-da-petrobras-desagradaram-e-deverao-ser-contestadas-internamente\/#primaryimage\"},\"datePublished\":\"2023-03-02T20:07:22+00:00\",\"dateModified\":\"2023-03-02T20:07:22+00:00\",\"description\":\"AEPET-BA critica indica\u00e7\u00f5es de nomes para compor o CA da Petrobr\u00e1s. Pelo menos quatro nomes teriam sido indicados pelo ministro das Minas e Energia, Alexandre Silveira, e podem criar entraves para a reconstru\u00e7\u00e3o da Petrobr\u00e1s no Brasil e na Bahia.\",\"breadcrumb\":{\"@id\":\"https:\/\/aepetba.org.br\/v1\/indicacoes-do-governo-para-o-ca-da-petrobras-desagradaram-e-deverao-ser-contestadas-internamente\/#breadcrumb\"},\"inLanguage\":\"pt-BR\",\"potentialAction\":[{\"@type\":\"ReadAction\",\"target\":[\"https:\/\/aepetba.org.br\/v1\/indicacoes-do-governo-para-o-ca-da-petrobras-desagradaram-e-deverao-ser-contestadas-internamente\/\"]}]},{\"@type\":\"BreadcrumbList\",\"@id\":\"https:\/\/aepetba.org.br\/v1\/indicacoes-do-governo-para-o-ca-da-petrobras-desagradaram-e-deverao-ser-contestadas-internamente\/#breadcrumb\",\"itemListElement\":[{\"@type\":\"ListItem\",\"position\":1,\"name\":\"In\u00edcio\",\"item\":\"https:\/\/aepetba.org.br\/v1\/\"},{\"@type\":\"ListItem\",\"position\":2,\"name\":\"Indica\u00e7\u00f5es do governo para o CA da Petrobr\u00e1s desagradaram e dever\u00e3o ser contestadas internamente\"}]},{\"@type\":\"Article\",\"@id\":\"https:\/\/aepetba.org.br\/v1\/indicacoes-do-governo-para-o-ca-da-petrobras-desagradaram-e-deverao-ser-contestadas-internamente\/#article\",\"isPartOf\":{\"@id\":\"https:\/\/aepetba.org.br\/v1\/indicacoes-do-governo-para-o-ca-da-petrobras-desagradaram-e-deverao-ser-contestadas-internamente\/\"},\"author\":{\"name\":\"AEPETBA\",\"@id\":\"https:\/\/aepetba.org.br\/v1\/#\/schema\/person\/3504208f89f3f50e1526867ebb573b88\"},\"headline\":\"Indica\u00e7\u00f5es do governo para o CA da Petrobr\u00e1s desagradaram e dever\u00e3o ser contestadas internamente\",\"datePublished\":\"2023-03-02T20:07:22+00:00\",\"dateModified\":\"2023-03-02T20:07:22+00:00\",\"mainEntityOfPage\":{\"@id\":\"https:\/\/aepetba.org.br\/v1\/indicacoes-do-governo-para-o-ca-da-petrobras-desagradaram-e-deverao-ser-contestadas-internamente\/\"},\"wordCount\":763,\"publisher\":{\"@id\":\"https:\/\/aepetba.org.br\/v1\/#organization\"},\"image\":{\"@id\":\"https:\/\/aepetba.org.br\/v1\/indicacoes-do-governo-para-o-ca-da-petrobras-desagradaram-e-deverao-ser-contestadas-internamente\/#primaryimage\"},\"thumbnailUrl\":\"https:\/\/aepetba.org.br\/v1\/wp-content\/uploads\/2023\/03\/Materia-Indicacoes-do-governo-para-o-CA-da-Petrobras-desagradaram-e-deverao-ser-contestadas-internamente-petroleo-bahia-Aepet-ba.jpg\",\"articleSection\":[\"Coluna do Associado\",\"Destaque\",\"Not\u00edcias\"],\"inLanguage\":\"pt-BR\"},{\"@type\":\"Person\",\"@id\":\"https:\/\/aepetba.org.br\/v1\/#\/schema\/person\/3504208f89f3f50e1526867ebb573b88\",\"name\":\"AEPETBA\",\"image\":{\"@type\":\"ImageObject\",\"inLanguage\":\"pt-BR\",\"@id\":\"https:\/\/aepetba.org.br\/v1\/#\/schema\/person\/image\/\",\"url\":\"https:\/\/secure.gravatar.com\/avatar\/3e6e1bf98c38137fc6b937d21e974714?s=96&d=mm&r=g\",\"contentUrl\":\"https:\/\/secure.gravatar.com\/avatar\/3e6e1bf98c38137fc6b937d21e974714?s=96&d=mm&r=g\",\"caption\":\"AEPETBA\"},\"sameAs\":[\"http:\/\/aepetba.org.br\/v1\"],\"url\":\"https:\/\/aepetba.org.br\/v1\/author\/lubconsultoria\/\"}]}<\/script>\n<!-- \/ Yoast SEO plugin. -->","yoast_head_json":{"title":"Indica\u00e7\u00f5es do governo para o CA da Petrobr\u00e1s desagradaram e dever\u00e3o ser contestadas internamente","description":"AEPET-BA critica indica\u00e7\u00f5es de nomes para compor o CA da Petrobr\u00e1s. Pelo menos quatro nomes teriam sido indicados pelo ministro das Minas e Energia, Alexandre Silveira, e podem criar entraves para a reconstru\u00e7\u00e3o da Petrobr\u00e1s no Brasil e na Bahia.","robots":{"index":"index","follow":"follow","max-snippet":"max-snippet:-1","max-image-preview":"max-image-preview:large","max-video-preview":"max-video-preview:-1"},"canonical":"https:\/\/aepetba.org.br\/v1\/indicacoes-do-governo-para-o-ca-da-petrobras-desagradaram-e-deverao-ser-contestadas-internamente\/","og_locale":"pt_BR","og_type":"article","og_title":"Indica\u00e7\u00f5es do governo para o CA da Petrobr\u00e1s desagradaram e dever\u00e3o ser contestadas internamente","og_description":"AEPET-BA critica indica\u00e7\u00f5es de nomes para compor o CA da Petrobr\u00e1s. Pelo menos quatro nomes teriam sido indicados pelo ministro das Minas e Energia, Alexandre Silveira, e podem criar entraves para a reconstru\u00e7\u00e3o da Petrobr\u00e1s no Brasil e na Bahia.","og_url":"https:\/\/aepetba.org.br\/v1\/indicacoes-do-governo-para-o-ca-da-petrobras-desagradaram-e-deverao-ser-contestadas-internamente\/","og_site_name":"AEPET N\u00daCLEO BAHIA","article_publisher":"https:\/\/web.facebook.com\/aepetba","article_published_time":"2023-03-02T20:07:22+00:00","og_image":[{"width":1080,"height":936,"url":"https:\/\/aepetba.org.br\/v1\/wp-content\/uploads\/2023\/03\/Materia-Indicacoes-do-governo-para-o-CA-da-Petrobras-desagradaram-e-deverao-ser-contestadas-internamente-petroleo-bahia-Aepet-ba.jpg","type":"image\/jpeg"}],"author":"AEPETBA","twitter_card":"summary_large_image","twitter_creator":"@aepetbahia","twitter_site":"@aepetbahia","twitter_misc":{"Escrito por":"AEPETBA","Est. tempo de leitura":"4 minutos"},"schema":{"@context":"https:\/\/schema.org","@graph":[{"@type":"Organization","@id":"https:\/\/aepetba.org.br\/v1\/#organization","name":"AEPET N\u00facleo Bahia","url":"https:\/\/aepetba.org.br\/v1\/","sameAs":["https:\/\/www.instagram.com\/aepetbahia\/","https:\/\/www.youtube.com\/c\/AEPETBAHIA","https:\/\/web.facebook.com\/aepetba","https:\/\/twitter.com\/aepetbahia"],"logo":{"@type":"ImageObject","inLanguage":"pt-BR","@id":"https:\/\/aepetba.org.br\/v1\/#\/schema\/logo\/image\/","url":"https:\/\/aepetba.org.br\/v1\/wp-content\/uploads\/revslider\/home\/logo-AEPETBA.png","contentUrl":"https:\/\/aepetba.org.br\/v1\/wp-content\/uploads\/revslider\/home\/logo-AEPETBA.png","width":297,"height":86,"caption":"AEPET N\u00facleo Bahia"},"image":{"@id":"https:\/\/aepetba.org.br\/v1\/#\/schema\/logo\/image\/"}},{"@type":"WebSite","@id":"https:\/\/aepetba.org.br\/v1\/#website","url":"https:\/\/aepetba.org.br\/v1\/","name":"AEPET N\u00daCLEO BAHIA","description":"Associa\u00e7\u00e3o dos Engenheiros da Petrobr\u00e1s N\u00facleo Bahia Petr\u00f3leo Bahia Salvador Nordeste ","publisher":{"@id":"https:\/\/aepetba.org.br\/v1\/#organization"},"potentialAction":[{"@type":"SearchAction","target":{"@type":"EntryPoint","urlTemplate":"https:\/\/aepetba.org.br\/v1\/?s={search_term_string}"},"query-input":"required name=search_term_string"}],"inLanguage":"pt-BR"},{"@type":"ImageObject","inLanguage":"pt-BR","@id":"https:\/\/aepetba.org.br\/v1\/indicacoes-do-governo-para-o-ca-da-petrobras-desagradaram-e-deverao-ser-contestadas-internamente\/#primaryimage","url":"https:\/\/aepetba.org.br\/v1\/wp-content\/uploads\/2023\/03\/Materia-Indicacoes-do-governo-para-o-CA-da-Petrobras-desagradaram-e-deverao-ser-contestadas-internamente-petroleo-bahia-Aepet-ba.jpg","contentUrl":"https:\/\/aepetba.org.br\/v1\/wp-content\/uploads\/2023\/03\/Materia-Indicacoes-do-governo-para-o-CA-da-Petrobras-desagradaram-e-deverao-ser-contestadas-internamente-petroleo-bahia-Aepet-ba.jpg","width":1080,"height":936},{"@type":"WebPage","@id":"https:\/\/aepetba.org.br\/v1\/indicacoes-do-governo-para-o-ca-da-petrobras-desagradaram-e-deverao-ser-contestadas-internamente\/","url":"https:\/\/aepetba.org.br\/v1\/indicacoes-do-governo-para-o-ca-da-petrobras-desagradaram-e-deverao-ser-contestadas-internamente\/","name":"Indica\u00e7\u00f5es do governo para o CA da Petrobr\u00e1s desagradaram e dever\u00e3o ser contestadas internamente","isPartOf":{"@id":"https:\/\/aepetba.org.br\/v1\/#website"},"primaryImageOfPage":{"@id":"https:\/\/aepetba.org.br\/v1\/indicacoes-do-governo-para-o-ca-da-petrobras-desagradaram-e-deverao-ser-contestadas-internamente\/#primaryimage"},"datePublished":"2023-03-02T20:07:22+00:00","dateModified":"2023-03-02T20:07:22+00:00","description":"AEPET-BA critica indica\u00e7\u00f5es de nomes para compor o CA da Petrobr\u00e1s. Pelo menos quatro nomes teriam sido indicados pelo ministro das Minas e Energia, Alexandre Silveira, e podem criar entraves para a reconstru\u00e7\u00e3o da Petrobr\u00e1s no Brasil e na Bahia.","breadcrumb":{"@id":"https:\/\/aepetba.org.br\/v1\/indicacoes-do-governo-para-o-ca-da-petrobras-desagradaram-e-deverao-ser-contestadas-internamente\/#breadcrumb"},"inLanguage":"pt-BR","potentialAction":[{"@type":"ReadAction","target":["https:\/\/aepetba.org.br\/v1\/indicacoes-do-governo-para-o-ca-da-petrobras-desagradaram-e-deverao-ser-contestadas-internamente\/"]}]},{"@type":"BreadcrumbList","@id":"https:\/\/aepetba.org.br\/v1\/indicacoes-do-governo-para-o-ca-da-petrobras-desagradaram-e-deverao-ser-contestadas-internamente\/#breadcrumb","itemListElement":[{"@type":"ListItem","position":1,"name":"In\u00edcio","item":"https:\/\/aepetba.org.br\/v1\/"},{"@type":"ListItem","position":2,"name":"Indica\u00e7\u00f5es do governo para o CA da Petrobr\u00e1s desagradaram e dever\u00e3o ser contestadas internamente"}]},{"@type":"Article","@id":"https:\/\/aepetba.org.br\/v1\/indicacoes-do-governo-para-o-ca-da-petrobras-desagradaram-e-deverao-ser-contestadas-internamente\/#article","isPartOf":{"@id":"https:\/\/aepetba.org.br\/v1\/indicacoes-do-governo-para-o-ca-da-petrobras-desagradaram-e-deverao-ser-contestadas-internamente\/"},"author":{"name":"AEPETBA","@id":"https:\/\/aepetba.org.br\/v1\/#\/schema\/person\/3504208f89f3f50e1526867ebb573b88"},"headline":"Indica\u00e7\u00f5es do governo para o CA da Petrobr\u00e1s desagradaram e dever\u00e3o ser contestadas internamente","datePublished":"2023-03-02T20:07:22+00:00","dateModified":"2023-03-02T20:07:22+00:00","mainEntityOfPage":{"@id":"https:\/\/aepetba.org.br\/v1\/indicacoes-do-governo-para-o-ca-da-petrobras-desagradaram-e-deverao-ser-contestadas-internamente\/"},"wordCount":763,"publisher":{"@id":"https:\/\/aepetba.org.br\/v1\/#organization"},"image":{"@id":"https:\/\/aepetba.org.br\/v1\/indicacoes-do-governo-para-o-ca-da-petrobras-desagradaram-e-deverao-ser-contestadas-internamente\/#primaryimage"},"thumbnailUrl":"https:\/\/aepetba.org.br\/v1\/wp-content\/uploads\/2023\/03\/Materia-Indicacoes-do-governo-para-o-CA-da-Petrobras-desagradaram-e-deverao-ser-contestadas-internamente-petroleo-bahia-Aepet-ba.jpg","articleSection":["Coluna do Associado","Destaque","Not\u00edcias"],"inLanguage":"pt-BR"},{"@type":"Person","@id":"https:\/\/aepetba.org.br\/v1\/#\/schema\/person\/3504208f89f3f50e1526867ebb573b88","name":"AEPETBA","image":{"@type":"ImageObject","inLanguage":"pt-BR","@id":"https:\/\/aepetba.org.br\/v1\/#\/schema\/person\/image\/","url":"https:\/\/secure.gravatar.com\/avatar\/3e6e1bf98c38137fc6b937d21e974714?s=96&d=mm&r=g","contentUrl":"https:\/\/secure.gravatar.com\/avatar\/3e6e1bf98c38137fc6b937d21e974714?s=96&d=mm&r=g","caption":"AEPETBA"},"sameAs":["http:\/\/aepetba.org.br\/v1"],"url":"https:\/\/aepetba.org.br\/v1\/author\/lubconsultoria\/"}]}},"_links":{"self":[{"href":"https:\/\/aepetba.org.br\/v1\/wp-json\/wp\/v2\/posts\/39971"}],"collection":[{"href":"https:\/\/aepetba.org.br\/v1\/wp-json\/wp\/v2\/posts"}],"about":[{"href":"https:\/\/aepetba.org.br\/v1\/wp-json\/wp\/v2\/types\/post"}],"author":[{"embeddable":true,"href":"https:\/\/aepetba.org.br\/v1\/wp-json\/wp\/v2\/users\/1"}],"replies":[{"embeddable":true,"href":"https:\/\/aepetba.org.br\/v1\/wp-json\/wp\/v2\/comments?post=39971"}],"version-history":[{"count":2,"href":"https:\/\/aepetba.org.br\/v1\/wp-json\/wp\/v2\/posts\/39971\/revisions"}],"predecessor-version":[{"id":39975,"href":"https:\/\/aepetba.org.br\/v1\/wp-json\/wp\/v2\/posts\/39971\/revisions\/39975"}],"wp:featuredmedia":[{"embeddable":true,"href":"https:\/\/aepetba.org.br\/v1\/wp-json\/wp\/v2\/media\/39974"}],"wp:attachment":[{"href":"https:\/\/aepetba.org.br\/v1\/wp-json\/wp\/v2\/media?parent=39971"}],"wp:term":[{"taxonomy":"category","embeddable":true,"href":"https:\/\/aepetba.org.br\/v1\/wp-json\/wp\/v2\/categories?post=39971"},{"taxonomy":"post_tag","embeddable":true,"href":"https:\/\/aepetba.org.br\/v1\/wp-json\/wp\/v2\/tags?post=39971"}],"curies":[{"name":"wp","href":"https:\/\/api.w.org\/{rel}","templated":true}]}}