{"id":40139,"date":"2023-03-16T16:59:35","date_gmt":"2023-03-16T19:59:35","guid":{"rendered":"https:\/\/aepetba.org.br\/v1\/?p=40139"},"modified":"2023-03-16T16:59:35","modified_gmt":"2023-03-16T19:59:35","slug":"conselho-deliberativo-da-astape-ba-comemora-25-anos-com-sessao-especial-na-camara-de-vereadores","status":"publish","type":"post","link":"https:\/\/aepetba.org.br\/v1\/conselho-deliberativo-da-astape-ba-comemora-25-anos-com-sessao-especial-na-camara-de-vereadores\/","title":{"rendered":"Conselho Deliberativo da ASTAPE-BA comemora 25 anos com sess\u00e3o especial na C\u00e2mara de Vereadores"},"content":{"rendered":"<!--[if lt IE 9]><script>document.createElement('audio');<\/script><![endif]-->\n<audio class=\"wp-audio-shortcode\" id=\"audio-40139-1\" preload=\"none\" style=\"width: 100%;\" controls=\"controls\"><source type=\"audio\/ogg\" src=\"https:\/\/aepetba.org.br\/v1\/wp-content\/uploads\/2023\/03\/comemoracao-ASTAPE.ogg?_=1\" \/><a href=\"https:\/\/aepetba.org.br\/v1\/wp-content\/uploads\/2023\/03\/comemoracao-ASTAPE.ogg\">https:\/\/aepetba.org.br\/v1\/wp-content\/uploads\/2023\/03\/comemoracao-ASTAPE.ogg<\/a><\/audio>\n<p>&nbsp;<\/p>\n<blockquote><p><em>A AEPET-BA foi convidada para sess\u00e3o especial promovida pela Vereadora Marta Rodrigues <\/em><\/p><\/blockquote>\n<p>A C\u00e2mara Municipal de Salvador vai realizar uma sess\u00e3o especial, hoje, quinta-feira (16), em homenagem aos 25 anos do Conselho Deliberativo da Associa\u00e7\u00e3o dos Trabalhadores, Aposentados, Pensionistas e Anistiados e da Petrobr\u00e1s (ASTAPE-BA). O evento acontece no plen\u00e1rio Cosme de Farias, do legislativo municipal, \u00e0s 18 horas, com transmiss\u00e3o ao vivo pelo Facebook da Casa (www.facebook.com\/tveradiocam).<\/p>\n<p>Diretores da Associa\u00e7\u00e3o dos Engenheiros da Petrobr\u00e1s (AEPET-BA) foram convidados para a sess\u00e3o. A ASTAPE-BA integra o F\u00f3rum em Defesa da Petrobr\u00e1s, Petros e AMS, junto com a AEPET-BA e Abraspet, e tem realizado atividades conjuntas em defesa da empresa e dos direitos dos trabalhadores.<\/p>\n<p>A ASTAPE-BA foi criada em 1988 com o objetivo de ampliar as a\u00e7\u00f5es sociais juntos aos aposentados e pensionistas. O Conselho Deliberativo surgiu dez anos mais tarde e completa 25 anos.<\/p>\n<p>O presidente da ASTAPE, Honaldo Ant\u00f4nio Fernandes Moreira, refor\u00e7ou que os 25 anos do Conselho Deliberativo tem importante representatividade.\u00a0 &#8220;Por ser um per\u00edodo de maior crescimento da ASTAPE e dos seus associados&#8221;, pontuou.<\/p>\n<p>Preside o Conselho Deliberativo, o aposentado da Petrobr\u00e1s, Get\u00falio Francisco Cruz, que, no dia da posse, em abril de 2022, se comprometeu a trabalhar em benef\u00edcio dos associados e associadas \u201cem equipe, colaborativo, din\u00e2mico e focado\u201d.<\/p>\n<p>Para a vereadora Marta Rodrigues (PT), que solicitou a sess\u00e3o, a ASTAPE se tornou ao longo desses anos mais um instrumento de luta pelos direitos dos aposentados dos idosos e em defesa da Petrobr\u00e1s, num dos per\u00edodos de maior ataque e desmontes. \u201cS\u00e3o trabalhadoras e trabalhadores que participaram do processo de ascens\u00e3o da Petrobras, que estiveram \u00e0 frente transformando a Petrobras em orgulho da na\u00e7\u00e3o, que trouxe desenvolvimento social e benef\u00edcios para a sociedade brasileira\u201d, disse.<\/p>\n<p>Segundo ela, \u00e9 uma demonstra\u00e7\u00e3o de coletividade e de respeito \u00e0 democracia a consolida\u00e7\u00e3o de Associa\u00e7\u00f5es como a ASTAPE e o Conselho Deliberativo. \u201cLutam pelos direitos trabalhistas, pela coletividade e reconhecem a democracia como principal pilar para uma sociedade com equidade e justi\u00e7a social\u201d, declarou.<\/p>\n<p>Parabenizamos o Conselho Deliberativo, conselheiros e conselheiras pela dedica\u00e7\u00e3o e empenho por construir uma entidade forte como \u00e9 a ASTAPE.<\/p>\n<p>Ao mesmo tempo, convidamos os nossos associados e associados para que participem do evento na C\u00e2mara Municipal hoje.<\/p>\n<p>(Com informa\u00e7\u00f5es da Assessoria de Imprensa de Marta Rodrigues)<\/p>\n","protected":false},"excerpt":{"rendered":"<p>&nbsp; A AEPET-BA foi convidada para sess\u00e3o especial promovida pela Vereadora Marta Rodrigues A C\u00e2mara Municipal de Salvador vai realizar uma sess\u00e3o especial, hoje, quinta-feira (16), em homenagem aos 25 anos do Conselho Deliberativo da Associa\u00e7\u00e3o dos Trabalhadores, Aposentados, Pensionistas&#8230;<\/p>\n","protected":false},"author":1,"featured_media":40140,"comment_status":"closed","ping_status":"closed","sticky":false,"template":"","format":"standard","meta":[],"categories":[5,87,10],"tags":[],"yoast_head":"<!-- This site is optimized with the Yoast SEO plugin v19.3 - https:\/\/yoast.com\/wordpress\/plugins\/seo\/ -->\n<title>Conselho Deliberativo da ASTAPE-BA comemora 25 anos com sess\u00e3o especial na C\u00e2mara de Vereadores<\/title>\n<meta name=\"description\" content=\"A C\u00e2mara Municipal de Salvador vai realizar uma sess\u00e3o especial, hoje, quinta-feira (16), em homenagem aos 25 anos do Conselho Deliberativo da ASTAPE-BA. O evento acontece no plen\u00e1rio Cosme de Farias, do legislativo municipal, \u00e0s 18 horas.\" \/>\n<meta name=\"robots\" content=\"index, follow, max-snippet:-1, max-image-preview:large, max-video-preview:-1\" \/>\n<link rel=\"canonical\" href=\"https:\/\/aepetba.org.br\/v1\/conselho-deliberativo-da-astape-ba-comemora-25-anos-com-sessao-especial-na-camara-de-vereadores\/\" \/>\n<meta property=\"og:locale\" content=\"pt_BR\" \/>\n<meta property=\"og:type\" content=\"article\" \/>\n<meta property=\"og:title\" content=\"Conselho Deliberativo da ASTAPE-BA comemora 25 anos com sess\u00e3o especial na C\u00e2mara de Vereadores\" \/>\n<meta property=\"og:description\" content=\"A C\u00e2mara Municipal de Salvador vai realizar uma sess\u00e3o especial, hoje, quinta-feira (16), em homenagem aos 25 anos do Conselho Deliberativo da ASTAPE-BA. O evento acontece no plen\u00e1rio Cosme de Farias, do legislativo municipal, \u00e0s 18 horas.\" \/>\n<meta property=\"og:url\" content=\"https:\/\/aepetba.org.br\/v1\/conselho-deliberativo-da-astape-ba-comemora-25-anos-com-sessao-especial-na-camara-de-vereadores\/\" \/>\n<meta property=\"og:site_name\" content=\"AEPET N\u00daCLEO BAHIA\" \/>\n<meta property=\"article:publisher\" content=\"https:\/\/web.facebook.com\/aepetba\" \/>\n<meta property=\"article:published_time\" content=\"2023-03-16T19:59:35+00:00\" \/>\n<meta property=\"og:image\" content=\"https:\/\/aepetba.org.br\/v1\/wp-content\/uploads\/2023\/03\/Convite-comemoracao-astepe.jpeg\" \/>\n\t<meta property=\"og:image:width\" content=\"1080\" \/>\n\t<meta property=\"og:image:height\" content=\"1080\" \/>\n\t<meta property=\"og:image:type\" content=\"image\/jpeg\" \/>\n<meta name=\"author\" content=\"AEPETBA\" \/>\n<meta name=\"twitter:card\" content=\"summary_large_image\" \/>\n<meta name=\"twitter:creator\" content=\"@aepetbahia\" \/>\n<meta name=\"twitter:site\" content=\"@aepetbahia\" \/>\n<meta name=\"twitter:label1\" content=\"Escrito por\" \/>\n\t<meta name=\"twitter:data1\" content=\"AEPETBA\" \/>\n\t<meta name=\"twitter:label2\" content=\"Est. tempo de leitura\" \/>\n\t<meta name=\"twitter:data2\" content=\"3 minutos\" \/>\n<script type=\"application\/ld+json\" class=\"yoast-schema-graph\">{\"@context\":\"https:\/\/schema.org\",\"@graph\":[{\"@type\":\"Organization\",\"@id\":\"https:\/\/aepetba.org.br\/v1\/#organization\",\"name\":\"AEPET N\u00facleo Bahia\",\"url\":\"https:\/\/aepetba.org.br\/v1\/\",\"sameAs\":[\"https:\/\/www.instagram.com\/aepetbahia\/\",\"https:\/\/www.youtube.com\/c\/AEPETBAHIA\",\"https:\/\/web.facebook.com\/aepetba\",\"https:\/\/twitter.com\/aepetbahia\"],\"logo\":{\"@type\":\"ImageObject\",\"inLanguage\":\"pt-BR\",\"@id\":\"https:\/\/aepetba.org.br\/v1\/#\/schema\/logo\/image\/\",\"url\":\"https:\/\/aepetba.org.br\/v1\/wp-content\/uploads\/revslider\/home\/logo-AEPETBA.png\",\"contentUrl\":\"https:\/\/aepetba.org.br\/v1\/wp-content\/uploads\/revslider\/home\/logo-AEPETBA.png\",\"width\":297,\"height\":86,\"caption\":\"AEPET N\u00facleo Bahia\"},\"image\":{\"@id\":\"https:\/\/aepetba.org.br\/v1\/#\/schema\/logo\/image\/\"}},{\"@type\":\"WebSite\",\"@id\":\"https:\/\/aepetba.org.br\/v1\/#website\",\"url\":\"https:\/\/aepetba.org.br\/v1\/\",\"name\":\"AEPET N\u00daCLEO BAHIA\",\"description\":\"Associa\u00e7\u00e3o dos Engenheiros da Petrobr\u00e1s N\u00facleo Bahia Petr\u00f3leo Bahia Salvador Nordeste \",\"publisher\":{\"@id\":\"https:\/\/aepetba.org.br\/v1\/#organization\"},\"potentialAction\":[{\"@type\":\"SearchAction\",\"target\":{\"@type\":\"EntryPoint\",\"urlTemplate\":\"https:\/\/aepetba.org.br\/v1\/?s={search_term_string}\"},\"query-input\":\"required name=search_term_string\"}],\"inLanguage\":\"pt-BR\"},{\"@type\":\"ImageObject\",\"inLanguage\":\"pt-BR\",\"@id\":\"https:\/\/aepetba.org.br\/v1\/conselho-deliberativo-da-astape-ba-comemora-25-anos-com-sessao-especial-na-camara-de-vereadores\/#primaryimage\",\"url\":\"https:\/\/aepetba.org.br\/v1\/wp-content\/uploads\/2023\/03\/Convite-comemoracao-astepe.jpeg\",\"contentUrl\":\"https:\/\/aepetba.org.br\/v1\/wp-content\/uploads\/2023\/03\/Convite-comemoracao-astepe.jpeg\",\"width\":1080,\"height\":1080},{\"@type\":\"WebPage\",\"@id\":\"https:\/\/aepetba.org.br\/v1\/conselho-deliberativo-da-astape-ba-comemora-25-anos-com-sessao-especial-na-camara-de-vereadores\/\",\"url\":\"https:\/\/aepetba.org.br\/v1\/conselho-deliberativo-da-astape-ba-comemora-25-anos-com-sessao-especial-na-camara-de-vereadores\/\",\"name\":\"Conselho Deliberativo da ASTAPE-BA comemora 25 anos com sess\u00e3o especial na C\u00e2mara de Vereadores\",\"isPartOf\":{\"@id\":\"https:\/\/aepetba.org.br\/v1\/#website\"},\"primaryImageOfPage\":{\"@id\":\"https:\/\/aepetba.org.br\/v1\/conselho-deliberativo-da-astape-ba-comemora-25-anos-com-sessao-especial-na-camara-de-vereadores\/#primaryimage\"},\"datePublished\":\"2023-03-16T19:59:35+00:00\",\"dateModified\":\"2023-03-16T19:59:35+00:00\",\"description\":\"A C\u00e2mara Municipal de Salvador vai realizar uma sess\u00e3o especial, hoje, quinta-feira (16), em homenagem aos 25 anos do Conselho Deliberativo da ASTAPE-BA. O evento acontece no plen\u00e1rio Cosme de Farias, do legislativo municipal, \u00e0s 18 horas.\",\"breadcrumb\":{\"@id\":\"https:\/\/aepetba.org.br\/v1\/conselho-deliberativo-da-astape-ba-comemora-25-anos-com-sessao-especial-na-camara-de-vereadores\/#breadcrumb\"},\"inLanguage\":\"pt-BR\",\"potentialAction\":[{\"@type\":\"ReadAction\",\"target\":[\"https:\/\/aepetba.org.br\/v1\/conselho-deliberativo-da-astape-ba-comemora-25-anos-com-sessao-especial-na-camara-de-vereadores\/\"]}]},{\"@type\":\"BreadcrumbList\",\"@id\":\"https:\/\/aepetba.org.br\/v1\/conselho-deliberativo-da-astape-ba-comemora-25-anos-com-sessao-especial-na-camara-de-vereadores\/#breadcrumb\",\"itemListElement\":[{\"@type\":\"ListItem\",\"position\":1,\"name\":\"In\u00edcio\",\"item\":\"https:\/\/aepetba.org.br\/v1\/\"},{\"@type\":\"ListItem\",\"position\":2,\"name\":\"Conselho Deliberativo da ASTAPE-BA comemora 25 anos com sess\u00e3o especial na C\u00e2mara de Vereadores\"}]},{\"@type\":\"Article\",\"@id\":\"https:\/\/aepetba.org.br\/v1\/conselho-deliberativo-da-astape-ba-comemora-25-anos-com-sessao-especial-na-camara-de-vereadores\/#article\",\"isPartOf\":{\"@id\":\"https:\/\/aepetba.org.br\/v1\/conselho-deliberativo-da-astape-ba-comemora-25-anos-com-sessao-especial-na-camara-de-vereadores\/\"},\"author\":{\"name\":\"AEPETBA\",\"@id\":\"https:\/\/aepetba.org.br\/v1\/#\/schema\/person\/3504208f89f3f50e1526867ebb573b88\"},\"headline\":\"Conselho Deliberativo da ASTAPE-BA comemora 25 anos com sess\u00e3o especial na C\u00e2mara de Vereadores\",\"datePublished\":\"2023-03-16T19:59:35+00:00\",\"dateModified\":\"2023-03-16T19:59:35+00:00\",\"mainEntityOfPage\":{\"@id\":\"https:\/\/aepetba.org.br\/v1\/conselho-deliberativo-da-astape-ba-comemora-25-anos-com-sessao-especial-na-camara-de-vereadores\/\"},\"wordCount\":435,\"publisher\":{\"@id\":\"https:\/\/aepetba.org.br\/v1\/#organization\"},\"image\":{\"@id\":\"https:\/\/aepetba.org.br\/v1\/conselho-deliberativo-da-astape-ba-comemora-25-anos-com-sessao-especial-na-camara-de-vereadores\/#primaryimage\"},\"thumbnailUrl\":\"https:\/\/aepetba.org.br\/v1\/wp-content\/uploads\/2023\/03\/Convite-comemoracao-astepe.jpeg\",\"articleSection\":[\"Coluna do Associado\",\"Destaque\",\"Not\u00edcias\"],\"inLanguage\":\"pt-BR\"},{\"@type\":\"Person\",\"@id\":\"https:\/\/aepetba.org.br\/v1\/#\/schema\/person\/3504208f89f3f50e1526867ebb573b88\",\"name\":\"AEPETBA\",\"image\":{\"@type\":\"ImageObject\",\"inLanguage\":\"pt-BR\",\"@id\":\"https:\/\/aepetba.org.br\/v1\/#\/schema\/person\/image\/\",\"url\":\"https:\/\/secure.gravatar.com\/avatar\/3e6e1bf98c38137fc6b937d21e974714?s=96&d=mm&r=g\",\"contentUrl\":\"https:\/\/secure.gravatar.com\/avatar\/3e6e1bf98c38137fc6b937d21e974714?s=96&d=mm&r=g\",\"caption\":\"AEPETBA\"},\"sameAs\":[\"http:\/\/aepetba.org.br\/v1\"],\"url\":\"https:\/\/aepetba.org.br\/v1\/author\/lubconsultoria\/\"}]}<\/script>\n<!-- \/ Yoast SEO plugin. -->","yoast_head_json":{"title":"Conselho Deliberativo da ASTAPE-BA comemora 25 anos com sess\u00e3o especial na C\u00e2mara de Vereadores","description":"A C\u00e2mara Municipal de Salvador vai realizar uma sess\u00e3o especial, hoje, quinta-feira (16), em homenagem aos 25 anos do Conselho Deliberativo da ASTAPE-BA. O evento acontece no plen\u00e1rio Cosme de Farias, do legislativo municipal, \u00e0s 18 horas.","robots":{"index":"index","follow":"follow","max-snippet":"max-snippet:-1","max-image-preview":"max-image-preview:large","max-video-preview":"max-video-preview:-1"},"canonical":"https:\/\/aepetba.org.br\/v1\/conselho-deliberativo-da-astape-ba-comemora-25-anos-com-sessao-especial-na-camara-de-vereadores\/","og_locale":"pt_BR","og_type":"article","og_title":"Conselho Deliberativo da ASTAPE-BA comemora 25 anos com sess\u00e3o especial na C\u00e2mara de Vereadores","og_description":"A C\u00e2mara Municipal de Salvador vai realizar uma sess\u00e3o especial, hoje, quinta-feira (16), em homenagem aos 25 anos do Conselho Deliberativo da ASTAPE-BA. O evento acontece no plen\u00e1rio Cosme de Farias, do legislativo municipal, \u00e0s 18 horas.","og_url":"https:\/\/aepetba.org.br\/v1\/conselho-deliberativo-da-astape-ba-comemora-25-anos-com-sessao-especial-na-camara-de-vereadores\/","og_site_name":"AEPET N\u00daCLEO BAHIA","article_publisher":"https:\/\/web.facebook.com\/aepetba","article_published_time":"2023-03-16T19:59:35+00:00","og_image":[{"width":1080,"height":1080,"url":"https:\/\/aepetba.org.br\/v1\/wp-content\/uploads\/2023\/03\/Convite-comemoracao-astepe.jpeg","type":"image\/jpeg"}],"author":"AEPETBA","twitter_card":"summary_large_image","twitter_creator":"@aepetbahia","twitter_site":"@aepetbahia","twitter_misc":{"Escrito por":"AEPETBA","Est. tempo de leitura":"3 minutos"},"schema":{"@context":"https:\/\/schema.org","@graph":[{"@type":"Organization","@id":"https:\/\/aepetba.org.br\/v1\/#organization","name":"AEPET N\u00facleo Bahia","url":"https:\/\/aepetba.org.br\/v1\/","sameAs":["https:\/\/www.instagram.com\/aepetbahia\/","https:\/\/www.youtube.com\/c\/AEPETBAHIA","https:\/\/web.facebook.com\/aepetba","https:\/\/twitter.com\/aepetbahia"],"logo":{"@type":"ImageObject","inLanguage":"pt-BR","@id":"https:\/\/aepetba.org.br\/v1\/#\/schema\/logo\/image\/","url":"https:\/\/aepetba.org.br\/v1\/wp-content\/uploads\/revslider\/home\/logo-AEPETBA.png","contentUrl":"https:\/\/aepetba.org.br\/v1\/wp-content\/uploads\/revslider\/home\/logo-AEPETBA.png","width":297,"height":86,"caption":"AEPET N\u00facleo Bahia"},"image":{"@id":"https:\/\/aepetba.org.br\/v1\/#\/schema\/logo\/image\/"}},{"@type":"WebSite","@id":"https:\/\/aepetba.org.br\/v1\/#website","url":"https:\/\/aepetba.org.br\/v1\/","name":"AEPET N\u00daCLEO BAHIA","description":"Associa\u00e7\u00e3o dos Engenheiros da Petrobr\u00e1s N\u00facleo Bahia Petr\u00f3leo Bahia Salvador Nordeste ","publisher":{"@id":"https:\/\/aepetba.org.br\/v1\/#organization"},"potentialAction":[{"@type":"SearchAction","target":{"@type":"EntryPoint","urlTemplate":"https:\/\/aepetba.org.br\/v1\/?s={search_term_string}"},"query-input":"required name=search_term_string"}],"inLanguage":"pt-BR"},{"@type":"ImageObject","inLanguage":"pt-BR","@id":"https:\/\/aepetba.org.br\/v1\/conselho-deliberativo-da-astape-ba-comemora-25-anos-com-sessao-especial-na-camara-de-vereadores\/#primaryimage","url":"https:\/\/aepetba.org.br\/v1\/wp-content\/uploads\/2023\/03\/Convite-comemoracao-astepe.jpeg","contentUrl":"https:\/\/aepetba.org.br\/v1\/wp-content\/uploads\/2023\/03\/Convite-comemoracao-astepe.jpeg","width":1080,"height":1080},{"@type":"WebPage","@id":"https:\/\/aepetba.org.br\/v1\/conselho-deliberativo-da-astape-ba-comemora-25-anos-com-sessao-especial-na-camara-de-vereadores\/","url":"https:\/\/aepetba.org.br\/v1\/conselho-deliberativo-da-astape-ba-comemora-25-anos-com-sessao-especial-na-camara-de-vereadores\/","name":"Conselho Deliberativo da ASTAPE-BA comemora 25 anos com sess\u00e3o especial na C\u00e2mara de Vereadores","isPartOf":{"@id":"https:\/\/aepetba.org.br\/v1\/#website"},"primaryImageOfPage":{"@id":"https:\/\/aepetba.org.br\/v1\/conselho-deliberativo-da-astape-ba-comemora-25-anos-com-sessao-especial-na-camara-de-vereadores\/#primaryimage"},"datePublished":"2023-03-16T19:59:35+00:00","dateModified":"2023-03-16T19:59:35+00:00","description":"A C\u00e2mara Municipal de Salvador vai realizar uma sess\u00e3o especial, hoje, quinta-feira (16), em homenagem aos 25 anos do Conselho Deliberativo da ASTAPE-BA. O evento acontece no plen\u00e1rio Cosme de Farias, do legislativo municipal, \u00e0s 18 horas.","breadcrumb":{"@id":"https:\/\/aepetba.org.br\/v1\/conselho-deliberativo-da-astape-ba-comemora-25-anos-com-sessao-especial-na-camara-de-vereadores\/#breadcrumb"},"inLanguage":"pt-BR","potentialAction":[{"@type":"ReadAction","target":["https:\/\/aepetba.org.br\/v1\/conselho-deliberativo-da-astape-ba-comemora-25-anos-com-sessao-especial-na-camara-de-vereadores\/"]}]},{"@type":"BreadcrumbList","@id":"https:\/\/aepetba.org.br\/v1\/conselho-deliberativo-da-astape-ba-comemora-25-anos-com-sessao-especial-na-camara-de-vereadores\/#breadcrumb","itemListElement":[{"@type":"ListItem","position":1,"name":"In\u00edcio","item":"https:\/\/aepetba.org.br\/v1\/"},{"@type":"ListItem","position":2,"name":"Conselho Deliberativo da ASTAPE-BA comemora 25 anos com sess\u00e3o especial na C\u00e2mara de Vereadores"}]},{"@type":"Article","@id":"https:\/\/aepetba.org.br\/v1\/conselho-deliberativo-da-astape-ba-comemora-25-anos-com-sessao-especial-na-camara-de-vereadores\/#article","isPartOf":{"@id":"https:\/\/aepetba.org.br\/v1\/conselho-deliberativo-da-astape-ba-comemora-25-anos-com-sessao-especial-na-camara-de-vereadores\/"},"author":{"name":"AEPETBA","@id":"https:\/\/aepetba.org.br\/v1\/#\/schema\/person\/3504208f89f3f50e1526867ebb573b88"},"headline":"Conselho Deliberativo da ASTAPE-BA comemora 25 anos com sess\u00e3o especial na C\u00e2mara de Vereadores","datePublished":"2023-03-16T19:59:35+00:00","dateModified":"2023-03-16T19:59:35+00:00","mainEntityOfPage":{"@id":"https:\/\/aepetba.org.br\/v1\/conselho-deliberativo-da-astape-ba-comemora-25-anos-com-sessao-especial-na-camara-de-vereadores\/"},"wordCount":435,"publisher":{"@id":"https:\/\/aepetba.org.br\/v1\/#organization"},"image":{"@id":"https:\/\/aepetba.org.br\/v1\/conselho-deliberativo-da-astape-ba-comemora-25-anos-com-sessao-especial-na-camara-de-vereadores\/#primaryimage"},"thumbnailUrl":"https:\/\/aepetba.org.br\/v1\/wp-content\/uploads\/2023\/03\/Convite-comemoracao-astepe.jpeg","articleSection":["Coluna do Associado","Destaque","Not\u00edcias"],"inLanguage":"pt-BR"},{"@type":"Person","@id":"https:\/\/aepetba.org.br\/v1\/#\/schema\/person\/3504208f89f3f50e1526867ebb573b88","name":"AEPETBA","image":{"@type":"ImageObject","inLanguage":"pt-BR","@id":"https:\/\/aepetba.org.br\/v1\/#\/schema\/person\/image\/","url":"https:\/\/secure.gravatar.com\/avatar\/3e6e1bf98c38137fc6b937d21e974714?s=96&d=mm&r=g","contentUrl":"https:\/\/secure.gravatar.com\/avatar\/3e6e1bf98c38137fc6b937d21e974714?s=96&d=mm&r=g","caption":"AEPETBA"},"sameAs":["http:\/\/aepetba.org.br\/v1"],"url":"https:\/\/aepetba.org.br\/v1\/author\/lubconsultoria\/"}]}},"_links":{"self":[{"href":"https:\/\/aepetba.org.br\/v1\/wp-json\/wp\/v2\/posts\/40139"}],"collection":[{"href":"https:\/\/aepetba.org.br\/v1\/wp-json\/wp\/v2\/posts"}],"about":[{"href":"https:\/\/aepetba.org.br\/v1\/wp-json\/wp\/v2\/types\/post"}],"author":[{"embeddable":true,"href":"https:\/\/aepetba.org.br\/v1\/wp-json\/wp\/v2\/users\/1"}],"replies":[{"embeddable":true,"href":"https:\/\/aepetba.org.br\/v1\/wp-json\/wp\/v2\/comments?post=40139"}],"version-history":[{"count":1,"href":"https:\/\/aepetba.org.br\/v1\/wp-json\/wp\/v2\/posts\/40139\/revisions"}],"predecessor-version":[{"id":40142,"href":"https:\/\/aepetba.org.br\/v1\/wp-json\/wp\/v2\/posts\/40139\/revisions\/40142"}],"wp:featuredmedia":[{"embeddable":true,"href":"https:\/\/aepetba.org.br\/v1\/wp-json\/wp\/v2\/media\/40140"}],"wp:attachment":[{"href":"https:\/\/aepetba.org.br\/v1\/wp-json\/wp\/v2\/media?parent=40139"}],"wp:term":[{"taxonomy":"category","embeddable":true,"href":"https:\/\/aepetba.org.br\/v1\/wp-json\/wp\/v2\/categories?post=40139"},{"taxonomy":"post_tag","embeddable":true,"href":"https:\/\/aepetba.org.br\/v1\/wp-json\/wp\/v2\/tags?post=40139"}],"curies":[{"name":"wp","href":"https:\/\/api.w.org\/{rel}","templated":true}]}}