{"id":40299,"date":"2023-04-11T09:02:16","date_gmt":"2023-04-11T12:02:16","guid":{"rendered":"https:\/\/aepetba.org.br\/v1\/?p=40299"},"modified":"2023-04-11T09:02:16","modified_gmt":"2023-04-11T12:02:16","slug":"prates-cancela-visita-a-bahia","status":"publish","type":"post","link":"https:\/\/aepetba.org.br\/v1\/prates-cancela-visita-a-bahia\/","title":{"rendered":"Prates cancela visita \u00e0 Bahia"},"content":{"rendered":"<!--[if lt IE 9]><script>document.createElement('audio');<\/script><![endif]-->\n<audio class=\"wp-audio-shortcode\" id=\"audio-40299-1\" preload=\"none\" style=\"width: 100%;\" controls=\"controls\"><source type=\"audio\/ogg\" src=\"https:\/\/aepetba.org.br\/v1\/wp-content\/uploads\/2023\/04\/Prates-cancela-visita-a-Bahia.ogg?_=1\" \/><a href=\"https:\/\/aepetba.org.br\/v1\/wp-content\/uploads\/2023\/04\/Prates-cancela-visita-a-Bahia.ogg\">https:\/\/aepetba.org.br\/v1\/wp-content\/uploads\/2023\/04\/Prates-cancela-visita-a-Bahia.ogg<\/a><\/audio>\n<p>&nbsp;<\/p>\n<p>O presidente da Petrobr\u00e1s, Jean Paul Prates, cancelou a agenda prevista para quinta-feira (13\/04) na Bahia.\u00a0 Prates iria acompanhar a retomada do funcionamento dos campos de petr\u00f3leo e g\u00e1s de Ara\u00e7as e falar sobre a volta dos investimentos da estatal no estado. A informa\u00e7\u00e3o foi divulgada pelo Sindipetro-BA, nesta segunda-feira (10\/04).<\/p>\n<p>De acordo com Prates, a data ser\u00e1 remarcada. Causa certa estranheza a centraliza\u00e7\u00e3o das informa\u00e7\u00f5es sobre a agenda do presidente Jean Paul Prates em apenas uma entidade, o Sindipetro-BA, em vez de criar um canal de comunica\u00e7\u00e3o direto com a for\u00e7a de trabalho. Foi o que aconteceu, inclusive, durante a primeira visita de Prates \u00e0 Bahia, em mar\u00e7o.<\/p>\n<p>Entendemos que as rela\u00e7\u00f5es da empresa com a sociedade e com os seus empregados devem seguir crit\u00e9rios de transpar\u00eancia e isonomia. Assim como os comunicados oficiais da empresa devem ser p\u00fablicos e n\u00e3o restritos, usando a intermedia\u00e7\u00e3o de entidades, que, por sua vez, devem manter a autonomia e independ\u00eancia perante a empresa.<\/p>\n<p>A produ\u00e7\u00e3o do campo de petr\u00f3leo e g\u00e1s de Ara\u00e7as, localizado no Polo Bahia Terra, estava paralisada desde dezembro de 2022 por determina\u00e7\u00e3o da Ag\u00eancia Nacional de Petr\u00f3leo, G\u00e1s Natural e Biocombust\u00edveis (ANP), ap\u00f3s auditoria ter constatado irregularidades e problemas com a seguran\u00e7a.<\/p>\n<p>Segundo a Petrobr\u00e1s, a ANP autorizou a retomada da produ\u00e7\u00e3o do campo de Ara\u00e7\u00e1s em fins de mar\u00e7o. Desde ent\u00e3o, a empresa iniciou a execu\u00e7\u00e3o dos procedimentos operacionais para o retorno seguro da opera\u00e7\u00e3o de po\u00e7os, dutos e esta\u00e7\u00f5es de tratamento de \u00f3leo e compress\u00e3o de g\u00e1s natural desse campo, o que possibilitar\u00e1 o reestabelecimento de aproximadamente 27% da produ\u00e7\u00e3o do Polo.<\/p>\n<p>Sobre esse assunto, a AEPET-BA, com base nos comunicados da Petrobr\u00e1s, divulgou o resultado de uma reuni\u00e3o, que aconteceu no in\u00edcio de mar\u00e7o, com a participa\u00e7\u00e3o do gerente geral da UN-BA, Frederico Vieira, e o Gerente Executivo de Terra e \u00c1guas Rasas (TAR), Paulo Marinho. Nesse encontro, eles falaram sobre a desinterdi\u00e7\u00e3o de 38 instala\u00e7\u00f5es do Bahia Terra e os desdobramentos do Plano de Neg\u00f3cios 2023\/2027 referente \u00e0 UN-BA. O Plano prev\u00ea investimentos no valor de US$ 800 milh\u00f5es para o Polo Bahia Terra, com a previs\u00e3o de 140 perfura\u00e7\u00f5es de solo e cerca de 900 interven\u00e7\u00f5es em po\u00e7os que envolvem os campos de produ\u00e7\u00e3o. Al\u00e9m de outras atividades para a retomada da produ\u00e7\u00e3o dos campos.<\/p>\n<p>&nbsp;<\/p>\n<p>Saiba mais aqui &#8211; <span style=\"text-decoration: underline;\"><strong><a href=\"https:\/\/aepetba.org.br\/v1\/2023\/03\/24\/polo-bahia-terra-recebera-investimentos-de-us-800-bi\/\">Polo Bahia Terra receber\u00e1 investimentos de US$ 800 mi<\/a><\/strong><\/span><\/p>\n","protected":false},"excerpt":{"rendered":"<p>&nbsp; O presidente da Petrobr\u00e1s, Jean Paul Prates, cancelou a agenda prevista para quinta-feira (13\/04) na Bahia.\u00a0 Prates iria acompanhar a retomada do funcionamento dos campos de petr\u00f3leo e g\u00e1s de Ara\u00e7as e falar sobre a volta dos investimentos da&#8230;<\/p>\n","protected":false},"author":1,"featured_media":40300,"comment_status":"closed","ping_status":"closed","sticky":false,"template":"","format":"standard","meta":[],"categories":[5,87,10],"tags":[],"yoast_head":"<!-- This site is optimized with the Yoast SEO plugin v19.3 - https:\/\/yoast.com\/wordpress\/plugins\/seo\/ -->\n<title>Prates cancela visita \u00e0 Bahia<\/title>\n<meta name=\"description\" content=\"O presidente da Petrobr\u00e1s, Jean Paul Prates, cancelou a agenda prevista para quinta-feira (13\/04) na Bahia. Prates iria acompanhar a retomada do funcionamento dos campos de petr\u00f3leo e g\u00e1s de Ara\u00e7as e falar sobre a volta dos investimentos da estatal no estado.\" \/>\n<meta name=\"robots\" content=\"index, follow, max-snippet:-1, max-image-preview:large, max-video-preview:-1\" \/>\n<link rel=\"canonical\" href=\"https:\/\/aepetba.org.br\/v1\/prates-cancela-visita-a-bahia\/\" \/>\n<meta property=\"og:locale\" content=\"pt_BR\" \/>\n<meta property=\"og:type\" content=\"article\" \/>\n<meta property=\"og:title\" content=\"Prates cancela visita \u00e0 Bahia\" \/>\n<meta property=\"og:description\" content=\"O presidente da Petrobr\u00e1s, Jean Paul Prates, cancelou a agenda prevista para quinta-feira (13\/04) na Bahia. Prates iria acompanhar a retomada do funcionamento dos campos de petr\u00f3leo e g\u00e1s de Ara\u00e7as e falar sobre a volta dos investimentos da estatal no estado.\" \/>\n<meta property=\"og:url\" content=\"https:\/\/aepetba.org.br\/v1\/prates-cancela-visita-a-bahia\/\" \/>\n<meta property=\"og:site_name\" content=\"AEPET N\u00daCLEO BAHIA\" \/>\n<meta property=\"article:publisher\" content=\"https:\/\/web.facebook.com\/aepetba\" \/>\n<meta property=\"article:published_time\" content=\"2023-04-11T12:02:16+00:00\" \/>\n<meta property=\"og:image\" content=\"https:\/\/aepetba.org.br\/v1\/wp-content\/uploads\/2023\/04\/Materia-Prates-cancela-visita-a-Bahia-reconstruir-a-Petrobras-Aepet-ba.jpg\" \/>\n\t<meta property=\"og:image:width\" content=\"1079\" \/>\n\t<meta property=\"og:image:height\" content=\"924\" \/>\n\t<meta property=\"og:image:type\" content=\"image\/jpeg\" \/>\n<meta name=\"author\" content=\"AEPETBA\" \/>\n<meta name=\"twitter:card\" content=\"summary_large_image\" \/>\n<meta name=\"twitter:creator\" content=\"@aepetbahia\" \/>\n<meta name=\"twitter:site\" content=\"@aepetbahia\" \/>\n<meta name=\"twitter:label1\" content=\"Escrito por\" \/>\n\t<meta name=\"twitter:data1\" content=\"AEPETBA\" \/>\n\t<meta name=\"twitter:label2\" content=\"Est. tempo de leitura\" \/>\n\t<meta name=\"twitter:data2\" content=\"3 minutos\" \/>\n<script type=\"application\/ld+json\" class=\"yoast-schema-graph\">{\"@context\":\"https:\/\/schema.org\",\"@graph\":[{\"@type\":\"Organization\",\"@id\":\"https:\/\/aepetba.org.br\/v1\/#organization\",\"name\":\"AEPET N\u00facleo Bahia\",\"url\":\"https:\/\/aepetba.org.br\/v1\/\",\"sameAs\":[\"https:\/\/www.instagram.com\/aepetbahia\/\",\"https:\/\/www.youtube.com\/c\/AEPETBAHIA\",\"https:\/\/web.facebook.com\/aepetba\",\"https:\/\/twitter.com\/aepetbahia\"],\"logo\":{\"@type\":\"ImageObject\",\"inLanguage\":\"pt-BR\",\"@id\":\"https:\/\/aepetba.org.br\/v1\/#\/schema\/logo\/image\/\",\"url\":\"https:\/\/aepetba.org.br\/v1\/wp-content\/uploads\/revslider\/home\/logo-AEPETBA.png\",\"contentUrl\":\"https:\/\/aepetba.org.br\/v1\/wp-content\/uploads\/revslider\/home\/logo-AEPETBA.png\",\"width\":297,\"height\":86,\"caption\":\"AEPET N\u00facleo Bahia\"},\"image\":{\"@id\":\"https:\/\/aepetba.org.br\/v1\/#\/schema\/logo\/image\/\"}},{\"@type\":\"WebSite\",\"@id\":\"https:\/\/aepetba.org.br\/v1\/#website\",\"url\":\"https:\/\/aepetba.org.br\/v1\/\",\"name\":\"AEPET N\u00daCLEO BAHIA\",\"description\":\"Associa\u00e7\u00e3o dos Engenheiros da Petrobr\u00e1s N\u00facleo Bahia Petr\u00f3leo Bahia Salvador Nordeste \",\"publisher\":{\"@id\":\"https:\/\/aepetba.org.br\/v1\/#organization\"},\"potentialAction\":[{\"@type\":\"SearchAction\",\"target\":{\"@type\":\"EntryPoint\",\"urlTemplate\":\"https:\/\/aepetba.org.br\/v1\/?s={search_term_string}\"},\"query-input\":\"required name=search_term_string\"}],\"inLanguage\":\"pt-BR\"},{\"@type\":\"ImageObject\",\"inLanguage\":\"pt-BR\",\"@id\":\"https:\/\/aepetba.org.br\/v1\/prates-cancela-visita-a-bahia\/#primaryimage\",\"url\":\"https:\/\/aepetba.org.br\/v1\/wp-content\/uploads\/2023\/04\/Materia-Prates-cancela-visita-a-Bahia-reconstruir-a-Petrobras-Aepet-ba.jpg\",\"contentUrl\":\"https:\/\/aepetba.org.br\/v1\/wp-content\/uploads\/2023\/04\/Materia-Prates-cancela-visita-a-Bahia-reconstruir-a-Petrobras-Aepet-ba.jpg\",\"width\":1079,\"height\":924},{\"@type\":\"WebPage\",\"@id\":\"https:\/\/aepetba.org.br\/v1\/prates-cancela-visita-a-bahia\/\",\"url\":\"https:\/\/aepetba.org.br\/v1\/prates-cancela-visita-a-bahia\/\",\"name\":\"Prates cancela visita \u00e0 Bahia\",\"isPartOf\":{\"@id\":\"https:\/\/aepetba.org.br\/v1\/#website\"},\"primaryImageOfPage\":{\"@id\":\"https:\/\/aepetba.org.br\/v1\/prates-cancela-visita-a-bahia\/#primaryimage\"},\"datePublished\":\"2023-04-11T12:02:16+00:00\",\"dateModified\":\"2023-04-11T12:02:16+00:00\",\"description\":\"O presidente da Petrobr\u00e1s, Jean Paul Prates, cancelou a agenda prevista para quinta-feira (13\/04) na Bahia. Prates iria acompanhar a retomada do funcionamento dos campos de petr\u00f3leo e g\u00e1s de Ara\u00e7as e falar sobre a volta dos investimentos da estatal no estado.\",\"breadcrumb\":{\"@id\":\"https:\/\/aepetba.org.br\/v1\/prates-cancela-visita-a-bahia\/#breadcrumb\"},\"inLanguage\":\"pt-BR\",\"potentialAction\":[{\"@type\":\"ReadAction\",\"target\":[\"https:\/\/aepetba.org.br\/v1\/prates-cancela-visita-a-bahia\/\"]}]},{\"@type\":\"BreadcrumbList\",\"@id\":\"https:\/\/aepetba.org.br\/v1\/prates-cancela-visita-a-bahia\/#breadcrumb\",\"itemListElement\":[{\"@type\":\"ListItem\",\"position\":1,\"name\":\"In\u00edcio\",\"item\":\"https:\/\/aepetba.org.br\/v1\/\"},{\"@type\":\"ListItem\",\"position\":2,\"name\":\"Prates cancela visita \u00e0 Bahia\"}]},{\"@type\":\"Article\",\"@id\":\"https:\/\/aepetba.org.br\/v1\/prates-cancela-visita-a-bahia\/#article\",\"isPartOf\":{\"@id\":\"https:\/\/aepetba.org.br\/v1\/prates-cancela-visita-a-bahia\/\"},\"author\":{\"name\":\"AEPETBA\",\"@id\":\"https:\/\/aepetba.org.br\/v1\/#\/schema\/person\/3504208f89f3f50e1526867ebb573b88\"},\"headline\":\"Prates cancela visita \u00e0 Bahia\",\"datePublished\":\"2023-04-11T12:02:16+00:00\",\"dateModified\":\"2023-04-11T12:02:16+00:00\",\"mainEntityOfPage\":{\"@id\":\"https:\/\/aepetba.org.br\/v1\/prates-cancela-visita-a-bahia\/\"},\"wordCount\":457,\"publisher\":{\"@id\":\"https:\/\/aepetba.org.br\/v1\/#organization\"},\"image\":{\"@id\":\"https:\/\/aepetba.org.br\/v1\/prates-cancela-visita-a-bahia\/#primaryimage\"},\"thumbnailUrl\":\"https:\/\/aepetba.org.br\/v1\/wp-content\/uploads\/2023\/04\/Materia-Prates-cancela-visita-a-Bahia-reconstruir-a-Petrobras-Aepet-ba.jpg\",\"articleSection\":[\"Coluna do Associado\",\"Destaque\",\"Not\u00edcias\"],\"inLanguage\":\"pt-BR\"},{\"@type\":\"Person\",\"@id\":\"https:\/\/aepetba.org.br\/v1\/#\/schema\/person\/3504208f89f3f50e1526867ebb573b88\",\"name\":\"AEPETBA\",\"image\":{\"@type\":\"ImageObject\",\"inLanguage\":\"pt-BR\",\"@id\":\"https:\/\/aepetba.org.br\/v1\/#\/schema\/person\/image\/\",\"url\":\"https:\/\/secure.gravatar.com\/avatar\/3e6e1bf98c38137fc6b937d21e974714?s=96&d=mm&r=g\",\"contentUrl\":\"https:\/\/secure.gravatar.com\/avatar\/3e6e1bf98c38137fc6b937d21e974714?s=96&d=mm&r=g\",\"caption\":\"AEPETBA\"},\"sameAs\":[\"http:\/\/aepetba.org.br\/v1\"],\"url\":\"https:\/\/aepetba.org.br\/v1\/author\/lubconsultoria\/\"}]}<\/script>\n<!-- \/ Yoast SEO plugin. -->","yoast_head_json":{"title":"Prates cancela visita \u00e0 Bahia","description":"O presidente da Petrobr\u00e1s, Jean Paul Prates, cancelou a agenda prevista para quinta-feira (13\/04) na Bahia. Prates iria acompanhar a retomada do funcionamento dos campos de petr\u00f3leo e g\u00e1s de Ara\u00e7as e falar sobre a volta dos investimentos da estatal no estado.","robots":{"index":"index","follow":"follow","max-snippet":"max-snippet:-1","max-image-preview":"max-image-preview:large","max-video-preview":"max-video-preview:-1"},"canonical":"https:\/\/aepetba.org.br\/v1\/prates-cancela-visita-a-bahia\/","og_locale":"pt_BR","og_type":"article","og_title":"Prates cancela visita \u00e0 Bahia","og_description":"O presidente da Petrobr\u00e1s, Jean Paul Prates, cancelou a agenda prevista para quinta-feira (13\/04) na Bahia. Prates iria acompanhar a retomada do funcionamento dos campos de petr\u00f3leo e g\u00e1s de Ara\u00e7as e falar sobre a volta dos investimentos da estatal no estado.","og_url":"https:\/\/aepetba.org.br\/v1\/prates-cancela-visita-a-bahia\/","og_site_name":"AEPET N\u00daCLEO BAHIA","article_publisher":"https:\/\/web.facebook.com\/aepetba","article_published_time":"2023-04-11T12:02:16+00:00","og_image":[{"width":1079,"height":924,"url":"https:\/\/aepetba.org.br\/v1\/wp-content\/uploads\/2023\/04\/Materia-Prates-cancela-visita-a-Bahia-reconstruir-a-Petrobras-Aepet-ba.jpg","type":"image\/jpeg"}],"author":"AEPETBA","twitter_card":"summary_large_image","twitter_creator":"@aepetbahia","twitter_site":"@aepetbahia","twitter_misc":{"Escrito por":"AEPETBA","Est. tempo de leitura":"3 minutos"},"schema":{"@context":"https:\/\/schema.org","@graph":[{"@type":"Organization","@id":"https:\/\/aepetba.org.br\/v1\/#organization","name":"AEPET N\u00facleo Bahia","url":"https:\/\/aepetba.org.br\/v1\/","sameAs":["https:\/\/www.instagram.com\/aepetbahia\/","https:\/\/www.youtube.com\/c\/AEPETBAHIA","https:\/\/web.facebook.com\/aepetba","https:\/\/twitter.com\/aepetbahia"],"logo":{"@type":"ImageObject","inLanguage":"pt-BR","@id":"https:\/\/aepetba.org.br\/v1\/#\/schema\/logo\/image\/","url":"https:\/\/aepetba.org.br\/v1\/wp-content\/uploads\/revslider\/home\/logo-AEPETBA.png","contentUrl":"https:\/\/aepetba.org.br\/v1\/wp-content\/uploads\/revslider\/home\/logo-AEPETBA.png","width":297,"height":86,"caption":"AEPET N\u00facleo Bahia"},"image":{"@id":"https:\/\/aepetba.org.br\/v1\/#\/schema\/logo\/image\/"}},{"@type":"WebSite","@id":"https:\/\/aepetba.org.br\/v1\/#website","url":"https:\/\/aepetba.org.br\/v1\/","name":"AEPET N\u00daCLEO BAHIA","description":"Associa\u00e7\u00e3o dos Engenheiros da Petrobr\u00e1s N\u00facleo Bahia Petr\u00f3leo Bahia Salvador Nordeste ","publisher":{"@id":"https:\/\/aepetba.org.br\/v1\/#organization"},"potentialAction":[{"@type":"SearchAction","target":{"@type":"EntryPoint","urlTemplate":"https:\/\/aepetba.org.br\/v1\/?s={search_term_string}"},"query-input":"required name=search_term_string"}],"inLanguage":"pt-BR"},{"@type":"ImageObject","inLanguage":"pt-BR","@id":"https:\/\/aepetba.org.br\/v1\/prates-cancela-visita-a-bahia\/#primaryimage","url":"https:\/\/aepetba.org.br\/v1\/wp-content\/uploads\/2023\/04\/Materia-Prates-cancela-visita-a-Bahia-reconstruir-a-Petrobras-Aepet-ba.jpg","contentUrl":"https:\/\/aepetba.org.br\/v1\/wp-content\/uploads\/2023\/04\/Materia-Prates-cancela-visita-a-Bahia-reconstruir-a-Petrobras-Aepet-ba.jpg","width":1079,"height":924},{"@type":"WebPage","@id":"https:\/\/aepetba.org.br\/v1\/prates-cancela-visita-a-bahia\/","url":"https:\/\/aepetba.org.br\/v1\/prates-cancela-visita-a-bahia\/","name":"Prates cancela visita \u00e0 Bahia","isPartOf":{"@id":"https:\/\/aepetba.org.br\/v1\/#website"},"primaryImageOfPage":{"@id":"https:\/\/aepetba.org.br\/v1\/prates-cancela-visita-a-bahia\/#primaryimage"},"datePublished":"2023-04-11T12:02:16+00:00","dateModified":"2023-04-11T12:02:16+00:00","description":"O presidente da Petrobr\u00e1s, Jean Paul Prates, cancelou a agenda prevista para quinta-feira (13\/04) na Bahia. Prates iria acompanhar a retomada do funcionamento dos campos de petr\u00f3leo e g\u00e1s de Ara\u00e7as e falar sobre a volta dos investimentos da estatal no estado.","breadcrumb":{"@id":"https:\/\/aepetba.org.br\/v1\/prates-cancela-visita-a-bahia\/#breadcrumb"},"inLanguage":"pt-BR","potentialAction":[{"@type":"ReadAction","target":["https:\/\/aepetba.org.br\/v1\/prates-cancela-visita-a-bahia\/"]}]},{"@type":"BreadcrumbList","@id":"https:\/\/aepetba.org.br\/v1\/prates-cancela-visita-a-bahia\/#breadcrumb","itemListElement":[{"@type":"ListItem","position":1,"name":"In\u00edcio","item":"https:\/\/aepetba.org.br\/v1\/"},{"@type":"ListItem","position":2,"name":"Prates cancela visita \u00e0 Bahia"}]},{"@type":"Article","@id":"https:\/\/aepetba.org.br\/v1\/prates-cancela-visita-a-bahia\/#article","isPartOf":{"@id":"https:\/\/aepetba.org.br\/v1\/prates-cancela-visita-a-bahia\/"},"author":{"name":"AEPETBA","@id":"https:\/\/aepetba.org.br\/v1\/#\/schema\/person\/3504208f89f3f50e1526867ebb573b88"},"headline":"Prates cancela visita \u00e0 Bahia","datePublished":"2023-04-11T12:02:16+00:00","dateModified":"2023-04-11T12:02:16+00:00","mainEntityOfPage":{"@id":"https:\/\/aepetba.org.br\/v1\/prates-cancela-visita-a-bahia\/"},"wordCount":457,"publisher":{"@id":"https:\/\/aepetba.org.br\/v1\/#organization"},"image":{"@id":"https:\/\/aepetba.org.br\/v1\/prates-cancela-visita-a-bahia\/#primaryimage"},"thumbnailUrl":"https:\/\/aepetba.org.br\/v1\/wp-content\/uploads\/2023\/04\/Materia-Prates-cancela-visita-a-Bahia-reconstruir-a-Petrobras-Aepet-ba.jpg","articleSection":["Coluna do Associado","Destaque","Not\u00edcias"],"inLanguage":"pt-BR"},{"@type":"Person","@id":"https:\/\/aepetba.org.br\/v1\/#\/schema\/person\/3504208f89f3f50e1526867ebb573b88","name":"AEPETBA","image":{"@type":"ImageObject","inLanguage":"pt-BR","@id":"https:\/\/aepetba.org.br\/v1\/#\/schema\/person\/image\/","url":"https:\/\/secure.gravatar.com\/avatar\/3e6e1bf98c38137fc6b937d21e974714?s=96&d=mm&r=g","contentUrl":"https:\/\/secure.gravatar.com\/avatar\/3e6e1bf98c38137fc6b937d21e974714?s=96&d=mm&r=g","caption":"AEPETBA"},"sameAs":["http:\/\/aepetba.org.br\/v1"],"url":"https:\/\/aepetba.org.br\/v1\/author\/lubconsultoria\/"}]}},"_links":{"self":[{"href":"https:\/\/aepetba.org.br\/v1\/wp-json\/wp\/v2\/posts\/40299"}],"collection":[{"href":"https:\/\/aepetba.org.br\/v1\/wp-json\/wp\/v2\/posts"}],"about":[{"href":"https:\/\/aepetba.org.br\/v1\/wp-json\/wp\/v2\/types\/post"}],"author":[{"embeddable":true,"href":"https:\/\/aepetba.org.br\/v1\/wp-json\/wp\/v2\/users\/1"}],"replies":[{"embeddable":true,"href":"https:\/\/aepetba.org.br\/v1\/wp-json\/wp\/v2\/comments?post=40299"}],"version-history":[{"count":2,"href":"https:\/\/aepetba.org.br\/v1\/wp-json\/wp\/v2\/posts\/40299\/revisions"}],"predecessor-version":[{"id":40303,"href":"https:\/\/aepetba.org.br\/v1\/wp-json\/wp\/v2\/posts\/40299\/revisions\/40303"}],"wp:featuredmedia":[{"embeddable":true,"href":"https:\/\/aepetba.org.br\/v1\/wp-json\/wp\/v2\/media\/40300"}],"wp:attachment":[{"href":"https:\/\/aepetba.org.br\/v1\/wp-json\/wp\/v2\/media?parent=40299"}],"wp:term":[{"taxonomy":"category","embeddable":true,"href":"https:\/\/aepetba.org.br\/v1\/wp-json\/wp\/v2\/categories?post=40299"},{"taxonomy":"post_tag","embeddable":true,"href":"https:\/\/aepetba.org.br\/v1\/wp-json\/wp\/v2\/tags?post=40299"}],"curies":[{"name":"wp","href":"https:\/\/api.w.org\/{rel}","templated":true}]}}