{"id":40439,"date":"2023-05-01T00:05:30","date_gmt":"2023-05-01T03:05:30","guid":{"rendered":"https:\/\/aepetba.org.br\/v1\/?p=40439"},"modified":"2023-04-28T12:10:43","modified_gmt":"2023-04-28T15:10:43","slug":"1o-de-maio-esperanca-renovada-com-o-inicio-de-um-novo-tempo","status":"publish","type":"post","link":"https:\/\/aepetba.org.br\/v1\/1o-de-maio-esperanca-renovada-com-o-inicio-de-um-novo-tempo\/","title":{"rendered":"1\u00ba de Maio: esperan\u00e7a renovada com o in\u00edcio de um novo tempo"},"content":{"rendered":"<!--[if lt IE 9]><script>document.createElement('audio');<\/script><![endif]-->\n<audio class=\"wp-audio-shortcode\" id=\"audio-40439-1\" preload=\"none\" style=\"width: 100%;\" controls=\"controls\"><source type=\"audio\/ogg\" src=\"https:\/\/aepetba.org.br\/v1\/wp-content\/uploads\/2023\/04\/1-maio.ogg?_=1\" \/><a href=\"https:\/\/aepetba.org.br\/v1\/wp-content\/uploads\/2023\/04\/1-maio.ogg\">https:\/\/aepetba.org.br\/v1\/wp-content\/uploads\/2023\/04\/1-maio.ogg<\/a><\/audio>\n<p>&nbsp;<\/p>\n<p>No novo tempo, apesar dos perigos, comemoramos o 1\u00ba de Maio, no Brasil, depois de uma longa noite que sucedeu o golpe de 2016. Deixamos para atr\u00e1s a perda da esperan\u00e7a, as redu\u00e7\u00f5es de direitos, as redu\u00e7\u00f5es salariais, as perdas do sal\u00e1rio para a infla\u00e7\u00e3o e ficou para tr\u00e1s a sombra permanente da viol\u00eancia institucional para calar a luta dos trabalhadores e do povo. Ficou para tr\u00e1s tamb\u00e9m, o governo da ditadura, da morte, do \u00f3dio e da mentira.<\/p>\n<p>Apesar do Novo Tempo, tema da m\u00fasica cantada em homenagem ao presidente Lula na China, n\u00e3o podemos esquecer que estamos na luta, o tempo \u00e9 de renovar as esperan\u00e7as na luta organizada da classe trabalhadora. O 1\u00ba de Maio, o primeiro ap\u00f3s o golpe, tem de simbolizar a maturidade da classe trabalhadora na constru\u00e7\u00e3o da unidade pol\u00edtica necess\u00e1ria para a intensifica\u00e7\u00e3o e o reacendimento dos valores do trabalho, da democracia e da luta como meios necess\u00e1rios para a transforma\u00e7\u00e3o da vida de tantos milh\u00f5es de brasileiros, inclusive aqueles expurgados pelo sistema capitalista e que hoje s\u00e3o v\u00edtimas do desemprego, da mis\u00e9ria e da fome.<\/p>\n<p>O novo tempo, apesar dos avisos, sendo preciso que se diga em alto e bom som que quem venceu as elei\u00e7\u00f5es de 2022 n\u00e3o foram as m\u00e1quinas partid\u00e1rias, n\u00e3o foram os marqueteiros nem muito menos as redes sociais. A vit\u00f3ria das elei\u00e7\u00f5es foi uma vit\u00f3ria da democracia brasileira representada no que h\u00e1 de mais genu\u00edno: a classe trabalhadora.<\/p>\n<p>Fez-se uma op\u00e7\u00e3o evidente de derrotar as for\u00e7as do atraso, os inimigos da classe trabalhadora, os inimigos do pa\u00eds e do povo. Ainda assim, n\u00e3o podemos vender ilus\u00f5es. Ainda est\u00e1 distante o dia em que a classe trabalhadora re\u00fana as condi\u00e7\u00f5es objetivas e subjetivas para levantar-se contra todo os sortil\u00e9gios que ainda perduram na nossa sociedade, entre elas, as chagas da escravid\u00e3o que marcam as rela\u00e7\u00f5es de trabalho, em que os trabalhadores e as trabalhadoras jamais foram entendidos e respeitados como cidad\u00e3os e cidad\u00e3s, mas s\u00e3o vistos e tratados, como objeto de produ\u00e7\u00e3o e reprodu\u00e7\u00e3o do capital n\u00e3o tendo direito nem aos seus corpos.<\/p>\n<p>O ass\u00e9dio sexual o ass\u00e9dio moral s\u00e3o marcas de um processo ultra explorador, concentrador de renda e distribuidor da mis\u00e9ria, de aliena\u00e7\u00e3o e de toda sorte de viol\u00eancia que se pode perpetrar contra o que denominamos de a classe trabalhadora.<\/p>\n<p>Surge a aurora do novo tempo, apesar dos perigos, a urgente e necess\u00e1ria uni\u00e3o de todos e todas que emanados como uma \u00fanica classe possamos, a partir do processo de constru\u00e7\u00e3o de consci\u00eancia de classe, derrotarmos ultraliberal\u00edssimo e o fascismo que ainda amea\u00e7am o pa\u00eds.<\/p>\n<p>\u00c9 preciso a luta cotidiana dos trabalhadores para superar definitivamente a fase da tutela estabelecida, a partir de um processo de lideran\u00e7a que subverte a l\u00f3gica democr\u00e1tica, substituindo a base e utiliza-se dos instrumentos da classe trabalhadora como ferramentas partid\u00e1rias, como instrumento de enriquecimento do grupo hegem\u00f4nico na dire\u00e7\u00e3o e como trampolim pol\u00edtico eleitoral.<\/p>\n<p>\u00c9 preciso que os trabalhadores e trabalhadoras, neste 1\u00ba de Maio, entenda que n\u00e3o h\u00e1 her\u00f3is e que todos s\u00e3o chamados a serem agentes da transforma\u00e7\u00e3o, que se reconhe\u00e7am em si mesmos que s\u00e3o os \u00fanicos capazes de se libertar dos grilh\u00f5es que os aprisionam a uma vida indigna, vazia de sentido e de ilus\u00e3o da classe m\u00e9dia consumidora.<\/p>\n<p>\u00c9 preciso mais do que nunca que a unidade seja a transformadora para que atrav\u00e9s do exerc\u00edcio da luta pol\u00edtica, a classe trabalhadora desenvolva a consci\u00eancia de classe e finalmente possa cantar a uma s\u00f3 voz nas pra\u00e7as, nas ruas, que haver\u00e1 sim um novo tempo, em que a falta de direito j\u00e1 n\u00e3o seja a marca das rela\u00e7\u00f5es trabalhistas, em que os trabalhadores tenham o direito \u00e0 dignidade e possamos construir pelas pr\u00f3prias m\u00e3os e trabalho, podendo colher o fruto que produzem e n\u00e3o servir como meros acumuladores para que outros exportem o suor do nosso rosto como dividendos e lucros.<\/p>\n<p>\u00c9 preciso que os trabalhadores do campo e da cidade, dos servi\u00e7os e da ind\u00fastria, da agricultura e da tecnologia se unam em uma s\u00f3 classe que s\u00e3o, trabalhadores, que a entrega do melhor de nossas vidas se reverta em benef\u00edcio para toda a sociedade e n\u00e3o aos poucos.<\/p>\n<p>S\u00f3 nos resta a n\u00f3s mesmos, e a \u00fanica f\u00e9 poss\u00edvel, \u00e9 na luta, na unidade dos que sofrem e na constru\u00e7\u00e3o da consci\u00eancia de classe que supere o engano da classe m\u00e9dia como objetivo do empreendedorismo como eufemismo da precariza\u00e7\u00e3o. Se recebe sal\u00e1rio, n\u00e3o importa se engenheiro ou operador, nem se professor ou gari, se advogado e ou empregado dom\u00e9stico, se ge\u00f3logo ou ASG, somos todos trabalhadores e trabalhadoras vivemos do suor do nosso rosto, vendendo nossa for\u00e7a de trabalho a algu\u00e9m que nos expropria quase tudo nos deixando apenas o m\u00ednimo.<\/p>\n<p>Neste novo tempo, em quatro anos de governo, urge a revoga\u00e7\u00e3o da contrarreforma trabalhista, da reforma previdenci\u00e1ria, a reestatiza\u00e7\u00e3o das empresas e ativos p\u00fablicos privatizados, retomada da industrializa\u00e7\u00e3o do pa\u00eds, da constru\u00e7\u00e3o de empresas p\u00fablicas de Estado que sirvam ao povo brasileiro, e a retomada de uma agenda de reformas capazes de assegurar a cada brasileiro uma vida digna. Com combust\u00edveis a pre\u00e7os justos, taxa\u00e7\u00e3o de grandes fortunas e recria\u00e7\u00e3o do fundo soberano composta pela renda do petr\u00f3leo para financiamento da educa\u00e7\u00e3o e da sa\u00fade p\u00fablicas.<\/p>\n<p>Longa vida \u00e0 luta da classe trabalhadora que com suas m\u00e3os construir\u00e1 o seu pr\u00f3prio tempo, apesar dos perigos.<\/p>\n<p>&nbsp;<\/p>\n<p><strong>Marcos Andr\u00e9, presidente da AEPET-BA<\/strong><\/p>\n<p>&nbsp;<\/p>\n","protected":false},"excerpt":{"rendered":"<p>&nbsp; No novo tempo, apesar dos perigos, comemoramos o 1\u00ba de Maio, no Brasil, depois de uma longa noite que sucedeu o golpe de 2016. Deixamos para atr\u00e1s a perda da esperan\u00e7a, as redu\u00e7\u00f5es de direitos, as redu\u00e7\u00f5es salariais, as&#8230;<\/p>\n","protected":false},"author":1,"featured_media":40440,"comment_status":"closed","ping_status":"closed","sticky":false,"template":"","format":"standard","meta":[],"categories":[5,87,10],"tags":[],"yoast_head":"<!-- This site is optimized with the Yoast SEO plugin v19.3 - https:\/\/yoast.com\/wordpress\/plugins\/seo\/ -->\n<title>1\u00ba de Maio: esperan\u00e7a renovada com o in\u00edcio de um novo tempo<\/title>\n<meta name=\"description\" content=\"O presidente da AEPET-BA, Marcos Andr\u00e9, sa\u00fada os trabalhadores no 1\u00ba de Maio, desejando longa vida \u00e0 luta da classe trabalhadora que com suas m\u00e3os construir\u00e1 o seu pr\u00f3prio tempo, apesar dos perigos.\" \/>\n<meta name=\"robots\" content=\"index, follow, max-snippet:-1, max-image-preview:large, max-video-preview:-1\" \/>\n<link rel=\"canonical\" href=\"https:\/\/aepetba.org.br\/v1\/1o-de-maio-esperanca-renovada-com-o-inicio-de-um-novo-tempo\/\" \/>\n<meta property=\"og:locale\" content=\"pt_BR\" \/>\n<meta property=\"og:type\" content=\"article\" \/>\n<meta property=\"og:title\" content=\"1\u00ba de Maio: esperan\u00e7a renovada com o in\u00edcio de um novo tempo\" \/>\n<meta property=\"og:description\" content=\"O presidente da AEPET-BA, Marcos Andr\u00e9, sa\u00fada os trabalhadores no 1\u00ba de Maio, desejando longa vida \u00e0 luta da classe trabalhadora que com suas m\u00e3os construir\u00e1 o seu pr\u00f3prio tempo, apesar dos perigos.\" \/>\n<meta property=\"og:url\" content=\"https:\/\/aepetba.org.br\/v1\/1o-de-maio-esperanca-renovada-com-o-inicio-de-um-novo-tempo\/\" \/>\n<meta property=\"og:site_name\" content=\"AEPET N\u00daCLEO BAHIA\" \/>\n<meta property=\"article:publisher\" content=\"https:\/\/web.facebook.com\/aepetba\" \/>\n<meta property=\"article:published_time\" content=\"2023-05-01T03:05:30+00:00\" \/>\n<meta property=\"article:modified_time\" content=\"2023-04-28T15:10:43+00:00\" \/>\n<meta property=\"og:image\" content=\"https:\/\/aepetba.org.br\/v1\/wp-content\/uploads\/2023\/04\/Materia-1-de-maio-dia-do-trabalhador-Aepet-ba.jpg\" \/>\n\t<meta property=\"og:image:width\" content=\"1080\" \/>\n\t<meta property=\"og:image:height\" content=\"1080\" \/>\n\t<meta property=\"og:image:type\" content=\"image\/jpeg\" \/>\n<meta name=\"author\" content=\"AEPETBA\" \/>\n<meta name=\"twitter:card\" content=\"summary_large_image\" \/>\n<meta name=\"twitter:creator\" content=\"@aepetbahia\" \/>\n<meta name=\"twitter:site\" content=\"@aepetbahia\" \/>\n<meta name=\"twitter:label1\" content=\"Escrito por\" \/>\n\t<meta name=\"twitter:data1\" content=\"AEPETBA\" \/>\n\t<meta name=\"twitter:label2\" content=\"Est. tempo de leitura\" \/>\n\t<meta name=\"twitter:data2\" content=\"5 minutos\" \/>\n<script type=\"application\/ld+json\" class=\"yoast-schema-graph\">{\"@context\":\"https:\/\/schema.org\",\"@graph\":[{\"@type\":\"Organization\",\"@id\":\"https:\/\/aepetba.org.br\/v1\/#organization\",\"name\":\"AEPET N\u00facleo Bahia\",\"url\":\"https:\/\/aepetba.org.br\/v1\/\",\"sameAs\":[\"https:\/\/www.instagram.com\/aepetbahia\/\",\"https:\/\/www.youtube.com\/c\/AEPETBAHIA\",\"https:\/\/web.facebook.com\/aepetba\",\"https:\/\/twitter.com\/aepetbahia\"],\"logo\":{\"@type\":\"ImageObject\",\"inLanguage\":\"pt-BR\",\"@id\":\"https:\/\/aepetba.org.br\/v1\/#\/schema\/logo\/image\/\",\"url\":\"https:\/\/aepetba.org.br\/v1\/wp-content\/uploads\/revslider\/home\/logo-AEPETBA.png\",\"contentUrl\":\"https:\/\/aepetba.org.br\/v1\/wp-content\/uploads\/revslider\/home\/logo-AEPETBA.png\",\"width\":297,\"height\":86,\"caption\":\"AEPET N\u00facleo Bahia\"},\"image\":{\"@id\":\"https:\/\/aepetba.org.br\/v1\/#\/schema\/logo\/image\/\"}},{\"@type\":\"WebSite\",\"@id\":\"https:\/\/aepetba.org.br\/v1\/#website\",\"url\":\"https:\/\/aepetba.org.br\/v1\/\",\"name\":\"AEPET N\u00daCLEO BAHIA\",\"description\":\"Associa\u00e7\u00e3o dos Engenheiros da Petrobr\u00e1s N\u00facleo Bahia Petr\u00f3leo Bahia Salvador Nordeste \",\"publisher\":{\"@id\":\"https:\/\/aepetba.org.br\/v1\/#organization\"},\"potentialAction\":[{\"@type\":\"SearchAction\",\"target\":{\"@type\":\"EntryPoint\",\"urlTemplate\":\"https:\/\/aepetba.org.br\/v1\/?s={search_term_string}\"},\"query-input\":\"required name=search_term_string\"}],\"inLanguage\":\"pt-BR\"},{\"@type\":\"ImageObject\",\"inLanguage\":\"pt-BR\",\"@id\":\"https:\/\/aepetba.org.br\/v1\/1o-de-maio-esperanca-renovada-com-o-inicio-de-um-novo-tempo\/#primaryimage\",\"url\":\"https:\/\/aepetba.org.br\/v1\/wp-content\/uploads\/2023\/04\/Materia-1-de-maio-dia-do-trabalhador-Aepet-ba.jpg\",\"contentUrl\":\"https:\/\/aepetba.org.br\/v1\/wp-content\/uploads\/2023\/04\/Materia-1-de-maio-dia-do-trabalhador-Aepet-ba.jpg\",\"width\":1080,\"height\":1080},{\"@type\":\"WebPage\",\"@id\":\"https:\/\/aepetba.org.br\/v1\/1o-de-maio-esperanca-renovada-com-o-inicio-de-um-novo-tempo\/\",\"url\":\"https:\/\/aepetba.org.br\/v1\/1o-de-maio-esperanca-renovada-com-o-inicio-de-um-novo-tempo\/\",\"name\":\"1\u00ba de Maio: esperan\u00e7a renovada com o in\u00edcio de um novo tempo\",\"isPartOf\":{\"@id\":\"https:\/\/aepetba.org.br\/v1\/#website\"},\"primaryImageOfPage\":{\"@id\":\"https:\/\/aepetba.org.br\/v1\/1o-de-maio-esperanca-renovada-com-o-inicio-de-um-novo-tempo\/#primaryimage\"},\"datePublished\":\"2023-05-01T03:05:30+00:00\",\"dateModified\":\"2023-04-28T15:10:43+00:00\",\"description\":\"O presidente da AEPET-BA, Marcos Andr\u00e9, sa\u00fada os trabalhadores no 1\u00ba de Maio, desejando longa vida \u00e0 luta da classe trabalhadora que com suas m\u00e3os construir\u00e1 o seu pr\u00f3prio tempo, apesar dos perigos.\",\"breadcrumb\":{\"@id\":\"https:\/\/aepetba.org.br\/v1\/1o-de-maio-esperanca-renovada-com-o-inicio-de-um-novo-tempo\/#breadcrumb\"},\"inLanguage\":\"pt-BR\",\"potentialAction\":[{\"@type\":\"ReadAction\",\"target\":[\"https:\/\/aepetba.org.br\/v1\/1o-de-maio-esperanca-renovada-com-o-inicio-de-um-novo-tempo\/\"]}]},{\"@type\":\"BreadcrumbList\",\"@id\":\"https:\/\/aepetba.org.br\/v1\/1o-de-maio-esperanca-renovada-com-o-inicio-de-um-novo-tempo\/#breadcrumb\",\"itemListElement\":[{\"@type\":\"ListItem\",\"position\":1,\"name\":\"In\u00edcio\",\"item\":\"https:\/\/aepetba.org.br\/v1\/\"},{\"@type\":\"ListItem\",\"position\":2,\"name\":\"1\u00ba de Maio: esperan\u00e7a renovada com o in\u00edcio de um novo tempo\"}]},{\"@type\":\"Article\",\"@id\":\"https:\/\/aepetba.org.br\/v1\/1o-de-maio-esperanca-renovada-com-o-inicio-de-um-novo-tempo\/#article\",\"isPartOf\":{\"@id\":\"https:\/\/aepetba.org.br\/v1\/1o-de-maio-esperanca-renovada-com-o-inicio-de-um-novo-tempo\/\"},\"author\":{\"name\":\"AEPETBA\",\"@id\":\"https:\/\/aepetba.org.br\/v1\/#\/schema\/person\/3504208f89f3f50e1526867ebb573b88\"},\"headline\":\"1\u00ba de Maio: esperan\u00e7a renovada com o in\u00edcio de um novo tempo\",\"datePublished\":\"2023-05-01T03:05:30+00:00\",\"dateModified\":\"2023-04-28T15:10:43+00:00\",\"mainEntityOfPage\":{\"@id\":\"https:\/\/aepetba.org.br\/v1\/1o-de-maio-esperanca-renovada-com-o-inicio-de-um-novo-tempo\/\"},\"wordCount\":1036,\"publisher\":{\"@id\":\"https:\/\/aepetba.org.br\/v1\/#organization\"},\"image\":{\"@id\":\"https:\/\/aepetba.org.br\/v1\/1o-de-maio-esperanca-renovada-com-o-inicio-de-um-novo-tempo\/#primaryimage\"},\"thumbnailUrl\":\"https:\/\/aepetba.org.br\/v1\/wp-content\/uploads\/2023\/04\/Materia-1-de-maio-dia-do-trabalhador-Aepet-ba.jpg\",\"articleSection\":[\"Coluna do Associado\",\"Destaque\",\"Not\u00edcias\"],\"inLanguage\":\"pt-BR\"},{\"@type\":\"Person\",\"@id\":\"https:\/\/aepetba.org.br\/v1\/#\/schema\/person\/3504208f89f3f50e1526867ebb573b88\",\"name\":\"AEPETBA\",\"image\":{\"@type\":\"ImageObject\",\"inLanguage\":\"pt-BR\",\"@id\":\"https:\/\/aepetba.org.br\/v1\/#\/schema\/person\/image\/\",\"url\":\"https:\/\/secure.gravatar.com\/avatar\/3e6e1bf98c38137fc6b937d21e974714?s=96&d=mm&r=g\",\"contentUrl\":\"https:\/\/secure.gravatar.com\/avatar\/3e6e1bf98c38137fc6b937d21e974714?s=96&d=mm&r=g\",\"caption\":\"AEPETBA\"},\"sameAs\":[\"http:\/\/aepetba.org.br\/v1\"],\"url\":\"https:\/\/aepetba.org.br\/v1\/author\/lubconsultoria\/\"}]}<\/script>\n<!-- \/ Yoast SEO plugin. -->","yoast_head_json":{"title":"1\u00ba de Maio: esperan\u00e7a renovada com o in\u00edcio de um novo tempo","description":"O presidente da AEPET-BA, Marcos Andr\u00e9, sa\u00fada os trabalhadores no 1\u00ba de Maio, desejando longa vida \u00e0 luta da classe trabalhadora que com suas m\u00e3os construir\u00e1 o seu pr\u00f3prio tempo, apesar dos perigos.","robots":{"index":"index","follow":"follow","max-snippet":"max-snippet:-1","max-image-preview":"max-image-preview:large","max-video-preview":"max-video-preview:-1"},"canonical":"https:\/\/aepetba.org.br\/v1\/1o-de-maio-esperanca-renovada-com-o-inicio-de-um-novo-tempo\/","og_locale":"pt_BR","og_type":"article","og_title":"1\u00ba de Maio: esperan\u00e7a renovada com o in\u00edcio de um novo tempo","og_description":"O presidente da AEPET-BA, Marcos Andr\u00e9, sa\u00fada os trabalhadores no 1\u00ba de Maio, desejando longa vida \u00e0 luta da classe trabalhadora que com suas m\u00e3os construir\u00e1 o seu pr\u00f3prio tempo, apesar dos perigos.","og_url":"https:\/\/aepetba.org.br\/v1\/1o-de-maio-esperanca-renovada-com-o-inicio-de-um-novo-tempo\/","og_site_name":"AEPET N\u00daCLEO BAHIA","article_publisher":"https:\/\/web.facebook.com\/aepetba","article_published_time":"2023-05-01T03:05:30+00:00","article_modified_time":"2023-04-28T15:10:43+00:00","og_image":[{"width":1080,"height":1080,"url":"https:\/\/aepetba.org.br\/v1\/wp-content\/uploads\/2023\/04\/Materia-1-de-maio-dia-do-trabalhador-Aepet-ba.jpg","type":"image\/jpeg"}],"author":"AEPETBA","twitter_card":"summary_large_image","twitter_creator":"@aepetbahia","twitter_site":"@aepetbahia","twitter_misc":{"Escrito por":"AEPETBA","Est. tempo de leitura":"5 minutos"},"schema":{"@context":"https:\/\/schema.org","@graph":[{"@type":"Organization","@id":"https:\/\/aepetba.org.br\/v1\/#organization","name":"AEPET N\u00facleo Bahia","url":"https:\/\/aepetba.org.br\/v1\/","sameAs":["https:\/\/www.instagram.com\/aepetbahia\/","https:\/\/www.youtube.com\/c\/AEPETBAHIA","https:\/\/web.facebook.com\/aepetba","https:\/\/twitter.com\/aepetbahia"],"logo":{"@type":"ImageObject","inLanguage":"pt-BR","@id":"https:\/\/aepetba.org.br\/v1\/#\/schema\/logo\/image\/","url":"https:\/\/aepetba.org.br\/v1\/wp-content\/uploads\/revslider\/home\/logo-AEPETBA.png","contentUrl":"https:\/\/aepetba.org.br\/v1\/wp-content\/uploads\/revslider\/home\/logo-AEPETBA.png","width":297,"height":86,"caption":"AEPET N\u00facleo Bahia"},"image":{"@id":"https:\/\/aepetba.org.br\/v1\/#\/schema\/logo\/image\/"}},{"@type":"WebSite","@id":"https:\/\/aepetba.org.br\/v1\/#website","url":"https:\/\/aepetba.org.br\/v1\/","name":"AEPET N\u00daCLEO BAHIA","description":"Associa\u00e7\u00e3o dos Engenheiros da Petrobr\u00e1s N\u00facleo Bahia Petr\u00f3leo Bahia Salvador Nordeste ","publisher":{"@id":"https:\/\/aepetba.org.br\/v1\/#organization"},"potentialAction":[{"@type":"SearchAction","target":{"@type":"EntryPoint","urlTemplate":"https:\/\/aepetba.org.br\/v1\/?s={search_term_string}"},"query-input":"required name=search_term_string"}],"inLanguage":"pt-BR"},{"@type":"ImageObject","inLanguage":"pt-BR","@id":"https:\/\/aepetba.org.br\/v1\/1o-de-maio-esperanca-renovada-com-o-inicio-de-um-novo-tempo\/#primaryimage","url":"https:\/\/aepetba.org.br\/v1\/wp-content\/uploads\/2023\/04\/Materia-1-de-maio-dia-do-trabalhador-Aepet-ba.jpg","contentUrl":"https:\/\/aepetba.org.br\/v1\/wp-content\/uploads\/2023\/04\/Materia-1-de-maio-dia-do-trabalhador-Aepet-ba.jpg","width":1080,"height":1080},{"@type":"WebPage","@id":"https:\/\/aepetba.org.br\/v1\/1o-de-maio-esperanca-renovada-com-o-inicio-de-um-novo-tempo\/","url":"https:\/\/aepetba.org.br\/v1\/1o-de-maio-esperanca-renovada-com-o-inicio-de-um-novo-tempo\/","name":"1\u00ba de Maio: esperan\u00e7a renovada com o in\u00edcio de um novo tempo","isPartOf":{"@id":"https:\/\/aepetba.org.br\/v1\/#website"},"primaryImageOfPage":{"@id":"https:\/\/aepetba.org.br\/v1\/1o-de-maio-esperanca-renovada-com-o-inicio-de-um-novo-tempo\/#primaryimage"},"datePublished":"2023-05-01T03:05:30+00:00","dateModified":"2023-04-28T15:10:43+00:00","description":"O presidente da AEPET-BA, Marcos Andr\u00e9, sa\u00fada os trabalhadores no 1\u00ba de Maio, desejando longa vida \u00e0 luta da classe trabalhadora que com suas m\u00e3os construir\u00e1 o seu pr\u00f3prio tempo, apesar dos perigos.","breadcrumb":{"@id":"https:\/\/aepetba.org.br\/v1\/1o-de-maio-esperanca-renovada-com-o-inicio-de-um-novo-tempo\/#breadcrumb"},"inLanguage":"pt-BR","potentialAction":[{"@type":"ReadAction","target":["https:\/\/aepetba.org.br\/v1\/1o-de-maio-esperanca-renovada-com-o-inicio-de-um-novo-tempo\/"]}]},{"@type":"BreadcrumbList","@id":"https:\/\/aepetba.org.br\/v1\/1o-de-maio-esperanca-renovada-com-o-inicio-de-um-novo-tempo\/#breadcrumb","itemListElement":[{"@type":"ListItem","position":1,"name":"In\u00edcio","item":"https:\/\/aepetba.org.br\/v1\/"},{"@type":"ListItem","position":2,"name":"1\u00ba de Maio: esperan\u00e7a renovada com o in\u00edcio de um novo tempo"}]},{"@type":"Article","@id":"https:\/\/aepetba.org.br\/v1\/1o-de-maio-esperanca-renovada-com-o-inicio-de-um-novo-tempo\/#article","isPartOf":{"@id":"https:\/\/aepetba.org.br\/v1\/1o-de-maio-esperanca-renovada-com-o-inicio-de-um-novo-tempo\/"},"author":{"name":"AEPETBA","@id":"https:\/\/aepetba.org.br\/v1\/#\/schema\/person\/3504208f89f3f50e1526867ebb573b88"},"headline":"1\u00ba de Maio: esperan\u00e7a renovada com o in\u00edcio de um novo tempo","datePublished":"2023-05-01T03:05:30+00:00","dateModified":"2023-04-28T15:10:43+00:00","mainEntityOfPage":{"@id":"https:\/\/aepetba.org.br\/v1\/1o-de-maio-esperanca-renovada-com-o-inicio-de-um-novo-tempo\/"},"wordCount":1036,"publisher":{"@id":"https:\/\/aepetba.org.br\/v1\/#organization"},"image":{"@id":"https:\/\/aepetba.org.br\/v1\/1o-de-maio-esperanca-renovada-com-o-inicio-de-um-novo-tempo\/#primaryimage"},"thumbnailUrl":"https:\/\/aepetba.org.br\/v1\/wp-content\/uploads\/2023\/04\/Materia-1-de-maio-dia-do-trabalhador-Aepet-ba.jpg","articleSection":["Coluna do Associado","Destaque","Not\u00edcias"],"inLanguage":"pt-BR"},{"@type":"Person","@id":"https:\/\/aepetba.org.br\/v1\/#\/schema\/person\/3504208f89f3f50e1526867ebb573b88","name":"AEPETBA","image":{"@type":"ImageObject","inLanguage":"pt-BR","@id":"https:\/\/aepetba.org.br\/v1\/#\/schema\/person\/image\/","url":"https:\/\/secure.gravatar.com\/avatar\/3e6e1bf98c38137fc6b937d21e974714?s=96&d=mm&r=g","contentUrl":"https:\/\/secure.gravatar.com\/avatar\/3e6e1bf98c38137fc6b937d21e974714?s=96&d=mm&r=g","caption":"AEPETBA"},"sameAs":["http:\/\/aepetba.org.br\/v1"],"url":"https:\/\/aepetba.org.br\/v1\/author\/lubconsultoria\/"}]}},"_links":{"self":[{"href":"https:\/\/aepetba.org.br\/v1\/wp-json\/wp\/v2\/posts\/40439"}],"collection":[{"href":"https:\/\/aepetba.org.br\/v1\/wp-json\/wp\/v2\/posts"}],"about":[{"href":"https:\/\/aepetba.org.br\/v1\/wp-json\/wp\/v2\/types\/post"}],"author":[{"embeddable":true,"href":"https:\/\/aepetba.org.br\/v1\/wp-json\/wp\/v2\/users\/1"}],"replies":[{"embeddable":true,"href":"https:\/\/aepetba.org.br\/v1\/wp-json\/wp\/v2\/comments?post=40439"}],"version-history":[{"count":1,"href":"https:\/\/aepetba.org.br\/v1\/wp-json\/wp\/v2\/posts\/40439\/revisions"}],"predecessor-version":[{"id":40442,"href":"https:\/\/aepetba.org.br\/v1\/wp-json\/wp\/v2\/posts\/40439\/revisions\/40442"}],"wp:featuredmedia":[{"embeddable":true,"href":"https:\/\/aepetba.org.br\/v1\/wp-json\/wp\/v2\/media\/40440"}],"wp:attachment":[{"href":"https:\/\/aepetba.org.br\/v1\/wp-json\/wp\/v2\/media?parent=40439"}],"wp:term":[{"taxonomy":"category","embeddable":true,"href":"https:\/\/aepetba.org.br\/v1\/wp-json\/wp\/v2\/categories?post=40439"},{"taxonomy":"post_tag","embeddable":true,"href":"https:\/\/aepetba.org.br\/v1\/wp-json\/wp\/v2\/tags?post=40439"}],"curies":[{"name":"wp","href":"https:\/\/api.w.org\/{rel}","templated":true}]}}