{"id":40443,"date":"2023-04-28T11:26:40","date_gmt":"2023-04-28T14:26:40","guid":{"rendered":"https:\/\/aepetba.org.br\/v1\/?p=40443"},"modified":"2023-04-28T11:48:51","modified_gmt":"2023-04-28T14:48:51","slug":"28-de-abril-dia-mundial-da-seguranca-e-saude-no-trabalho-e-dia-nacional-em-memoria-das-vitimas-de-acidentes-e-doencas-no-trabalho","status":"publish","type":"post","link":"https:\/\/aepetba.org.br\/v1\/28-de-abril-dia-mundial-da-seguranca-e-saude-no-trabalho-e-dia-nacional-em-memoria-das-vitimas-de-acidentes-e-doencas-no-trabalho\/","title":{"rendered":"28 de abril: Dia Mundial da Seguran\u00e7a e Sa\u00fade no Trabalho e Dia Nacional em Mem\u00f3ria das V\u00edtimas de Acidentes e Doen\u00e7as no Trabalho"},"content":{"rendered":"<!--[if lt IE 9]><script>document.createElement('audio');<\/script><![endif]-->\n<audio class=\"wp-audio-shortcode\" id=\"audio-40443-1\" preload=\"none\" style=\"width: 100%;\" controls=\"controls\"><source type=\"audio\/ogg\" src=\"https:\/\/aepetba.org.br\/v1\/wp-content\/uploads\/2023\/04\/28-de-abril.ogg?_=1\" \/><a href=\"https:\/\/aepetba.org.br\/v1\/wp-content\/uploads\/2023\/04\/28-de-abril.ogg\">https:\/\/aepetba.org.br\/v1\/wp-content\/uploads\/2023\/04\/28-de-abril.ogg<\/a><\/audio>\n<p>&nbsp;<\/p>\n<p>O Minist\u00e9rio do Trabalho lan\u00e7ou nesta quinta-feira (27\/04), a Campanha Nacional de Preven\u00e7\u00e3o ao Acidente no Trabalho (Canpat), que tem como tema os riscos psicossociais relacionados ao ambiente de trabalho. Este ano, o foco \u00e9 a sa\u00fade mental dos trabalhadores.<\/p>\n<p>Nos \u00faltimos anos, os problemas mentais oriundos das condi\u00e7\u00f5es prec\u00e1rias de trabalho est\u00e3o aumentando. Dados da Previd\u00eancia Social apontam que, no Brasil, em 2021, mais de 75 mil pessoas se afastaram do trabalho por conta da depress\u00e3o.<\/p>\n<p>Tamb\u00e9m aumentou o n\u00famero de acidentes de trabalho. Segundo o Minist\u00e9rio do Trabalho, entre 2002 e 2021, houve mais de 600 mil acidentes no Brasil, dos quais 2.591 resultaram em mortes e 9.419 em alguma incapacidade f\u00edsica permanente.<\/p>\n<p>O mundo, de acordo com a Organiza\u00e7\u00e3o Internacional do Trabalho (OIT), perde 4% de todo o Produto Interno Bruto (PIB) em decorr\u00eancia de acidentes e doen\u00e7as do trabalho. Considerando-se o PIB planet\u00e1rio de 2022, essa perda se aproxima dos R$ 400 bilh\u00f5es.<\/p>\n<p>&nbsp;<\/p>\n<h2><strong>Acidente na Petrobr\u00e1s <\/strong><\/h2>\n<p>A categoria petroleira, que convive diariamente com os riscos de acidentes de trabalho, ainda convive com as consequ\u00eancias da privatiza\u00e7\u00e3o fatiada da empresa e a redu\u00e7\u00e3o de investimentos da Petrobr\u00e1s, nos \u00faltimos seis anos.<\/p>\n<p>Unidades sucateadas que aumentaram a inseguran\u00e7a no trabalho t\u00eam sido objeto de den\u00fancias dos trabalhadores e suas entidades representativas.<\/p>\n<p>Segundo levantamento da FUP, s\u00f3 em 2022, ocorreram tr\u00eas mortes por acidentes na Petrobr\u00e1s. Em fevereiro desse ano, um trabalhador faleceu durante servi\u00e7o realizado em espa\u00e7o confinado na Refinaria de Duque de Caxias (Reduc), no Rio de Janeiro. Em mar\u00e7o, ocorreu um acidente fatal em um helic\u00f3ptero contratado pela Petrobr\u00e1s, na Ba\u00eda de Camamu, no baixo-sul da Bahia.<\/p>\n<p>Al\u00e9m disso, com as mudan\u00e7as na AMS, os petroleiros encontram dificuldades para custear os tratamentos de doen\u00e7as ocupacionais e acidentes de trabalho. H\u00e1 den\u00fancias de omiss\u00e3o tamb\u00e9m nos procedimentos adotados pela empresa em rela\u00e7\u00e3o ao atendimento imediato e ao acompanhamento posterior desses trabalhadores. Esses temas est\u00e3o sendo objeto de discuss\u00e3o entre o GT e Petrobr\u00e1s.<\/p>\n<p>&nbsp;<\/p>\n<h2><strong>Impactos na sa\u00fade mental<\/strong><\/h2>\n<p>\u00c9 preocupante tamb\u00e9m o aumento do n\u00famero de trabalhadores (as) que apresentam impactos na sa\u00fade mental. A AEPET-BA est\u00e1 preocupada, principalmente, com os trabalhadores movimentados em consequ\u00eancia do programa de desinvestimento da gest\u00e3o anterior da Petrobr\u00e1s. Esses empregados foram transferidos de suas cidades de origem e, por diversas raz\u00f5es, viajaram sem a fam\u00edlia. Isso os deixa cada mais vulner\u00e1veis, com reflexos na sa\u00fade mental e f\u00edsica.<\/p>\n<p>Mesmo com os tratamentos em sa\u00fade mental, esses empregados n\u00e3o conseguem superar sua condi\u00e7\u00e3o e, \u00e0s vezes, apresentam dificuldades para se relacionar com os colegas e a fam\u00edlia. Situa\u00e7\u00e3o muito pior enfrentam os que est\u00e3o se locomovendo de suas cidades de origem para a unidade de trabalho em outro estado, o chamado bate-volta, que devem viajar toda semana.<\/p>\n<p>Por isso, a AEPET-BA, junto com as federa\u00e7\u00f5es \u2013 FUP e FNP \u2013 encaminharam propostas ao novo presidente da empresa, Jean Paul Prates, e ao gerente de RH, Felipe Freitas, que acabem com esse sofrimento dos petroleiros transferidos e suas fam\u00edlias.<\/p>\n<p>No Brasil, os n\u00fameros alertam para a urg\u00eancia em combater os locais de atua\u00e7\u00e3o prec\u00e1rios, o excesso de demanda, as metas abusivas, e todos os fatores que causem dano \u00e0 integridade f\u00edsica e mental. Investir na seguran\u00e7a e na sa\u00fade do trabalhador \u00e9 o primeiro passo para a constru\u00e7\u00e3o de um ambiente de trabalho seguro e saud\u00e1vel.<\/p>\n<p>A AEPET-BA, no 28 de abril, rende homenagem aos engenheiros de seguran\u00e7a do trabalho que trabalham diariamente para e implementar medidas de seguran\u00e7a que visem a reduzir ou eliminar os riscos de acidentes de trabalho.<\/p>\n<p><strong>\u00a0<\/strong><\/p>\n<h2><strong>Origem da data<\/strong><\/h2>\n<p>O dia 28 de abril foi institu\u00eddo para dar maior visibilidade \u00e0s quest\u00f5es relacionadas \u00e0 seguran\u00e7a e sa\u00fade nos locais de trabalho e conscientizar as empresas para criar condi\u00e7\u00f5es para o trabalho seguro. \u00a0No Brasil, a data foi institu\u00edda pela Lei n\u00ba 11.121\/2005.<\/p>\n<p>A data teve origem a partir da explos\u00e3o de uma mina no estado da Virg\u00ednia, nos Estados Unidos, em 28 de abril de 1969, quando morreram 78 mineiros.<\/p>\n<p>&nbsp;<\/p>\n","protected":false},"excerpt":{"rendered":"<p>&nbsp; O Minist\u00e9rio do Trabalho lan\u00e7ou nesta quinta-feira (27\/04), a Campanha Nacional de Preven\u00e7\u00e3o ao Acidente no Trabalho (Canpat), que tem como tema os riscos psicossociais relacionados ao ambiente de trabalho. Este ano, o foco \u00e9 a sa\u00fade mental dos&#8230;<\/p>\n","protected":false},"author":1,"featured_media":40447,"comment_status":"closed","ping_status":"closed","sticky":false,"template":"","format":"standard","meta":[],"categories":[5,87,10],"tags":[],"yoast_head":"<!-- This site is optimized with the Yoast SEO plugin v19.3 - https:\/\/yoast.com\/wordpress\/plugins\/seo\/ -->\n<title>28 de abril: Dia Mundial da Seguran\u00e7a e Sa\u00fade no Trabalho e Dia Nacional em Mem\u00f3ria das V\u00edtimas de Acidentes e Doen\u00e7as no Trabalho<\/title>\n<meta name=\"description\" content=\"Os problemas mentais oriundos das condi\u00e7\u00f5es prec\u00e1rias de trabalho est\u00e3o aumentando. Dados da Previd\u00eancia Social apontam que, no Brasil, em 2021, mais de 75 mil pessoas se afastaram do trabalho por conta da depress\u00e3o.\" \/>\n<meta name=\"robots\" content=\"index, follow, max-snippet:-1, max-image-preview:large, max-video-preview:-1\" \/>\n<link rel=\"canonical\" href=\"https:\/\/aepetba.org.br\/v1\/28-de-abril-dia-mundial-da-seguranca-e-saude-no-trabalho-e-dia-nacional-em-memoria-das-vitimas-de-acidentes-e-doencas-no-trabalho\/\" \/>\n<meta property=\"og:locale\" content=\"pt_BR\" \/>\n<meta property=\"og:type\" content=\"article\" \/>\n<meta property=\"og:title\" content=\"28 de abril: Dia Mundial da Seguran\u00e7a e Sa\u00fade no Trabalho e Dia Nacional em Mem\u00f3ria das V\u00edtimas de Acidentes e Doen\u00e7as no Trabalho\" \/>\n<meta property=\"og:description\" content=\"Os problemas mentais oriundos das condi\u00e7\u00f5es prec\u00e1rias de trabalho est\u00e3o aumentando. Dados da Previd\u00eancia Social apontam que, no Brasil, em 2021, mais de 75 mil pessoas se afastaram do trabalho por conta da depress\u00e3o.\" \/>\n<meta property=\"og:url\" content=\"https:\/\/aepetba.org.br\/v1\/28-de-abril-dia-mundial-da-seguranca-e-saude-no-trabalho-e-dia-nacional-em-memoria-das-vitimas-de-acidentes-e-doencas-no-trabalho\/\" \/>\n<meta property=\"og:site_name\" content=\"AEPET N\u00daCLEO BAHIA\" \/>\n<meta property=\"article:publisher\" content=\"https:\/\/web.facebook.com\/aepetba\" \/>\n<meta property=\"article:published_time\" content=\"2023-04-28T14:26:40+00:00\" \/>\n<meta property=\"article:modified_time\" content=\"2023-04-28T14:48:51+00:00\" \/>\n<meta property=\"og:image\" content=\"https:\/\/aepetba.org.br\/v1\/wp-content\/uploads\/2023\/04\/Materia-Dia-Mundial-da-Seguranca-e-Saude-no-Trabalho-em-memoria-aos-trabalhadores-petrobras-Aepet-ba.jpg\" \/>\n\t<meta property=\"og:image:width\" content=\"1080\" \/>\n\t<meta property=\"og:image:height\" content=\"936\" \/>\n\t<meta property=\"og:image:type\" content=\"image\/jpeg\" \/>\n<meta name=\"author\" content=\"AEPETBA\" \/>\n<meta name=\"twitter:card\" content=\"summary_large_image\" \/>\n<meta name=\"twitter:creator\" content=\"@aepetbahia\" \/>\n<meta name=\"twitter:site\" content=\"@aepetbahia\" \/>\n<meta name=\"twitter:label1\" content=\"Escrito por\" \/>\n\t<meta name=\"twitter:data1\" content=\"AEPETBA\" \/>\n\t<meta name=\"twitter:label2\" content=\"Est. tempo de leitura\" \/>\n\t<meta name=\"twitter:data2\" content=\"4 minutos\" \/>\n<script type=\"application\/ld+json\" class=\"yoast-schema-graph\">{\"@context\":\"https:\/\/schema.org\",\"@graph\":[{\"@type\":\"Organization\",\"@id\":\"https:\/\/aepetba.org.br\/v1\/#organization\",\"name\":\"AEPET N\u00facleo Bahia\",\"url\":\"https:\/\/aepetba.org.br\/v1\/\",\"sameAs\":[\"https:\/\/www.instagram.com\/aepetbahia\/\",\"https:\/\/www.youtube.com\/c\/AEPETBAHIA\",\"https:\/\/web.facebook.com\/aepetba\",\"https:\/\/twitter.com\/aepetbahia\"],\"logo\":{\"@type\":\"ImageObject\",\"inLanguage\":\"pt-BR\",\"@id\":\"https:\/\/aepetba.org.br\/v1\/#\/schema\/logo\/image\/\",\"url\":\"https:\/\/aepetba.org.br\/v1\/wp-content\/uploads\/revslider\/home\/logo-AEPETBA.png\",\"contentUrl\":\"https:\/\/aepetba.org.br\/v1\/wp-content\/uploads\/revslider\/home\/logo-AEPETBA.png\",\"width\":297,\"height\":86,\"caption\":\"AEPET N\u00facleo Bahia\"},\"image\":{\"@id\":\"https:\/\/aepetba.org.br\/v1\/#\/schema\/logo\/image\/\"}},{\"@type\":\"WebSite\",\"@id\":\"https:\/\/aepetba.org.br\/v1\/#website\",\"url\":\"https:\/\/aepetba.org.br\/v1\/\",\"name\":\"AEPET N\u00daCLEO BAHIA\",\"description\":\"Associa\u00e7\u00e3o dos Engenheiros da Petrobr\u00e1s N\u00facleo Bahia Petr\u00f3leo Bahia Salvador Nordeste \",\"publisher\":{\"@id\":\"https:\/\/aepetba.org.br\/v1\/#organization\"},\"potentialAction\":[{\"@type\":\"SearchAction\",\"target\":{\"@type\":\"EntryPoint\",\"urlTemplate\":\"https:\/\/aepetba.org.br\/v1\/?s={search_term_string}\"},\"query-input\":\"required name=search_term_string\"}],\"inLanguage\":\"pt-BR\"},{\"@type\":\"ImageObject\",\"inLanguage\":\"pt-BR\",\"@id\":\"https:\/\/aepetba.org.br\/v1\/28-de-abril-dia-mundial-da-seguranca-e-saude-no-trabalho-e-dia-nacional-em-memoria-das-vitimas-de-acidentes-e-doencas-no-trabalho\/#primaryimage\",\"url\":\"https:\/\/aepetba.org.br\/v1\/wp-content\/uploads\/2023\/04\/Materia-Dia-Mundial-da-Seguranca-e-Saude-no-Trabalho-em-memoria-aos-trabalhadores-petrobras-Aepet-ba.jpg\",\"contentUrl\":\"https:\/\/aepetba.org.br\/v1\/wp-content\/uploads\/2023\/04\/Materia-Dia-Mundial-da-Seguranca-e-Saude-no-Trabalho-em-memoria-aos-trabalhadores-petrobras-Aepet-ba.jpg\",\"width\":1080,\"height\":936},{\"@type\":\"WebPage\",\"@id\":\"https:\/\/aepetba.org.br\/v1\/28-de-abril-dia-mundial-da-seguranca-e-saude-no-trabalho-e-dia-nacional-em-memoria-das-vitimas-de-acidentes-e-doencas-no-trabalho\/\",\"url\":\"https:\/\/aepetba.org.br\/v1\/28-de-abril-dia-mundial-da-seguranca-e-saude-no-trabalho-e-dia-nacional-em-memoria-das-vitimas-de-acidentes-e-doencas-no-trabalho\/\",\"name\":\"28 de abril: Dia Mundial da Seguran\u00e7a e Sa\u00fade no Trabalho e Dia Nacional em Mem\u00f3ria das V\u00edtimas de Acidentes e Doen\u00e7as no Trabalho\",\"isPartOf\":{\"@id\":\"https:\/\/aepetba.org.br\/v1\/#website\"},\"primaryImageOfPage\":{\"@id\":\"https:\/\/aepetba.org.br\/v1\/28-de-abril-dia-mundial-da-seguranca-e-saude-no-trabalho-e-dia-nacional-em-memoria-das-vitimas-de-acidentes-e-doencas-no-trabalho\/#primaryimage\"},\"datePublished\":\"2023-04-28T14:26:40+00:00\",\"dateModified\":\"2023-04-28T14:48:51+00:00\",\"description\":\"Os problemas mentais oriundos das condi\u00e7\u00f5es prec\u00e1rias de trabalho est\u00e3o aumentando. Dados da Previd\u00eancia Social apontam que, no Brasil, em 2021, mais de 75 mil pessoas se afastaram do trabalho por conta da depress\u00e3o.\",\"breadcrumb\":{\"@id\":\"https:\/\/aepetba.org.br\/v1\/28-de-abril-dia-mundial-da-seguranca-e-saude-no-trabalho-e-dia-nacional-em-memoria-das-vitimas-de-acidentes-e-doencas-no-trabalho\/#breadcrumb\"},\"inLanguage\":\"pt-BR\",\"potentialAction\":[{\"@type\":\"ReadAction\",\"target\":[\"https:\/\/aepetba.org.br\/v1\/28-de-abril-dia-mundial-da-seguranca-e-saude-no-trabalho-e-dia-nacional-em-memoria-das-vitimas-de-acidentes-e-doencas-no-trabalho\/\"]}]},{\"@type\":\"BreadcrumbList\",\"@id\":\"https:\/\/aepetba.org.br\/v1\/28-de-abril-dia-mundial-da-seguranca-e-saude-no-trabalho-e-dia-nacional-em-memoria-das-vitimas-de-acidentes-e-doencas-no-trabalho\/#breadcrumb\",\"itemListElement\":[{\"@type\":\"ListItem\",\"position\":1,\"name\":\"In\u00edcio\",\"item\":\"https:\/\/aepetba.org.br\/v1\/\"},{\"@type\":\"ListItem\",\"position\":2,\"name\":\"28 de abril: Dia Mundial da Seguran\u00e7a e Sa\u00fade no Trabalho e Dia Nacional em Mem\u00f3ria das V\u00edtimas de Acidentes e Doen\u00e7as no Trabalho\"}]},{\"@type\":\"Article\",\"@id\":\"https:\/\/aepetba.org.br\/v1\/28-de-abril-dia-mundial-da-seguranca-e-saude-no-trabalho-e-dia-nacional-em-memoria-das-vitimas-de-acidentes-e-doencas-no-trabalho\/#article\",\"isPartOf\":{\"@id\":\"https:\/\/aepetba.org.br\/v1\/28-de-abril-dia-mundial-da-seguranca-e-saude-no-trabalho-e-dia-nacional-em-memoria-das-vitimas-de-acidentes-e-doencas-no-trabalho\/\"},\"author\":{\"name\":\"AEPETBA\",\"@id\":\"https:\/\/aepetba.org.br\/v1\/#\/schema\/person\/3504208f89f3f50e1526867ebb573b88\"},\"headline\":\"28 de abril: Dia Mundial da Seguran\u00e7a e Sa\u00fade no Trabalho e Dia Nacional em Mem\u00f3ria das V\u00edtimas de Acidentes e Doen\u00e7as no Trabalho\",\"datePublished\":\"2023-04-28T14:26:40+00:00\",\"dateModified\":\"2023-04-28T14:48:51+00:00\",\"mainEntityOfPage\":{\"@id\":\"https:\/\/aepetba.org.br\/v1\/28-de-abril-dia-mundial-da-seguranca-e-saude-no-trabalho-e-dia-nacional-em-memoria-das-vitimas-de-acidentes-e-doencas-no-trabalho\/\"},\"wordCount\":763,\"publisher\":{\"@id\":\"https:\/\/aepetba.org.br\/v1\/#organization\"},\"image\":{\"@id\":\"https:\/\/aepetba.org.br\/v1\/28-de-abril-dia-mundial-da-seguranca-e-saude-no-trabalho-e-dia-nacional-em-memoria-das-vitimas-de-acidentes-e-doencas-no-trabalho\/#primaryimage\"},\"thumbnailUrl\":\"https:\/\/aepetba.org.br\/v1\/wp-content\/uploads\/2023\/04\/Materia-Dia-Mundial-da-Seguranca-e-Saude-no-Trabalho-em-memoria-aos-trabalhadores-petrobras-Aepet-ba.jpg\",\"articleSection\":[\"Coluna do Associado\",\"Destaque\",\"Not\u00edcias\"],\"inLanguage\":\"pt-BR\"},{\"@type\":\"Person\",\"@id\":\"https:\/\/aepetba.org.br\/v1\/#\/schema\/person\/3504208f89f3f50e1526867ebb573b88\",\"name\":\"AEPETBA\",\"image\":{\"@type\":\"ImageObject\",\"inLanguage\":\"pt-BR\",\"@id\":\"https:\/\/aepetba.org.br\/v1\/#\/schema\/person\/image\/\",\"url\":\"https:\/\/secure.gravatar.com\/avatar\/3e6e1bf98c38137fc6b937d21e974714?s=96&d=mm&r=g\",\"contentUrl\":\"https:\/\/secure.gravatar.com\/avatar\/3e6e1bf98c38137fc6b937d21e974714?s=96&d=mm&r=g\",\"caption\":\"AEPETBA\"},\"sameAs\":[\"http:\/\/aepetba.org.br\/v1\"],\"url\":\"https:\/\/aepetba.org.br\/v1\/author\/lubconsultoria\/\"}]}<\/script>\n<!-- \/ Yoast SEO plugin. -->","yoast_head_json":{"title":"28 de abril: Dia Mundial da Seguran\u00e7a e Sa\u00fade no Trabalho e Dia Nacional em Mem\u00f3ria das V\u00edtimas de Acidentes e Doen\u00e7as no Trabalho","description":"Os problemas mentais oriundos das condi\u00e7\u00f5es prec\u00e1rias de trabalho est\u00e3o aumentando. Dados da Previd\u00eancia Social apontam que, no Brasil, em 2021, mais de 75 mil pessoas se afastaram do trabalho por conta da depress\u00e3o.","robots":{"index":"index","follow":"follow","max-snippet":"max-snippet:-1","max-image-preview":"max-image-preview:large","max-video-preview":"max-video-preview:-1"},"canonical":"https:\/\/aepetba.org.br\/v1\/28-de-abril-dia-mundial-da-seguranca-e-saude-no-trabalho-e-dia-nacional-em-memoria-das-vitimas-de-acidentes-e-doencas-no-trabalho\/","og_locale":"pt_BR","og_type":"article","og_title":"28 de abril: Dia Mundial da Seguran\u00e7a e Sa\u00fade no Trabalho e Dia Nacional em Mem\u00f3ria das V\u00edtimas de Acidentes e Doen\u00e7as no Trabalho","og_description":"Os problemas mentais oriundos das condi\u00e7\u00f5es prec\u00e1rias de trabalho est\u00e3o aumentando. Dados da Previd\u00eancia Social apontam que, no Brasil, em 2021, mais de 75 mil pessoas se afastaram do trabalho por conta da depress\u00e3o.","og_url":"https:\/\/aepetba.org.br\/v1\/28-de-abril-dia-mundial-da-seguranca-e-saude-no-trabalho-e-dia-nacional-em-memoria-das-vitimas-de-acidentes-e-doencas-no-trabalho\/","og_site_name":"AEPET N\u00daCLEO BAHIA","article_publisher":"https:\/\/web.facebook.com\/aepetba","article_published_time":"2023-04-28T14:26:40+00:00","article_modified_time":"2023-04-28T14:48:51+00:00","og_image":[{"width":1080,"height":936,"url":"https:\/\/aepetba.org.br\/v1\/wp-content\/uploads\/2023\/04\/Materia-Dia-Mundial-da-Seguranca-e-Saude-no-Trabalho-em-memoria-aos-trabalhadores-petrobras-Aepet-ba.jpg","type":"image\/jpeg"}],"author":"AEPETBA","twitter_card":"summary_large_image","twitter_creator":"@aepetbahia","twitter_site":"@aepetbahia","twitter_misc":{"Escrito por":"AEPETBA","Est. tempo de leitura":"4 minutos"},"schema":{"@context":"https:\/\/schema.org","@graph":[{"@type":"Organization","@id":"https:\/\/aepetba.org.br\/v1\/#organization","name":"AEPET N\u00facleo Bahia","url":"https:\/\/aepetba.org.br\/v1\/","sameAs":["https:\/\/www.instagram.com\/aepetbahia\/","https:\/\/www.youtube.com\/c\/AEPETBAHIA","https:\/\/web.facebook.com\/aepetba","https:\/\/twitter.com\/aepetbahia"],"logo":{"@type":"ImageObject","inLanguage":"pt-BR","@id":"https:\/\/aepetba.org.br\/v1\/#\/schema\/logo\/image\/","url":"https:\/\/aepetba.org.br\/v1\/wp-content\/uploads\/revslider\/home\/logo-AEPETBA.png","contentUrl":"https:\/\/aepetba.org.br\/v1\/wp-content\/uploads\/revslider\/home\/logo-AEPETBA.png","width":297,"height":86,"caption":"AEPET N\u00facleo Bahia"},"image":{"@id":"https:\/\/aepetba.org.br\/v1\/#\/schema\/logo\/image\/"}},{"@type":"WebSite","@id":"https:\/\/aepetba.org.br\/v1\/#website","url":"https:\/\/aepetba.org.br\/v1\/","name":"AEPET N\u00daCLEO BAHIA","description":"Associa\u00e7\u00e3o dos Engenheiros da Petrobr\u00e1s N\u00facleo Bahia Petr\u00f3leo Bahia Salvador Nordeste ","publisher":{"@id":"https:\/\/aepetba.org.br\/v1\/#organization"},"potentialAction":[{"@type":"SearchAction","target":{"@type":"EntryPoint","urlTemplate":"https:\/\/aepetba.org.br\/v1\/?s={search_term_string}"},"query-input":"required name=search_term_string"}],"inLanguage":"pt-BR"},{"@type":"ImageObject","inLanguage":"pt-BR","@id":"https:\/\/aepetba.org.br\/v1\/28-de-abril-dia-mundial-da-seguranca-e-saude-no-trabalho-e-dia-nacional-em-memoria-das-vitimas-de-acidentes-e-doencas-no-trabalho\/#primaryimage","url":"https:\/\/aepetba.org.br\/v1\/wp-content\/uploads\/2023\/04\/Materia-Dia-Mundial-da-Seguranca-e-Saude-no-Trabalho-em-memoria-aos-trabalhadores-petrobras-Aepet-ba.jpg","contentUrl":"https:\/\/aepetba.org.br\/v1\/wp-content\/uploads\/2023\/04\/Materia-Dia-Mundial-da-Seguranca-e-Saude-no-Trabalho-em-memoria-aos-trabalhadores-petrobras-Aepet-ba.jpg","width":1080,"height":936},{"@type":"WebPage","@id":"https:\/\/aepetba.org.br\/v1\/28-de-abril-dia-mundial-da-seguranca-e-saude-no-trabalho-e-dia-nacional-em-memoria-das-vitimas-de-acidentes-e-doencas-no-trabalho\/","url":"https:\/\/aepetba.org.br\/v1\/28-de-abril-dia-mundial-da-seguranca-e-saude-no-trabalho-e-dia-nacional-em-memoria-das-vitimas-de-acidentes-e-doencas-no-trabalho\/","name":"28 de abril: Dia Mundial da Seguran\u00e7a e Sa\u00fade no Trabalho e Dia Nacional em Mem\u00f3ria das V\u00edtimas de Acidentes e Doen\u00e7as no Trabalho","isPartOf":{"@id":"https:\/\/aepetba.org.br\/v1\/#website"},"primaryImageOfPage":{"@id":"https:\/\/aepetba.org.br\/v1\/28-de-abril-dia-mundial-da-seguranca-e-saude-no-trabalho-e-dia-nacional-em-memoria-das-vitimas-de-acidentes-e-doencas-no-trabalho\/#primaryimage"},"datePublished":"2023-04-28T14:26:40+00:00","dateModified":"2023-04-28T14:48:51+00:00","description":"Os problemas mentais oriundos das condi\u00e7\u00f5es prec\u00e1rias de trabalho est\u00e3o aumentando. Dados da Previd\u00eancia Social apontam que, no Brasil, em 2021, mais de 75 mil pessoas se afastaram do trabalho por conta da depress\u00e3o.","breadcrumb":{"@id":"https:\/\/aepetba.org.br\/v1\/28-de-abril-dia-mundial-da-seguranca-e-saude-no-trabalho-e-dia-nacional-em-memoria-das-vitimas-de-acidentes-e-doencas-no-trabalho\/#breadcrumb"},"inLanguage":"pt-BR","potentialAction":[{"@type":"ReadAction","target":["https:\/\/aepetba.org.br\/v1\/28-de-abril-dia-mundial-da-seguranca-e-saude-no-trabalho-e-dia-nacional-em-memoria-das-vitimas-de-acidentes-e-doencas-no-trabalho\/"]}]},{"@type":"BreadcrumbList","@id":"https:\/\/aepetba.org.br\/v1\/28-de-abril-dia-mundial-da-seguranca-e-saude-no-trabalho-e-dia-nacional-em-memoria-das-vitimas-de-acidentes-e-doencas-no-trabalho\/#breadcrumb","itemListElement":[{"@type":"ListItem","position":1,"name":"In\u00edcio","item":"https:\/\/aepetba.org.br\/v1\/"},{"@type":"ListItem","position":2,"name":"28 de abril: Dia Mundial da Seguran\u00e7a e Sa\u00fade no Trabalho e Dia Nacional em Mem\u00f3ria das V\u00edtimas de Acidentes e Doen\u00e7as no Trabalho"}]},{"@type":"Article","@id":"https:\/\/aepetba.org.br\/v1\/28-de-abril-dia-mundial-da-seguranca-e-saude-no-trabalho-e-dia-nacional-em-memoria-das-vitimas-de-acidentes-e-doencas-no-trabalho\/#article","isPartOf":{"@id":"https:\/\/aepetba.org.br\/v1\/28-de-abril-dia-mundial-da-seguranca-e-saude-no-trabalho-e-dia-nacional-em-memoria-das-vitimas-de-acidentes-e-doencas-no-trabalho\/"},"author":{"name":"AEPETBA","@id":"https:\/\/aepetba.org.br\/v1\/#\/schema\/person\/3504208f89f3f50e1526867ebb573b88"},"headline":"28 de abril: Dia Mundial da Seguran\u00e7a e Sa\u00fade no Trabalho e Dia Nacional em Mem\u00f3ria das V\u00edtimas de Acidentes e Doen\u00e7as no Trabalho","datePublished":"2023-04-28T14:26:40+00:00","dateModified":"2023-04-28T14:48:51+00:00","mainEntityOfPage":{"@id":"https:\/\/aepetba.org.br\/v1\/28-de-abril-dia-mundial-da-seguranca-e-saude-no-trabalho-e-dia-nacional-em-memoria-das-vitimas-de-acidentes-e-doencas-no-trabalho\/"},"wordCount":763,"publisher":{"@id":"https:\/\/aepetba.org.br\/v1\/#organization"},"image":{"@id":"https:\/\/aepetba.org.br\/v1\/28-de-abril-dia-mundial-da-seguranca-e-saude-no-trabalho-e-dia-nacional-em-memoria-das-vitimas-de-acidentes-e-doencas-no-trabalho\/#primaryimage"},"thumbnailUrl":"https:\/\/aepetba.org.br\/v1\/wp-content\/uploads\/2023\/04\/Materia-Dia-Mundial-da-Seguranca-e-Saude-no-Trabalho-em-memoria-aos-trabalhadores-petrobras-Aepet-ba.jpg","articleSection":["Coluna do Associado","Destaque","Not\u00edcias"],"inLanguage":"pt-BR"},{"@type":"Person","@id":"https:\/\/aepetba.org.br\/v1\/#\/schema\/person\/3504208f89f3f50e1526867ebb573b88","name":"AEPETBA","image":{"@type":"ImageObject","inLanguage":"pt-BR","@id":"https:\/\/aepetba.org.br\/v1\/#\/schema\/person\/image\/","url":"https:\/\/secure.gravatar.com\/avatar\/3e6e1bf98c38137fc6b937d21e974714?s=96&d=mm&r=g","contentUrl":"https:\/\/secure.gravatar.com\/avatar\/3e6e1bf98c38137fc6b937d21e974714?s=96&d=mm&r=g","caption":"AEPETBA"},"sameAs":["http:\/\/aepetba.org.br\/v1"],"url":"https:\/\/aepetba.org.br\/v1\/author\/lubconsultoria\/"}]}},"_links":{"self":[{"href":"https:\/\/aepetba.org.br\/v1\/wp-json\/wp\/v2\/posts\/40443"}],"collection":[{"href":"https:\/\/aepetba.org.br\/v1\/wp-json\/wp\/v2\/posts"}],"about":[{"href":"https:\/\/aepetba.org.br\/v1\/wp-json\/wp\/v2\/types\/post"}],"author":[{"embeddable":true,"href":"https:\/\/aepetba.org.br\/v1\/wp-json\/wp\/v2\/users\/1"}],"replies":[{"embeddable":true,"href":"https:\/\/aepetba.org.br\/v1\/wp-json\/wp\/v2\/comments?post=40443"}],"version-history":[{"count":1,"href":"https:\/\/aepetba.org.br\/v1\/wp-json\/wp\/v2\/posts\/40443\/revisions"}],"predecessor-version":[{"id":40446,"href":"https:\/\/aepetba.org.br\/v1\/wp-json\/wp\/v2\/posts\/40443\/revisions\/40446"}],"wp:featuredmedia":[{"embeddable":true,"href":"https:\/\/aepetba.org.br\/v1\/wp-json\/wp\/v2\/media\/40447"}],"wp:attachment":[{"href":"https:\/\/aepetba.org.br\/v1\/wp-json\/wp\/v2\/media?parent=40443"}],"wp:term":[{"taxonomy":"category","embeddable":true,"href":"https:\/\/aepetba.org.br\/v1\/wp-json\/wp\/v2\/categories?post=40443"},{"taxonomy":"post_tag","embeddable":true,"href":"https:\/\/aepetba.org.br\/v1\/wp-json\/wp\/v2\/tags?post=40443"}],"curies":[{"name":"wp","href":"https:\/\/api.w.org\/{rel}","templated":true}]}}