{"id":40517,"date":"2023-05-09T20:56:04","date_gmt":"2023-05-09T23:56:04","guid":{"rendered":"https:\/\/aepetba.org.br\/v1\/?p=40517"},"modified":"2023-05-09T20:56:04","modified_gmt":"2023-05-09T23:56:04","slug":"nota-de-falecimento-frederico-laier","status":"publish","type":"post","link":"https:\/\/aepetba.org.br\/v1\/nota-de-falecimento-frederico-laier\/","title":{"rendered":"NOTA DE FALECIMENTO: Frederico Laier"},"content":{"rendered":"<p>A AEPET-BA lamenta informar o falecimento do ge\u00f3logo e professor do Departamento de Geologia da UFRJ, Frederico Pereira Laier. Frederico \u00e9 pai da vice-diretora de Comunica\u00e7\u00e3o da AEPET, Patr\u00edcia Laier, tamb\u00e9m ge\u00f3loga.<\/p>\n<p>Leia mais &#8211; <span style=\"text-decoration: underline;\"><a href=\"https:\/\/www.aepet.org.br\/w3\/index.php\/conteudo-geral\/item\/8986-nota-de-falecimento-frederico-laier\"><strong>NOTA DE FALECIMENTO: Frederico Laier<\/strong><\/a><\/span><\/p>\n<p>.<\/p>\n","protected":false},"excerpt":{"rendered":"<p>A AEPET-BA lamenta informar o falecimento do ge\u00f3logo e professor do Departamento de Geologia da UFRJ, Frederico Pereira Laier. Frederico \u00e9 pai da vice-diretora de Comunica\u00e7\u00e3o da AEPET, Patr\u00edcia Laier, tamb\u00e9m ge\u00f3loga. Leia mais &#8211; NOTA DE FALECIMENTO: Frederico Laier&#8230;<\/p>\n","protected":false},"author":1,"featured_media":40518,"comment_status":"closed","ping_status":"closed","sticky":false,"template":"","format":"standard","meta":[],"categories":[5,87,10],"tags":[],"yoast_head":"<!-- This site is optimized with the Yoast SEO plugin v19.3 - https:\/\/yoast.com\/wordpress\/plugins\/seo\/ -->\n<title>NOTA DE FALECIMENTO: Frederico Laier<\/title>\n<meta name=\"description\" content=\"A AEPET lamenta informar o falecimento do ge\u00f3logo professor do Departamento de Geologia da UFRJ, Frederico Pereira Laier. Ele \u00e9 pai da vice-diretora de Comunica\u00e7\u00e3o da Associa\u00e7\u00e3o, Patr\u00edcia Laier.\" \/>\n<meta name=\"robots\" content=\"index, follow, max-snippet:-1, max-image-preview:large, max-video-preview:-1\" \/>\n<link rel=\"canonical\" href=\"https:\/\/aepetba.org.br\/v1\/nota-de-falecimento-frederico-laier\/\" \/>\n<meta property=\"og:locale\" content=\"pt_BR\" \/>\n<meta property=\"og:type\" content=\"article\" \/>\n<meta property=\"og:title\" content=\"NOTA DE FALECIMENTO: Frederico Laier\" \/>\n<meta property=\"og:description\" content=\"A AEPET lamenta informar o falecimento do ge\u00f3logo professor do Departamento de Geologia da UFRJ, Frederico Pereira Laier. Ele \u00e9 pai da vice-diretora de Comunica\u00e7\u00e3o da Associa\u00e7\u00e3o, Patr\u00edcia Laier.\" \/>\n<meta property=\"og:url\" content=\"https:\/\/aepetba.org.br\/v1\/nota-de-falecimento-frederico-laier\/\" \/>\n<meta property=\"og:site_name\" content=\"AEPET N\u00daCLEO BAHIA\" \/>\n<meta property=\"article:publisher\" content=\"https:\/\/web.facebook.com\/aepetba\" \/>\n<meta property=\"article:published_time\" content=\"2023-05-09T23:56:04+00:00\" \/>\n<meta property=\"og:image\" content=\"https:\/\/aepetba.org.br\/v1\/wp-content\/uploads\/2023\/05\/Materia-Nota-de-Pesar-Frederico-Laier-Aepet-ba.jpg\" \/>\n\t<meta property=\"og:image:width\" content=\"1080\" \/>\n\t<meta property=\"og:image:height\" content=\"1080\" \/>\n\t<meta property=\"og:image:type\" content=\"image\/jpeg\" \/>\n<meta name=\"author\" content=\"AEPETBA\" \/>\n<meta name=\"twitter:card\" content=\"summary_large_image\" \/>\n<meta name=\"twitter:creator\" content=\"@aepetbahia\" \/>\n<meta name=\"twitter:site\" content=\"@aepetbahia\" \/>\n<meta name=\"twitter:label1\" content=\"Escrito por\" \/>\n\t<meta name=\"twitter:data1\" content=\"AEPETBA\" \/>\n\t<meta name=\"twitter:label2\" content=\"Est. tempo de leitura\" \/>\n\t<meta name=\"twitter:data2\" content=\"1 minuto\" \/>\n<script type=\"application\/ld+json\" class=\"yoast-schema-graph\">{\"@context\":\"https:\/\/schema.org\",\"@graph\":[{\"@type\":\"Organization\",\"@id\":\"https:\/\/aepetba.org.br\/v1\/#organization\",\"name\":\"AEPET N\u00facleo Bahia\",\"url\":\"https:\/\/aepetba.org.br\/v1\/\",\"sameAs\":[\"https:\/\/www.instagram.com\/aepetbahia\/\",\"https:\/\/www.youtube.com\/c\/AEPETBAHIA\",\"https:\/\/web.facebook.com\/aepetba\",\"https:\/\/twitter.com\/aepetbahia\"],\"logo\":{\"@type\":\"ImageObject\",\"inLanguage\":\"pt-BR\",\"@id\":\"https:\/\/aepetba.org.br\/v1\/#\/schema\/logo\/image\/\",\"url\":\"https:\/\/aepetba.org.br\/v1\/wp-content\/uploads\/revslider\/home\/logo-AEPETBA.png\",\"contentUrl\":\"https:\/\/aepetba.org.br\/v1\/wp-content\/uploads\/revslider\/home\/logo-AEPETBA.png\",\"width\":297,\"height\":86,\"caption\":\"AEPET N\u00facleo Bahia\"},\"image\":{\"@id\":\"https:\/\/aepetba.org.br\/v1\/#\/schema\/logo\/image\/\"}},{\"@type\":\"WebSite\",\"@id\":\"https:\/\/aepetba.org.br\/v1\/#website\",\"url\":\"https:\/\/aepetba.org.br\/v1\/\",\"name\":\"AEPET N\u00daCLEO BAHIA\",\"description\":\"Associa\u00e7\u00e3o dos Engenheiros da Petrobr\u00e1s N\u00facleo Bahia Petr\u00f3leo Bahia Salvador Nordeste \",\"publisher\":{\"@id\":\"https:\/\/aepetba.org.br\/v1\/#organization\"},\"potentialAction\":[{\"@type\":\"SearchAction\",\"target\":{\"@type\":\"EntryPoint\",\"urlTemplate\":\"https:\/\/aepetba.org.br\/v1\/?s={search_term_string}\"},\"query-input\":\"required name=search_term_string\"}],\"inLanguage\":\"pt-BR\"},{\"@type\":\"ImageObject\",\"inLanguage\":\"pt-BR\",\"@id\":\"https:\/\/aepetba.org.br\/v1\/nota-de-falecimento-frederico-laier\/#primaryimage\",\"url\":\"https:\/\/aepetba.org.br\/v1\/wp-content\/uploads\/2023\/05\/Materia-Nota-de-Pesar-Frederico-Laier-Aepet-ba.jpg\",\"contentUrl\":\"https:\/\/aepetba.org.br\/v1\/wp-content\/uploads\/2023\/05\/Materia-Nota-de-Pesar-Frederico-Laier-Aepet-ba.jpg\",\"width\":1080,\"height\":1080},{\"@type\":\"WebPage\",\"@id\":\"https:\/\/aepetba.org.br\/v1\/nota-de-falecimento-frederico-laier\/\",\"url\":\"https:\/\/aepetba.org.br\/v1\/nota-de-falecimento-frederico-laier\/\",\"name\":\"NOTA DE FALECIMENTO: Frederico Laier\",\"isPartOf\":{\"@id\":\"https:\/\/aepetba.org.br\/v1\/#website\"},\"primaryImageOfPage\":{\"@id\":\"https:\/\/aepetba.org.br\/v1\/nota-de-falecimento-frederico-laier\/#primaryimage\"},\"datePublished\":\"2023-05-09T23:56:04+00:00\",\"dateModified\":\"2023-05-09T23:56:04+00:00\",\"description\":\"A AEPET lamenta informar o falecimento do ge\u00f3logo professor do Departamento de Geologia da UFRJ, Frederico Pereira Laier. Ele \u00e9 pai da vice-diretora de Comunica\u00e7\u00e3o da Associa\u00e7\u00e3o, Patr\u00edcia Laier.\",\"breadcrumb\":{\"@id\":\"https:\/\/aepetba.org.br\/v1\/nota-de-falecimento-frederico-laier\/#breadcrumb\"},\"inLanguage\":\"pt-BR\",\"potentialAction\":[{\"@type\":\"ReadAction\",\"target\":[\"https:\/\/aepetba.org.br\/v1\/nota-de-falecimento-frederico-laier\/\"]}]},{\"@type\":\"BreadcrumbList\",\"@id\":\"https:\/\/aepetba.org.br\/v1\/nota-de-falecimento-frederico-laier\/#breadcrumb\",\"itemListElement\":[{\"@type\":\"ListItem\",\"position\":1,\"name\":\"In\u00edcio\",\"item\":\"https:\/\/aepetba.org.br\/v1\/\"},{\"@type\":\"ListItem\",\"position\":2,\"name\":\"NOTA DE FALECIMENTO: Frederico Laier\"}]},{\"@type\":\"Article\",\"@id\":\"https:\/\/aepetba.org.br\/v1\/nota-de-falecimento-frederico-laier\/#article\",\"isPartOf\":{\"@id\":\"https:\/\/aepetba.org.br\/v1\/nota-de-falecimento-frederico-laier\/\"},\"author\":{\"name\":\"AEPETBA\",\"@id\":\"https:\/\/aepetba.org.br\/v1\/#\/schema\/person\/3504208f89f3f50e1526867ebb573b88\"},\"headline\":\"NOTA DE FALECIMENTO: Frederico Laier\",\"datePublished\":\"2023-05-09T23:56:04+00:00\",\"dateModified\":\"2023-05-09T23:56:04+00:00\",\"mainEntityOfPage\":{\"@id\":\"https:\/\/aepetba.org.br\/v1\/nota-de-falecimento-frederico-laier\/\"},\"wordCount\":49,\"publisher\":{\"@id\":\"https:\/\/aepetba.org.br\/v1\/#organization\"},\"image\":{\"@id\":\"https:\/\/aepetba.org.br\/v1\/nota-de-falecimento-frederico-laier\/#primaryimage\"},\"thumbnailUrl\":\"https:\/\/aepetba.org.br\/v1\/wp-content\/uploads\/2023\/05\/Materia-Nota-de-Pesar-Frederico-Laier-Aepet-ba.jpg\",\"articleSection\":[\"Coluna do Associado\",\"Destaque\",\"Not\u00edcias\"],\"inLanguage\":\"pt-BR\"},{\"@type\":\"Person\",\"@id\":\"https:\/\/aepetba.org.br\/v1\/#\/schema\/person\/3504208f89f3f50e1526867ebb573b88\",\"name\":\"AEPETBA\",\"image\":{\"@type\":\"ImageObject\",\"inLanguage\":\"pt-BR\",\"@id\":\"https:\/\/aepetba.org.br\/v1\/#\/schema\/person\/image\/\",\"url\":\"https:\/\/secure.gravatar.com\/avatar\/3e6e1bf98c38137fc6b937d21e974714?s=96&d=mm&r=g\",\"contentUrl\":\"https:\/\/secure.gravatar.com\/avatar\/3e6e1bf98c38137fc6b937d21e974714?s=96&d=mm&r=g\",\"caption\":\"AEPETBA\"},\"sameAs\":[\"http:\/\/aepetba.org.br\/v1\"],\"url\":\"https:\/\/aepetba.org.br\/v1\/author\/lubconsultoria\/\"}]}<\/script>\n<!-- \/ Yoast SEO plugin. -->","yoast_head_json":{"title":"NOTA DE FALECIMENTO: Frederico Laier","description":"A AEPET lamenta informar o falecimento do ge\u00f3logo professor do Departamento de Geologia da UFRJ, Frederico Pereira Laier. Ele \u00e9 pai da vice-diretora de Comunica\u00e7\u00e3o da Associa\u00e7\u00e3o, Patr\u00edcia Laier.","robots":{"index":"index","follow":"follow","max-snippet":"max-snippet:-1","max-image-preview":"max-image-preview:large","max-video-preview":"max-video-preview:-1"},"canonical":"https:\/\/aepetba.org.br\/v1\/nota-de-falecimento-frederico-laier\/","og_locale":"pt_BR","og_type":"article","og_title":"NOTA DE FALECIMENTO: Frederico Laier","og_description":"A AEPET lamenta informar o falecimento do ge\u00f3logo professor do Departamento de Geologia da UFRJ, Frederico Pereira Laier. Ele \u00e9 pai da vice-diretora de Comunica\u00e7\u00e3o da Associa\u00e7\u00e3o, Patr\u00edcia Laier.","og_url":"https:\/\/aepetba.org.br\/v1\/nota-de-falecimento-frederico-laier\/","og_site_name":"AEPET N\u00daCLEO BAHIA","article_publisher":"https:\/\/web.facebook.com\/aepetba","article_published_time":"2023-05-09T23:56:04+00:00","og_image":[{"width":1080,"height":1080,"url":"https:\/\/aepetba.org.br\/v1\/wp-content\/uploads\/2023\/05\/Materia-Nota-de-Pesar-Frederico-Laier-Aepet-ba.jpg","type":"image\/jpeg"}],"author":"AEPETBA","twitter_card":"summary_large_image","twitter_creator":"@aepetbahia","twitter_site":"@aepetbahia","twitter_misc":{"Escrito por":"AEPETBA","Est. tempo de leitura":"1 minuto"},"schema":{"@context":"https:\/\/schema.org","@graph":[{"@type":"Organization","@id":"https:\/\/aepetba.org.br\/v1\/#organization","name":"AEPET N\u00facleo Bahia","url":"https:\/\/aepetba.org.br\/v1\/","sameAs":["https:\/\/www.instagram.com\/aepetbahia\/","https:\/\/www.youtube.com\/c\/AEPETBAHIA","https:\/\/web.facebook.com\/aepetba","https:\/\/twitter.com\/aepetbahia"],"logo":{"@type":"ImageObject","inLanguage":"pt-BR","@id":"https:\/\/aepetba.org.br\/v1\/#\/schema\/logo\/image\/","url":"https:\/\/aepetba.org.br\/v1\/wp-content\/uploads\/revslider\/home\/logo-AEPETBA.png","contentUrl":"https:\/\/aepetba.org.br\/v1\/wp-content\/uploads\/revslider\/home\/logo-AEPETBA.png","width":297,"height":86,"caption":"AEPET N\u00facleo Bahia"},"image":{"@id":"https:\/\/aepetba.org.br\/v1\/#\/schema\/logo\/image\/"}},{"@type":"WebSite","@id":"https:\/\/aepetba.org.br\/v1\/#website","url":"https:\/\/aepetba.org.br\/v1\/","name":"AEPET N\u00daCLEO BAHIA","description":"Associa\u00e7\u00e3o dos Engenheiros da Petrobr\u00e1s N\u00facleo Bahia Petr\u00f3leo Bahia Salvador Nordeste ","publisher":{"@id":"https:\/\/aepetba.org.br\/v1\/#organization"},"potentialAction":[{"@type":"SearchAction","target":{"@type":"EntryPoint","urlTemplate":"https:\/\/aepetba.org.br\/v1\/?s={search_term_string}"},"query-input":"required name=search_term_string"}],"inLanguage":"pt-BR"},{"@type":"ImageObject","inLanguage":"pt-BR","@id":"https:\/\/aepetba.org.br\/v1\/nota-de-falecimento-frederico-laier\/#primaryimage","url":"https:\/\/aepetba.org.br\/v1\/wp-content\/uploads\/2023\/05\/Materia-Nota-de-Pesar-Frederico-Laier-Aepet-ba.jpg","contentUrl":"https:\/\/aepetba.org.br\/v1\/wp-content\/uploads\/2023\/05\/Materia-Nota-de-Pesar-Frederico-Laier-Aepet-ba.jpg","width":1080,"height":1080},{"@type":"WebPage","@id":"https:\/\/aepetba.org.br\/v1\/nota-de-falecimento-frederico-laier\/","url":"https:\/\/aepetba.org.br\/v1\/nota-de-falecimento-frederico-laier\/","name":"NOTA DE FALECIMENTO: Frederico Laier","isPartOf":{"@id":"https:\/\/aepetba.org.br\/v1\/#website"},"primaryImageOfPage":{"@id":"https:\/\/aepetba.org.br\/v1\/nota-de-falecimento-frederico-laier\/#primaryimage"},"datePublished":"2023-05-09T23:56:04+00:00","dateModified":"2023-05-09T23:56:04+00:00","description":"A AEPET lamenta informar o falecimento do ge\u00f3logo professor do Departamento de Geologia da UFRJ, Frederico Pereira Laier. Ele \u00e9 pai da vice-diretora de Comunica\u00e7\u00e3o da Associa\u00e7\u00e3o, Patr\u00edcia Laier.","breadcrumb":{"@id":"https:\/\/aepetba.org.br\/v1\/nota-de-falecimento-frederico-laier\/#breadcrumb"},"inLanguage":"pt-BR","potentialAction":[{"@type":"ReadAction","target":["https:\/\/aepetba.org.br\/v1\/nota-de-falecimento-frederico-laier\/"]}]},{"@type":"BreadcrumbList","@id":"https:\/\/aepetba.org.br\/v1\/nota-de-falecimento-frederico-laier\/#breadcrumb","itemListElement":[{"@type":"ListItem","position":1,"name":"In\u00edcio","item":"https:\/\/aepetba.org.br\/v1\/"},{"@type":"ListItem","position":2,"name":"NOTA DE FALECIMENTO: Frederico Laier"}]},{"@type":"Article","@id":"https:\/\/aepetba.org.br\/v1\/nota-de-falecimento-frederico-laier\/#article","isPartOf":{"@id":"https:\/\/aepetba.org.br\/v1\/nota-de-falecimento-frederico-laier\/"},"author":{"name":"AEPETBA","@id":"https:\/\/aepetba.org.br\/v1\/#\/schema\/person\/3504208f89f3f50e1526867ebb573b88"},"headline":"NOTA DE FALECIMENTO: Frederico Laier","datePublished":"2023-05-09T23:56:04+00:00","dateModified":"2023-05-09T23:56:04+00:00","mainEntityOfPage":{"@id":"https:\/\/aepetba.org.br\/v1\/nota-de-falecimento-frederico-laier\/"},"wordCount":49,"publisher":{"@id":"https:\/\/aepetba.org.br\/v1\/#organization"},"image":{"@id":"https:\/\/aepetba.org.br\/v1\/nota-de-falecimento-frederico-laier\/#primaryimage"},"thumbnailUrl":"https:\/\/aepetba.org.br\/v1\/wp-content\/uploads\/2023\/05\/Materia-Nota-de-Pesar-Frederico-Laier-Aepet-ba.jpg","articleSection":["Coluna do Associado","Destaque","Not\u00edcias"],"inLanguage":"pt-BR"},{"@type":"Person","@id":"https:\/\/aepetba.org.br\/v1\/#\/schema\/person\/3504208f89f3f50e1526867ebb573b88","name":"AEPETBA","image":{"@type":"ImageObject","inLanguage":"pt-BR","@id":"https:\/\/aepetba.org.br\/v1\/#\/schema\/person\/image\/","url":"https:\/\/secure.gravatar.com\/avatar\/3e6e1bf98c38137fc6b937d21e974714?s=96&d=mm&r=g","contentUrl":"https:\/\/secure.gravatar.com\/avatar\/3e6e1bf98c38137fc6b937d21e974714?s=96&d=mm&r=g","caption":"AEPETBA"},"sameAs":["http:\/\/aepetba.org.br\/v1"],"url":"https:\/\/aepetba.org.br\/v1\/author\/lubconsultoria\/"}]}},"_links":{"self":[{"href":"https:\/\/aepetba.org.br\/v1\/wp-json\/wp\/v2\/posts\/40517"}],"collection":[{"href":"https:\/\/aepetba.org.br\/v1\/wp-json\/wp\/v2\/posts"}],"about":[{"href":"https:\/\/aepetba.org.br\/v1\/wp-json\/wp\/v2\/types\/post"}],"author":[{"embeddable":true,"href":"https:\/\/aepetba.org.br\/v1\/wp-json\/wp\/v2\/users\/1"}],"replies":[{"embeddable":true,"href":"https:\/\/aepetba.org.br\/v1\/wp-json\/wp\/v2\/comments?post=40517"}],"version-history":[{"count":1,"href":"https:\/\/aepetba.org.br\/v1\/wp-json\/wp\/v2\/posts\/40517\/revisions"}],"predecessor-version":[{"id":40519,"href":"https:\/\/aepetba.org.br\/v1\/wp-json\/wp\/v2\/posts\/40517\/revisions\/40519"}],"wp:featuredmedia":[{"embeddable":true,"href":"https:\/\/aepetba.org.br\/v1\/wp-json\/wp\/v2\/media\/40518"}],"wp:attachment":[{"href":"https:\/\/aepetba.org.br\/v1\/wp-json\/wp\/v2\/media?parent=40517"}],"wp:term":[{"taxonomy":"category","embeddable":true,"href":"https:\/\/aepetba.org.br\/v1\/wp-json\/wp\/v2\/categories?post=40517"},{"taxonomy":"post_tag","embeddable":true,"href":"https:\/\/aepetba.org.br\/v1\/wp-json\/wp\/v2\/tags?post=40517"}],"curies":[{"name":"wp","href":"https:\/\/api.w.org\/{rel}","templated":true}]}}