{"id":40541,"date":"2023-05-11T20:26:27","date_gmt":"2023-05-11T23:26:27","guid":{"rendered":"https:\/\/aepetba.org.br\/v1\/?p=40541"},"modified":"2023-05-11T20:26:27","modified_gmt":"2023-05-11T23:26:27","slug":"aepet-ba-convoca-associados-e-associadas-para-ages-na-terca-feira-16-05","status":"publish","type":"post","link":"https:\/\/aepetba.org.br\/v1\/aepet-ba-convoca-associados-e-associadas-para-ages-na-terca-feira-16-05\/","title":{"rendered":"AEPET-BA convoca associados e associadas para AGEs na ter\u00e7a-feira (16\/05)"},"content":{"rendered":"<!--[if lt IE 9]><script>document.createElement('audio');<\/script><![endif]-->\n<audio class=\"wp-audio-shortcode\" id=\"audio-40541-1\" preload=\"none\" style=\"width: 100%;\" controls=\"controls\"><source type=\"audio\/ogg\" src=\"https:\/\/aepetba.org.br\/v1\/wp-content\/uploads\/2023\/05\/convocatoria-AGE.ogg?_=1\" \/><a href=\"https:\/\/aepetba.org.br\/v1\/wp-content\/uploads\/2023\/05\/convocatoria-AGE.ogg\">https:\/\/aepetba.org.br\/v1\/wp-content\/uploads\/2023\/05\/convocatoria-AGE.ogg<\/a><\/audio>\n<p>&nbsp;<\/p>\n<p>A Associa\u00e7\u00e3o dos Engenheiros da Petrobr\u00e1s, N\u00facleo Bahia (AEPET-BA) convoca seus associados e associadas para que participem de seis Assembleias Gerais Extraordin\u00e1rias (AGEs), que ser\u00e3o realizadas na ter\u00e7a-feira, dia 16\/05, a partir das 16h, com intervalo de 10 minutos entre cada uma.<\/p>\n<p>Para facilitar a participa\u00e7\u00e3o dos associados (as), a AEPET-BA decidiu realizar as AGEs de forma h\u00edbrida (presencial e virtual), preservando os mesmos direitos.\u00a0 As assembleias presenciais acontecer\u00e3o na sede da AEPET-BA, na Av. Tancredo Neves, n\u00ba 2539, Cond. CEO Salvador Shopping, Torre Londres, sala 106, Caminho das \u00c1rvores, Salvador (BA).<\/p>\n<p>Para isso, \u00e9 necess\u00e1rio solicitar inscri\u00e7\u00e3o at\u00e9 segunda-feira, dia 15\/05, \u00e0s 15h30 por e-mail: bahia@aepet.org.br ou telefones (71) 3012- 4172 (71) 98356-8081 (WhatsApp ou Telegram). Os inscritos receber\u00e3o um e-mail de confirma\u00e7\u00e3o.<\/p>\n<p>As assembleias ser\u00e3o transmitidas pelo Zoom, o link ser\u00e1 disponibilizado aos associados (as) por e-mail e WhatsApp um dia antes.<\/p>\n<p><strong>\u00a0<\/strong><\/p>\n<h2><strong>Pautas das assembleias<\/strong><\/h2>\n<p>Na primeira AGE, \u00e0s 16h, associados e associadas v\u00e3o deliberar e aprovar a autoriza\u00e7\u00e3o para o ajuizamento de uma a\u00e7\u00e3o coletiva de revis\u00e3o da vida toda do INSS. Na segunda Assembleia, \u00e0s 16h10, delibera\u00e7\u00e3o e aprova\u00e7\u00e3o de autoriza\u00e7\u00e3o para ajuizamento de uma a\u00e7\u00e3o de Anu\u00eanio e a \u00faltima assembleia, convocada para \u00e0s 16h20, ser\u00e1 apreciado e aprovado a autoriza\u00e7\u00e3o para uma a\u00e7\u00e3o coletiva de isen\u00e7\u00e3o da Hora Repouso Alimenta\u00e7\u00e3o (HRA)<\/p>\n<p><strong>\u00a0<\/strong><\/p>\n<h2><strong>Saiba mais sobre as a\u00e7\u00f5es<\/strong><\/h2>\n<p><strong>A\u00e7\u00e3o coletiva de revis\u00e3o da vida toda em face do INSS \u2013<\/strong> A finalidade da a\u00e7\u00e3o \u00e9 proporcionar aos associados (as) da AEPET-BA a revis\u00e3o de seus benef\u00edcios com base na Tese Revisional do TEMA 1102 do STF, suspendendo o prazo prescricional de cinco anos para o ajuizamento da a\u00e7\u00e3o e a interrup\u00e7\u00e3o do prazo decadencial de 10 anos para a revis\u00e3o do benef\u00edcio. Com isso, os (as) associados (as) ter\u00e3o possibilidades de verificar o direito \u00e0 revis\u00e3o, inclusive retroativo aos \u00faltimos cinco anos, a partir do ajuizamento da a\u00e7\u00e3o coletiva e n\u00e3o de sua pretens\u00e3o individual. O escrit\u00f3rio Fernandez Advogados Associados, com sede em Aracaju, ser\u00e1 respons\u00e1vel pela a\u00e7\u00e3o.<\/p>\n<p>&nbsp;<\/p>\n<p><strong>A\u00e7\u00e3o de Anu\u00eanio<\/strong> \u2013 A a\u00e7\u00e3o destina-se sobretudo aos associados submetidos a regime de turnos e embarques que acumulam perdas financeiras porque a Petrobr\u00e1s considera apenas o sal\u00e1rio-base para o pagamento dos benef\u00edcios. Entre as parcelas afetadas com a conduta irregular da Petrobr\u00e1s temos: HRA, adicional de sobreaviso, sobreaviso parcial, adicional noturno, adicional regional de confinamento, adicional de campo etc. O pedido formulado nessa a\u00e7\u00e3o \u00e9 de pagamento das diferen\u00e7as salariais decorrentes da inclus\u00e3o do anu\u00eanio na base de c\u00e1lculo das citadas parcelas.<\/p>\n<p>&nbsp;<\/p>\n<p><strong>A\u00e7\u00e3o Coletiva de Isen\u00e7\u00e3o da Hora Repouso Alimenta\u00e7\u00e3o<\/strong> (HRA) em face da Uni\u00e3o Federal \u2013 A a\u00e7\u00e3o tem por objetivo a obten\u00e7\u00e3o do direito \u00e0 isen\u00e7\u00e3o do HRA em seus contracheques e recebimento de valores retroativos dos \u00faltimos cinco anos. Isso ocorre porque, com a retirada do rendimento decorrente de HRA, o valor da reten\u00e7\u00e3o do IR na fonte diminui nos anos em que ele foi pago, impactando tamb\u00e9m na Declara\u00e7\u00e3o de Imposto de Renda, pois menor o volume de rendimentos tribut\u00e1veis.<\/p>\n<p>&nbsp;<\/p>\n<p><strong>&#8211; A\u00e7\u00e3o Coletiva de Responsabiliza\u00e7\u00e3o Civil da PETROBR\u00c1S pelos danos causados \u00e0 PETROS &#8211; <\/strong>O objetivo da a\u00e7\u00e3o \u00e9 solicitar indeniza\u00e7\u00e3o por dano moral em favor dos participantes do plano Petros, que est\u00e3o pagando a contribui\u00e7\u00e3o extraordin\u00e1ria. Com a a\u00e7\u00e3o pretendemos responsabilizar a Petrobr\u00e1s por n\u00e3o ter fiscalizado adequadamente o fundo de pens\u00e3o como previsto nas Leis Complementares n\u00ba 108 e 109.<\/p>\n<p><strong>\u00a0<\/strong><\/p>\n<p><strong>&#8211; A\u00e7\u00e3o Coletiva contra a PETROBR\u00c1S para que pague as despesas dos empregados com o TELETRABALHO &#8211; <\/strong>O objetivo desta a\u00e7\u00e3o coletiva \u00e9 fazer cumprir a Medida Provis\u00f3ria 927, transformada na Lei 14.020\/2020 e outros dispositivos da Legisla\u00e7\u00e3o Trabalhista. A empresa deve fornecer aos empregados em teletrabalho cadeira ergon\u00f4mica profissional e custear as demais despesas decorrentes do trabalho executado em sua resid\u00eancia.<\/p>\n<p>&nbsp;<\/p>\n<p><strong>&#8211; A\u00e7\u00f5es individuais quanto \u00e0 incid\u00eancia de Imposto de Renda sobre o aux\u00edlio educacional<\/strong> &#8211; Trata-se de uma a\u00e7\u00e3o tribut\u00e1ria para restitui\u00e7\u00e3o de Imposto de Renda de Pessoa F\u00edsica (IRPF) pago indevidamente sobre a verba do Aux\u00edlio Educacional.<\/p>\n<p>Os Benef\u00edcios Educacionais (Aux\u00edlio Educacional) s\u00e3o valores financeiros concedidos sob a forma de reembolso das despesas escolares, incluindo os referentes \u00e0 Universidade. Possuem o objetivo de contribuir para a forma\u00e7\u00e3o e a instru\u00e7\u00e3o do empregado e dos seus filhos.<\/p>\n<p>Esses tr\u00eas benef\u00edcios hoje s\u00e3o tributados em rela\u00e7\u00e3o ao Imposto de Renda de Pessoa F\u00edsica. Ocorrendo a reten\u00e7\u00e3o diretamente na fonte. Somente por meio de a\u00e7\u00e3o judicial \u00e9 poss\u00edvel garantir o fim da tributa\u00e7\u00e3o e devolu\u00e7\u00e3o dos valores pagos at\u00e9 5 (cinco anos) antes do in\u00edcio da a\u00e7\u00e3o.<\/p>\n<p>Todas essas a\u00e7\u00f5es ser\u00e3o coordenadas pela Assessoria Jur\u00eddica da AEPET-Bahia, atrav\u00e9s do Advogado Luiz Henrique Amorim, sendo que algumas a\u00e7\u00f5es ir\u00e3o envolver escrit\u00f3rios de advocacia particulares. Algumas a\u00e7\u00f5es s\u00e3o bastante promissoras, pois j\u00e1 tiveram \u00eaxito em outros estados.<\/p>\n<p>&nbsp;<\/p>\n<p>Fa\u00e7am sua inscri\u00e7\u00e3o e participem das AGEs!<\/p>\n","protected":false},"excerpt":{"rendered":"<p>&nbsp; A Associa\u00e7\u00e3o dos Engenheiros da Petrobr\u00e1s, N\u00facleo Bahia (AEPET-BA) convoca seus associados e associadas para que participem de seis Assembleias Gerais Extraordin\u00e1rias (AGEs), que ser\u00e3o realizadas na ter\u00e7a-feira, dia 16\/05, a partir das 16h, com intervalo de 10 minutos&#8230;<\/p>\n","protected":false},"author":1,"featured_media":40543,"comment_status":"closed","ping_status":"closed","sticky":false,"template":"","format":"standard","meta":[],"categories":[5,87,10],"tags":[],"yoast_head":"<!-- This site is optimized with the Yoast SEO plugin v19.3 - https:\/\/yoast.com\/wordpress\/plugins\/seo\/ -->\n<title>AEPET-BA convoca associados e associadas para AGEs na ter\u00e7a-feira (16\/05)<\/title>\n<meta name=\"description\" content=\"A Associa\u00e7\u00e3o dos Engenheiros da Petrobr\u00e1s, N\u00facleo Bahia (AEPET-BA) convoca seus associados e associadas para que participem de seis Assembleias Gerais Extraordin\u00e1rias (AGEs), que ser\u00e3o realizadas na ter\u00e7a-feira, dia 16\/05, a partir das 16h, com intervalo de 10 minutos entre cada uma. Saiba como participar\" \/>\n<meta name=\"robots\" content=\"index, follow, max-snippet:-1, max-image-preview:large, max-video-preview:-1\" \/>\n<link rel=\"canonical\" href=\"https:\/\/aepetba.org.br\/v1\/aepet-ba-convoca-associados-e-associadas-para-ages-na-terca-feira-16-05\/\" \/>\n<meta property=\"og:locale\" content=\"pt_BR\" \/>\n<meta property=\"og:type\" content=\"article\" \/>\n<meta property=\"og:title\" content=\"AEPET-BA convoca associados e associadas para AGEs na ter\u00e7a-feira (16\/05)\" \/>\n<meta property=\"og:description\" content=\"A Associa\u00e7\u00e3o dos Engenheiros da Petrobr\u00e1s, N\u00facleo Bahia (AEPET-BA) convoca seus associados e associadas para que participem de seis Assembleias Gerais Extraordin\u00e1rias (AGEs), que ser\u00e3o realizadas na ter\u00e7a-feira, dia 16\/05, a partir das 16h, com intervalo de 10 minutos entre cada uma. Saiba como participar\" \/>\n<meta property=\"og:url\" content=\"https:\/\/aepetba.org.br\/v1\/aepet-ba-convoca-associados-e-associadas-para-ages-na-terca-feira-16-05\/\" \/>\n<meta property=\"og:site_name\" content=\"AEPET N\u00daCLEO BAHIA\" \/>\n<meta property=\"article:publisher\" content=\"https:\/\/web.facebook.com\/aepetba\" \/>\n<meta property=\"article:published_time\" content=\"2023-05-11T23:26:27+00:00\" \/>\n<meta property=\"og:image\" content=\"https:\/\/aepetba.org.br\/v1\/wp-content\/uploads\/2023\/05\/Materia-AEPET-BA-convoca-associados-e-associadas-para-AGEs-na-terca-feira-16-05-hibrida-Aepet-ba.jpg\" \/>\n\t<meta property=\"og:image:width\" content=\"1079\" \/>\n\t<meta property=\"og:image:height\" content=\"928\" \/>\n\t<meta property=\"og:image:type\" content=\"image\/jpeg\" \/>\n<meta name=\"author\" content=\"AEPETBA\" \/>\n<meta name=\"twitter:card\" content=\"summary_large_image\" \/>\n<meta name=\"twitter:creator\" content=\"@aepetbahia\" \/>\n<meta name=\"twitter:site\" content=\"@aepetbahia\" \/>\n<meta name=\"twitter:label1\" content=\"Escrito por\" \/>\n\t<meta name=\"twitter:data1\" content=\"AEPETBA\" \/>\n\t<meta name=\"twitter:label2\" content=\"Est. tempo de leitura\" \/>\n\t<meta name=\"twitter:data2\" content=\"5 minutos\" \/>\n<script type=\"application\/ld+json\" class=\"yoast-schema-graph\">{\"@context\":\"https:\/\/schema.org\",\"@graph\":[{\"@type\":\"Organization\",\"@id\":\"https:\/\/aepetba.org.br\/v1\/#organization\",\"name\":\"AEPET N\u00facleo Bahia\",\"url\":\"https:\/\/aepetba.org.br\/v1\/\",\"sameAs\":[\"https:\/\/www.instagram.com\/aepetbahia\/\",\"https:\/\/www.youtube.com\/c\/AEPETBAHIA\",\"https:\/\/web.facebook.com\/aepetba\",\"https:\/\/twitter.com\/aepetbahia\"],\"logo\":{\"@type\":\"ImageObject\",\"inLanguage\":\"pt-BR\",\"@id\":\"https:\/\/aepetba.org.br\/v1\/#\/schema\/logo\/image\/\",\"url\":\"https:\/\/aepetba.org.br\/v1\/wp-content\/uploads\/revslider\/home\/logo-AEPETBA.png\",\"contentUrl\":\"https:\/\/aepetba.org.br\/v1\/wp-content\/uploads\/revslider\/home\/logo-AEPETBA.png\",\"width\":297,\"height\":86,\"caption\":\"AEPET N\u00facleo Bahia\"},\"image\":{\"@id\":\"https:\/\/aepetba.org.br\/v1\/#\/schema\/logo\/image\/\"}},{\"@type\":\"WebSite\",\"@id\":\"https:\/\/aepetba.org.br\/v1\/#website\",\"url\":\"https:\/\/aepetba.org.br\/v1\/\",\"name\":\"AEPET N\u00daCLEO BAHIA\",\"description\":\"Associa\u00e7\u00e3o dos Engenheiros da Petrobr\u00e1s N\u00facleo Bahia Petr\u00f3leo Bahia Salvador Nordeste \",\"publisher\":{\"@id\":\"https:\/\/aepetba.org.br\/v1\/#organization\"},\"potentialAction\":[{\"@type\":\"SearchAction\",\"target\":{\"@type\":\"EntryPoint\",\"urlTemplate\":\"https:\/\/aepetba.org.br\/v1\/?s={search_term_string}\"},\"query-input\":\"required name=search_term_string\"}],\"inLanguage\":\"pt-BR\"},{\"@type\":\"ImageObject\",\"inLanguage\":\"pt-BR\",\"@id\":\"https:\/\/aepetba.org.br\/v1\/aepet-ba-convoca-associados-e-associadas-para-ages-na-terca-feira-16-05\/#primaryimage\",\"url\":\"https:\/\/aepetba.org.br\/v1\/wp-content\/uploads\/2023\/05\/Materia-AEPET-BA-convoca-associados-e-associadas-para-AGEs-na-terca-feira-16-05-hibrida-Aepet-ba.jpg\",\"contentUrl\":\"https:\/\/aepetba.org.br\/v1\/wp-content\/uploads\/2023\/05\/Materia-AEPET-BA-convoca-associados-e-associadas-para-AGEs-na-terca-feira-16-05-hibrida-Aepet-ba.jpg\",\"width\":1079,\"height\":928},{\"@type\":\"WebPage\",\"@id\":\"https:\/\/aepetba.org.br\/v1\/aepet-ba-convoca-associados-e-associadas-para-ages-na-terca-feira-16-05\/\",\"url\":\"https:\/\/aepetba.org.br\/v1\/aepet-ba-convoca-associados-e-associadas-para-ages-na-terca-feira-16-05\/\",\"name\":\"AEPET-BA convoca associados e associadas para AGEs na ter\u00e7a-feira (16\/05)\",\"isPartOf\":{\"@id\":\"https:\/\/aepetba.org.br\/v1\/#website\"},\"primaryImageOfPage\":{\"@id\":\"https:\/\/aepetba.org.br\/v1\/aepet-ba-convoca-associados-e-associadas-para-ages-na-terca-feira-16-05\/#primaryimage\"},\"datePublished\":\"2023-05-11T23:26:27+00:00\",\"dateModified\":\"2023-05-11T23:26:27+00:00\",\"description\":\"A Associa\u00e7\u00e3o dos Engenheiros da Petrobr\u00e1s, N\u00facleo Bahia (AEPET-BA) convoca seus associados e associadas para que participem de seis Assembleias Gerais Extraordin\u00e1rias (AGEs), que ser\u00e3o realizadas na ter\u00e7a-feira, dia 16\/05, a partir das 16h, com intervalo de 10 minutos entre cada uma. Saiba como participar\",\"breadcrumb\":{\"@id\":\"https:\/\/aepetba.org.br\/v1\/aepet-ba-convoca-associados-e-associadas-para-ages-na-terca-feira-16-05\/#breadcrumb\"},\"inLanguage\":\"pt-BR\",\"potentialAction\":[{\"@type\":\"ReadAction\",\"target\":[\"https:\/\/aepetba.org.br\/v1\/aepet-ba-convoca-associados-e-associadas-para-ages-na-terca-feira-16-05\/\"]}]},{\"@type\":\"BreadcrumbList\",\"@id\":\"https:\/\/aepetba.org.br\/v1\/aepet-ba-convoca-associados-e-associadas-para-ages-na-terca-feira-16-05\/#breadcrumb\",\"itemListElement\":[{\"@type\":\"ListItem\",\"position\":1,\"name\":\"In\u00edcio\",\"item\":\"https:\/\/aepetba.org.br\/v1\/\"},{\"@type\":\"ListItem\",\"position\":2,\"name\":\"AEPET-BA convoca associados e associadas para AGEs na ter\u00e7a-feira (16\/05)\"}]},{\"@type\":\"Article\",\"@id\":\"https:\/\/aepetba.org.br\/v1\/aepet-ba-convoca-associados-e-associadas-para-ages-na-terca-feira-16-05\/#article\",\"isPartOf\":{\"@id\":\"https:\/\/aepetba.org.br\/v1\/aepet-ba-convoca-associados-e-associadas-para-ages-na-terca-feira-16-05\/\"},\"author\":{\"name\":\"AEPETBA\",\"@id\":\"https:\/\/aepetba.org.br\/v1\/#\/schema\/person\/3504208f89f3f50e1526867ebb573b88\"},\"headline\":\"AEPET-BA convoca associados e associadas para AGEs na ter\u00e7a-feira (16\/05)\",\"datePublished\":\"2023-05-11T23:26:27+00:00\",\"dateModified\":\"2023-05-11T23:26:27+00:00\",\"mainEntityOfPage\":{\"@id\":\"https:\/\/aepetba.org.br\/v1\/aepet-ba-convoca-associados-e-associadas-para-ages-na-terca-feira-16-05\/\"},\"wordCount\":916,\"publisher\":{\"@id\":\"https:\/\/aepetba.org.br\/v1\/#organization\"},\"image\":{\"@id\":\"https:\/\/aepetba.org.br\/v1\/aepet-ba-convoca-associados-e-associadas-para-ages-na-terca-feira-16-05\/#primaryimage\"},\"thumbnailUrl\":\"https:\/\/aepetba.org.br\/v1\/wp-content\/uploads\/2023\/05\/Materia-AEPET-BA-convoca-associados-e-associadas-para-AGEs-na-terca-feira-16-05-hibrida-Aepet-ba.jpg\",\"articleSection\":[\"Coluna do Associado\",\"Destaque\",\"Not\u00edcias\"],\"inLanguage\":\"pt-BR\"},{\"@type\":\"Person\",\"@id\":\"https:\/\/aepetba.org.br\/v1\/#\/schema\/person\/3504208f89f3f50e1526867ebb573b88\",\"name\":\"AEPETBA\",\"image\":{\"@type\":\"ImageObject\",\"inLanguage\":\"pt-BR\",\"@id\":\"https:\/\/aepetba.org.br\/v1\/#\/schema\/person\/image\/\",\"url\":\"https:\/\/secure.gravatar.com\/avatar\/3e6e1bf98c38137fc6b937d21e974714?s=96&d=mm&r=g\",\"contentUrl\":\"https:\/\/secure.gravatar.com\/avatar\/3e6e1bf98c38137fc6b937d21e974714?s=96&d=mm&r=g\",\"caption\":\"AEPETBA\"},\"sameAs\":[\"http:\/\/aepetba.org.br\/v1\"],\"url\":\"https:\/\/aepetba.org.br\/v1\/author\/lubconsultoria\/\"}]}<\/script>\n<!-- \/ Yoast SEO plugin. -->","yoast_head_json":{"title":"AEPET-BA convoca associados e associadas para AGEs na ter\u00e7a-feira (16\/05)","description":"A Associa\u00e7\u00e3o dos Engenheiros da Petrobr\u00e1s, N\u00facleo Bahia (AEPET-BA) convoca seus associados e associadas para que participem de seis Assembleias Gerais Extraordin\u00e1rias (AGEs), que ser\u00e3o realizadas na ter\u00e7a-feira, dia 16\/05, a partir das 16h, com intervalo de 10 minutos entre cada uma. Saiba como participar","robots":{"index":"index","follow":"follow","max-snippet":"max-snippet:-1","max-image-preview":"max-image-preview:large","max-video-preview":"max-video-preview:-1"},"canonical":"https:\/\/aepetba.org.br\/v1\/aepet-ba-convoca-associados-e-associadas-para-ages-na-terca-feira-16-05\/","og_locale":"pt_BR","og_type":"article","og_title":"AEPET-BA convoca associados e associadas para AGEs na ter\u00e7a-feira (16\/05)","og_description":"A Associa\u00e7\u00e3o dos Engenheiros da Petrobr\u00e1s, N\u00facleo Bahia (AEPET-BA) convoca seus associados e associadas para que participem de seis Assembleias Gerais Extraordin\u00e1rias (AGEs), que ser\u00e3o realizadas na ter\u00e7a-feira, dia 16\/05, a partir das 16h, com intervalo de 10 minutos entre cada uma. Saiba como participar","og_url":"https:\/\/aepetba.org.br\/v1\/aepet-ba-convoca-associados-e-associadas-para-ages-na-terca-feira-16-05\/","og_site_name":"AEPET N\u00daCLEO BAHIA","article_publisher":"https:\/\/web.facebook.com\/aepetba","article_published_time":"2023-05-11T23:26:27+00:00","og_image":[{"width":1079,"height":928,"url":"https:\/\/aepetba.org.br\/v1\/wp-content\/uploads\/2023\/05\/Materia-AEPET-BA-convoca-associados-e-associadas-para-AGEs-na-terca-feira-16-05-hibrida-Aepet-ba.jpg","type":"image\/jpeg"}],"author":"AEPETBA","twitter_card":"summary_large_image","twitter_creator":"@aepetbahia","twitter_site":"@aepetbahia","twitter_misc":{"Escrito por":"AEPETBA","Est. tempo de leitura":"5 minutos"},"schema":{"@context":"https:\/\/schema.org","@graph":[{"@type":"Organization","@id":"https:\/\/aepetba.org.br\/v1\/#organization","name":"AEPET N\u00facleo Bahia","url":"https:\/\/aepetba.org.br\/v1\/","sameAs":["https:\/\/www.instagram.com\/aepetbahia\/","https:\/\/www.youtube.com\/c\/AEPETBAHIA","https:\/\/web.facebook.com\/aepetba","https:\/\/twitter.com\/aepetbahia"],"logo":{"@type":"ImageObject","inLanguage":"pt-BR","@id":"https:\/\/aepetba.org.br\/v1\/#\/schema\/logo\/image\/","url":"https:\/\/aepetba.org.br\/v1\/wp-content\/uploads\/revslider\/home\/logo-AEPETBA.png","contentUrl":"https:\/\/aepetba.org.br\/v1\/wp-content\/uploads\/revslider\/home\/logo-AEPETBA.png","width":297,"height":86,"caption":"AEPET N\u00facleo Bahia"},"image":{"@id":"https:\/\/aepetba.org.br\/v1\/#\/schema\/logo\/image\/"}},{"@type":"WebSite","@id":"https:\/\/aepetba.org.br\/v1\/#website","url":"https:\/\/aepetba.org.br\/v1\/","name":"AEPET N\u00daCLEO BAHIA","description":"Associa\u00e7\u00e3o dos Engenheiros da Petrobr\u00e1s N\u00facleo Bahia Petr\u00f3leo Bahia Salvador Nordeste ","publisher":{"@id":"https:\/\/aepetba.org.br\/v1\/#organization"},"potentialAction":[{"@type":"SearchAction","target":{"@type":"EntryPoint","urlTemplate":"https:\/\/aepetba.org.br\/v1\/?s={search_term_string}"},"query-input":"required name=search_term_string"}],"inLanguage":"pt-BR"},{"@type":"ImageObject","inLanguage":"pt-BR","@id":"https:\/\/aepetba.org.br\/v1\/aepet-ba-convoca-associados-e-associadas-para-ages-na-terca-feira-16-05\/#primaryimage","url":"https:\/\/aepetba.org.br\/v1\/wp-content\/uploads\/2023\/05\/Materia-AEPET-BA-convoca-associados-e-associadas-para-AGEs-na-terca-feira-16-05-hibrida-Aepet-ba.jpg","contentUrl":"https:\/\/aepetba.org.br\/v1\/wp-content\/uploads\/2023\/05\/Materia-AEPET-BA-convoca-associados-e-associadas-para-AGEs-na-terca-feira-16-05-hibrida-Aepet-ba.jpg","width":1079,"height":928},{"@type":"WebPage","@id":"https:\/\/aepetba.org.br\/v1\/aepet-ba-convoca-associados-e-associadas-para-ages-na-terca-feira-16-05\/","url":"https:\/\/aepetba.org.br\/v1\/aepet-ba-convoca-associados-e-associadas-para-ages-na-terca-feira-16-05\/","name":"AEPET-BA convoca associados e associadas para AGEs na ter\u00e7a-feira (16\/05)","isPartOf":{"@id":"https:\/\/aepetba.org.br\/v1\/#website"},"primaryImageOfPage":{"@id":"https:\/\/aepetba.org.br\/v1\/aepet-ba-convoca-associados-e-associadas-para-ages-na-terca-feira-16-05\/#primaryimage"},"datePublished":"2023-05-11T23:26:27+00:00","dateModified":"2023-05-11T23:26:27+00:00","description":"A Associa\u00e7\u00e3o dos Engenheiros da Petrobr\u00e1s, N\u00facleo Bahia (AEPET-BA) convoca seus associados e associadas para que participem de seis Assembleias Gerais Extraordin\u00e1rias (AGEs), que ser\u00e3o realizadas na ter\u00e7a-feira, dia 16\/05, a partir das 16h, com intervalo de 10 minutos entre cada uma. Saiba como participar","breadcrumb":{"@id":"https:\/\/aepetba.org.br\/v1\/aepet-ba-convoca-associados-e-associadas-para-ages-na-terca-feira-16-05\/#breadcrumb"},"inLanguage":"pt-BR","potentialAction":[{"@type":"ReadAction","target":["https:\/\/aepetba.org.br\/v1\/aepet-ba-convoca-associados-e-associadas-para-ages-na-terca-feira-16-05\/"]}]},{"@type":"BreadcrumbList","@id":"https:\/\/aepetba.org.br\/v1\/aepet-ba-convoca-associados-e-associadas-para-ages-na-terca-feira-16-05\/#breadcrumb","itemListElement":[{"@type":"ListItem","position":1,"name":"In\u00edcio","item":"https:\/\/aepetba.org.br\/v1\/"},{"@type":"ListItem","position":2,"name":"AEPET-BA convoca associados e associadas para AGEs na ter\u00e7a-feira (16\/05)"}]},{"@type":"Article","@id":"https:\/\/aepetba.org.br\/v1\/aepet-ba-convoca-associados-e-associadas-para-ages-na-terca-feira-16-05\/#article","isPartOf":{"@id":"https:\/\/aepetba.org.br\/v1\/aepet-ba-convoca-associados-e-associadas-para-ages-na-terca-feira-16-05\/"},"author":{"name":"AEPETBA","@id":"https:\/\/aepetba.org.br\/v1\/#\/schema\/person\/3504208f89f3f50e1526867ebb573b88"},"headline":"AEPET-BA convoca associados e associadas para AGEs na ter\u00e7a-feira (16\/05)","datePublished":"2023-05-11T23:26:27+00:00","dateModified":"2023-05-11T23:26:27+00:00","mainEntityOfPage":{"@id":"https:\/\/aepetba.org.br\/v1\/aepet-ba-convoca-associados-e-associadas-para-ages-na-terca-feira-16-05\/"},"wordCount":916,"publisher":{"@id":"https:\/\/aepetba.org.br\/v1\/#organization"},"image":{"@id":"https:\/\/aepetba.org.br\/v1\/aepet-ba-convoca-associados-e-associadas-para-ages-na-terca-feira-16-05\/#primaryimage"},"thumbnailUrl":"https:\/\/aepetba.org.br\/v1\/wp-content\/uploads\/2023\/05\/Materia-AEPET-BA-convoca-associados-e-associadas-para-AGEs-na-terca-feira-16-05-hibrida-Aepet-ba.jpg","articleSection":["Coluna do Associado","Destaque","Not\u00edcias"],"inLanguage":"pt-BR"},{"@type":"Person","@id":"https:\/\/aepetba.org.br\/v1\/#\/schema\/person\/3504208f89f3f50e1526867ebb573b88","name":"AEPETBA","image":{"@type":"ImageObject","inLanguage":"pt-BR","@id":"https:\/\/aepetba.org.br\/v1\/#\/schema\/person\/image\/","url":"https:\/\/secure.gravatar.com\/avatar\/3e6e1bf98c38137fc6b937d21e974714?s=96&d=mm&r=g","contentUrl":"https:\/\/secure.gravatar.com\/avatar\/3e6e1bf98c38137fc6b937d21e974714?s=96&d=mm&r=g","caption":"AEPETBA"},"sameAs":["http:\/\/aepetba.org.br\/v1"],"url":"https:\/\/aepetba.org.br\/v1\/author\/lubconsultoria\/"}]}},"_links":{"self":[{"href":"https:\/\/aepetba.org.br\/v1\/wp-json\/wp\/v2\/posts\/40541"}],"collection":[{"href":"https:\/\/aepetba.org.br\/v1\/wp-json\/wp\/v2\/posts"}],"about":[{"href":"https:\/\/aepetba.org.br\/v1\/wp-json\/wp\/v2\/types\/post"}],"author":[{"embeddable":true,"href":"https:\/\/aepetba.org.br\/v1\/wp-json\/wp\/v2\/users\/1"}],"replies":[{"embeddable":true,"href":"https:\/\/aepetba.org.br\/v1\/wp-json\/wp\/v2\/comments?post=40541"}],"version-history":[{"count":1,"href":"https:\/\/aepetba.org.br\/v1\/wp-json\/wp\/v2\/posts\/40541\/revisions"}],"predecessor-version":[{"id":40544,"href":"https:\/\/aepetba.org.br\/v1\/wp-json\/wp\/v2\/posts\/40541\/revisions\/40544"}],"wp:featuredmedia":[{"embeddable":true,"href":"https:\/\/aepetba.org.br\/v1\/wp-json\/wp\/v2\/media\/40543"}],"wp:attachment":[{"href":"https:\/\/aepetba.org.br\/v1\/wp-json\/wp\/v2\/media?parent=40541"}],"wp:term":[{"taxonomy":"category","embeddable":true,"href":"https:\/\/aepetba.org.br\/v1\/wp-json\/wp\/v2\/categories?post=40541"},{"taxonomy":"post_tag","embeddable":true,"href":"https:\/\/aepetba.org.br\/v1\/wp-json\/wp\/v2\/tags?post=40541"}],"curies":[{"name":"wp","href":"https:\/\/api.w.org\/{rel}","templated":true}]}}