{"id":40568,"date":"2023-05-15T13:26:38","date_gmt":"2023-05-15T16:26:38","guid":{"rendered":"https:\/\/aepetba.org.br\/v1\/?p=40568"},"modified":"2023-05-15T13:26:38","modified_gmt":"2023-05-15T16:26:38","slug":"e-amanha-participem-das-assembleias-convocadas-pela-aepet-ba","status":"publish","type":"post","link":"https:\/\/aepetba.org.br\/v1\/e-amanha-participem-das-assembleias-convocadas-pela-aepet-ba\/","title":{"rendered":"\u00c9 amanh\u00e3: participem das assembleias convocadas pela AEPET-BA"},"content":{"rendered":"<!--[if lt IE 9]><script>document.createElement('audio');<\/script><![endif]-->\n<audio class=\"wp-audio-shortcode\" id=\"audio-40568-1\" preload=\"none\" style=\"width: 100%;\" controls=\"controls\"><source type=\"audio\/ogg\" src=\"https:\/\/aepetba.org.br\/v1\/wp-content\/uploads\/2023\/05\/convocatoria-AGEs.ogg?_=1\" \/><a href=\"https:\/\/aepetba.org.br\/v1\/wp-content\/uploads\/2023\/05\/convocatoria-AGEs.ogg\">https:\/\/aepetba.org.br\/v1\/wp-content\/uploads\/2023\/05\/convocatoria-AGEs.ogg<\/a><\/audio>\n<p>A Associa\u00e7\u00e3o dos Engenheiros da Petrobr\u00e1s, N\u00facleo Bahia (AEPET-BA) convoca seus associados e associadas para que participem das Assembleias Gerais Extraordin\u00e1rias (AGEs), que ser\u00e3o realizadas amanh\u00e3, dia 16\/05, a partir das 16h.<\/p>\n<p><strong>\u00a0<\/strong>As Assembleias t\u00eam como objetivo deliberar e aprovar v\u00e1rias a\u00e7\u00f5es judiciais em defesa dos interesses e direitos dos associados da entidade da ativa e aposentados da Petrobr\u00e1s<\/p>\n<p><strong>\u00a0<\/strong>As AGEs ser\u00e3o realizadas de forma h\u00edbrida (presencial e virtual), preservando os mesmos direitos para os associados. As assembleias presenciais acontecer\u00e3o na sede da AEPET-BA, na Av. Tancredo Neves, n\u00ba 2539, Cond. CEO Salvador Shopping, Torre Londres, sala 106, Caminho das \u00c1rvores, Salvador (BA).<\/p>\n<p>&nbsp;<\/p>\n<p><strong>As assembleias ser\u00e3o transmitidas pelo Zoom.<\/strong><\/p>\n<p>Entrar na reuni\u00e3o Zoom<br \/>\n<a href=\"https:\/\/us06web.zoom.us\/j\/85738212782?pwd=aW0rVkFpUzgwdkpGY3YzOXJyY0JqZz09\" target=\"_blank\" rel=\"noopener\">https:\/\/us06web.zoom.us\/j\/85738212782?pwd=aW0rVkFpUzgwdkpGY3YzOXJyY0JqZz09<\/a><\/p>\n<p>ID da reuni\u00e3o: 857 3821 2782<br \/>\nSenha de acesso: 365002<\/p>\n<p>&nbsp;<\/p>\n<p>Veja as pautas das assembleias &#8211; <a href=\"https:\/\/aepetba.org.br\/v1\/2023\/05\/11\/aepet-ba-convoca-associados-e-associadas-para-ages-na-terca-feira-16-05\/\"><strong><u>AEPET-BA convoca associados e associadas para AGEs na ter\u00e7a-feira (16\/05)\u00a0<\/u><\/strong><\/a><\/p>\n<p><strong><u>\u00a0<\/u><\/strong><\/p>\n<p>Participem das Assembleias!<\/p>\n","protected":false},"excerpt":{"rendered":"<p>A Associa\u00e7\u00e3o dos Engenheiros da Petrobr\u00e1s, N\u00facleo Bahia (AEPET-BA) convoca seus associados e associadas para que participem das Assembleias Gerais Extraordin\u00e1rias (AGEs), que ser\u00e3o realizadas amanh\u00e3, dia 16\/05, a partir das 16h. \u00a0As Assembleias t\u00eam como objetivo deliberar e aprovar&#8230;<\/p>\n","protected":false},"author":1,"featured_media":40570,"comment_status":"closed","ping_status":"closed","sticky":false,"template":"","format":"standard","meta":[],"categories":[5,87,10],"tags":[],"yoast_head":"<!-- This site is optimized with the Yoast SEO plugin v19.3 - https:\/\/yoast.com\/wordpress\/plugins\/seo\/ -->\n<title>\u00c9 amanh\u00e3: participem das assembleias convocadas pela AEPET-BA<\/title>\n<meta name=\"description\" content=\"Aten\u00e7\u00e3o associados e associadas da AEPET-BA. Participem das assembleias amanh\u00e3, a partir das 16h. Venham deliberar sobre o ingresso de a\u00e7\u00f5es contra a Petrobr\u00e1s e Petros.\" \/>\n<meta name=\"robots\" content=\"index, follow, max-snippet:-1, max-image-preview:large, max-video-preview:-1\" \/>\n<link rel=\"canonical\" href=\"https:\/\/aepetba.org.br\/v1\/e-amanha-participem-das-assembleias-convocadas-pela-aepet-ba\/\" \/>\n<meta property=\"og:locale\" content=\"pt_BR\" \/>\n<meta property=\"og:type\" content=\"article\" \/>\n<meta property=\"og:title\" content=\"\u00c9 amanh\u00e3: participem das assembleias convocadas pela AEPET-BA\" \/>\n<meta property=\"og:description\" content=\"Aten\u00e7\u00e3o associados e associadas da AEPET-BA. Participem das assembleias amanh\u00e3, a partir das 16h. Venham deliberar sobre o ingresso de a\u00e7\u00f5es contra a Petrobr\u00e1s e Petros.\" \/>\n<meta property=\"og:url\" content=\"https:\/\/aepetba.org.br\/v1\/e-amanha-participem-das-assembleias-convocadas-pela-aepet-ba\/\" \/>\n<meta property=\"og:site_name\" content=\"AEPET N\u00daCLEO BAHIA\" \/>\n<meta property=\"article:publisher\" content=\"https:\/\/web.facebook.com\/aepetba\" \/>\n<meta property=\"article:published_time\" content=\"2023-05-15T16:26:38+00:00\" \/>\n<meta property=\"og:image\" content=\"https:\/\/aepetba.org.br\/v1\/wp-content\/uploads\/2023\/05\/Materia-Convocatoria-AGEs-Amanha-reuniao-Aepet-ba.jpg\" \/>\n\t<meta property=\"og:image:width\" content=\"1079\" \/>\n\t<meta property=\"og:image:height\" content=\"940\" \/>\n\t<meta property=\"og:image:type\" content=\"image\/jpeg\" \/>\n<meta name=\"author\" content=\"AEPETBA\" \/>\n<meta name=\"twitter:card\" content=\"summary_large_image\" \/>\n<meta name=\"twitter:creator\" content=\"@aepetbahia\" \/>\n<meta name=\"twitter:site\" content=\"@aepetbahia\" \/>\n<meta name=\"twitter:label1\" content=\"Escrito por\" \/>\n\t<meta name=\"twitter:data1\" content=\"AEPETBA\" \/>\n\t<meta name=\"twitter:label2\" content=\"Est. tempo de leitura\" \/>\n\t<meta name=\"twitter:data2\" content=\"1 minuto\" \/>\n<script type=\"application\/ld+json\" class=\"yoast-schema-graph\">{\"@context\":\"https:\/\/schema.org\",\"@graph\":[{\"@type\":\"Organization\",\"@id\":\"https:\/\/aepetba.org.br\/v1\/#organization\",\"name\":\"AEPET N\u00facleo Bahia\",\"url\":\"https:\/\/aepetba.org.br\/v1\/\",\"sameAs\":[\"https:\/\/www.instagram.com\/aepetbahia\/\",\"https:\/\/www.youtube.com\/c\/AEPETBAHIA\",\"https:\/\/web.facebook.com\/aepetba\",\"https:\/\/twitter.com\/aepetbahia\"],\"logo\":{\"@type\":\"ImageObject\",\"inLanguage\":\"pt-BR\",\"@id\":\"https:\/\/aepetba.org.br\/v1\/#\/schema\/logo\/image\/\",\"url\":\"https:\/\/aepetba.org.br\/v1\/wp-content\/uploads\/revslider\/home\/logo-AEPETBA.png\",\"contentUrl\":\"https:\/\/aepetba.org.br\/v1\/wp-content\/uploads\/revslider\/home\/logo-AEPETBA.png\",\"width\":297,\"height\":86,\"caption\":\"AEPET N\u00facleo Bahia\"},\"image\":{\"@id\":\"https:\/\/aepetba.org.br\/v1\/#\/schema\/logo\/image\/\"}},{\"@type\":\"WebSite\",\"@id\":\"https:\/\/aepetba.org.br\/v1\/#website\",\"url\":\"https:\/\/aepetba.org.br\/v1\/\",\"name\":\"AEPET N\u00daCLEO BAHIA\",\"description\":\"Associa\u00e7\u00e3o dos Engenheiros da Petrobr\u00e1s N\u00facleo Bahia Petr\u00f3leo Bahia Salvador Nordeste \",\"publisher\":{\"@id\":\"https:\/\/aepetba.org.br\/v1\/#organization\"},\"potentialAction\":[{\"@type\":\"SearchAction\",\"target\":{\"@type\":\"EntryPoint\",\"urlTemplate\":\"https:\/\/aepetba.org.br\/v1\/?s={search_term_string}\"},\"query-input\":\"required name=search_term_string\"}],\"inLanguage\":\"pt-BR\"},{\"@type\":\"ImageObject\",\"inLanguage\":\"pt-BR\",\"@id\":\"https:\/\/aepetba.org.br\/v1\/e-amanha-participem-das-assembleias-convocadas-pela-aepet-ba\/#primaryimage\",\"url\":\"https:\/\/aepetba.org.br\/v1\/wp-content\/uploads\/2023\/05\/Materia-Convocatoria-AGEs-Amanha-reuniao-Aepet-ba.jpg\",\"contentUrl\":\"https:\/\/aepetba.org.br\/v1\/wp-content\/uploads\/2023\/05\/Materia-Convocatoria-AGEs-Amanha-reuniao-Aepet-ba.jpg\",\"width\":1079,\"height\":940},{\"@type\":\"WebPage\",\"@id\":\"https:\/\/aepetba.org.br\/v1\/e-amanha-participem-das-assembleias-convocadas-pela-aepet-ba\/\",\"url\":\"https:\/\/aepetba.org.br\/v1\/e-amanha-participem-das-assembleias-convocadas-pela-aepet-ba\/\",\"name\":\"\u00c9 amanh\u00e3: participem das assembleias convocadas pela AEPET-BA\",\"isPartOf\":{\"@id\":\"https:\/\/aepetba.org.br\/v1\/#website\"},\"primaryImageOfPage\":{\"@id\":\"https:\/\/aepetba.org.br\/v1\/e-amanha-participem-das-assembleias-convocadas-pela-aepet-ba\/#primaryimage\"},\"datePublished\":\"2023-05-15T16:26:38+00:00\",\"dateModified\":\"2023-05-15T16:26:38+00:00\",\"description\":\"Aten\u00e7\u00e3o associados e associadas da AEPET-BA. Participem das assembleias amanh\u00e3, a partir das 16h. Venham deliberar sobre o ingresso de a\u00e7\u00f5es contra a Petrobr\u00e1s e Petros.\",\"breadcrumb\":{\"@id\":\"https:\/\/aepetba.org.br\/v1\/e-amanha-participem-das-assembleias-convocadas-pela-aepet-ba\/#breadcrumb\"},\"inLanguage\":\"pt-BR\",\"potentialAction\":[{\"@type\":\"ReadAction\",\"target\":[\"https:\/\/aepetba.org.br\/v1\/e-amanha-participem-das-assembleias-convocadas-pela-aepet-ba\/\"]}]},{\"@type\":\"BreadcrumbList\",\"@id\":\"https:\/\/aepetba.org.br\/v1\/e-amanha-participem-das-assembleias-convocadas-pela-aepet-ba\/#breadcrumb\",\"itemListElement\":[{\"@type\":\"ListItem\",\"position\":1,\"name\":\"In\u00edcio\",\"item\":\"https:\/\/aepetba.org.br\/v1\/\"},{\"@type\":\"ListItem\",\"position\":2,\"name\":\"\u00c9 amanh\u00e3: participem das assembleias convocadas pela AEPET-BA\"}]},{\"@type\":\"Article\",\"@id\":\"https:\/\/aepetba.org.br\/v1\/e-amanha-participem-das-assembleias-convocadas-pela-aepet-ba\/#article\",\"isPartOf\":{\"@id\":\"https:\/\/aepetba.org.br\/v1\/e-amanha-participem-das-assembleias-convocadas-pela-aepet-ba\/\"},\"author\":{\"name\":\"AEPETBA\",\"@id\":\"https:\/\/aepetba.org.br\/v1\/#\/schema\/person\/3504208f89f3f50e1526867ebb573b88\"},\"headline\":\"\u00c9 amanh\u00e3: participem das assembleias convocadas pela AEPET-BA\",\"datePublished\":\"2023-05-15T16:26:38+00:00\",\"dateModified\":\"2023-05-15T16:26:38+00:00\",\"mainEntityOfPage\":{\"@id\":\"https:\/\/aepetba.org.br\/v1\/e-amanha-participem-das-assembleias-convocadas-pela-aepet-ba\/\"},\"wordCount\":182,\"publisher\":{\"@id\":\"https:\/\/aepetba.org.br\/v1\/#organization\"},\"image\":{\"@id\":\"https:\/\/aepetba.org.br\/v1\/e-amanha-participem-das-assembleias-convocadas-pela-aepet-ba\/#primaryimage\"},\"thumbnailUrl\":\"https:\/\/aepetba.org.br\/v1\/wp-content\/uploads\/2023\/05\/Materia-Convocatoria-AGEs-Amanha-reuniao-Aepet-ba.jpg\",\"articleSection\":[\"Coluna do Associado\",\"Destaque\",\"Not\u00edcias\"],\"inLanguage\":\"pt-BR\"},{\"@type\":\"Person\",\"@id\":\"https:\/\/aepetba.org.br\/v1\/#\/schema\/person\/3504208f89f3f50e1526867ebb573b88\",\"name\":\"AEPETBA\",\"image\":{\"@type\":\"ImageObject\",\"inLanguage\":\"pt-BR\",\"@id\":\"https:\/\/aepetba.org.br\/v1\/#\/schema\/person\/image\/\",\"url\":\"https:\/\/secure.gravatar.com\/avatar\/3e6e1bf98c38137fc6b937d21e974714?s=96&d=mm&r=g\",\"contentUrl\":\"https:\/\/secure.gravatar.com\/avatar\/3e6e1bf98c38137fc6b937d21e974714?s=96&d=mm&r=g\",\"caption\":\"AEPETBA\"},\"sameAs\":[\"http:\/\/aepetba.org.br\/v1\"],\"url\":\"https:\/\/aepetba.org.br\/v1\/author\/lubconsultoria\/\"}]}<\/script>\n<!-- \/ Yoast SEO plugin. -->","yoast_head_json":{"title":"\u00c9 amanh\u00e3: participem das assembleias convocadas pela AEPET-BA","description":"Aten\u00e7\u00e3o associados e associadas da AEPET-BA. Participem das assembleias amanh\u00e3, a partir das 16h. Venham deliberar sobre o ingresso de a\u00e7\u00f5es contra a Petrobr\u00e1s e Petros.","robots":{"index":"index","follow":"follow","max-snippet":"max-snippet:-1","max-image-preview":"max-image-preview:large","max-video-preview":"max-video-preview:-1"},"canonical":"https:\/\/aepetba.org.br\/v1\/e-amanha-participem-das-assembleias-convocadas-pela-aepet-ba\/","og_locale":"pt_BR","og_type":"article","og_title":"\u00c9 amanh\u00e3: participem das assembleias convocadas pela AEPET-BA","og_description":"Aten\u00e7\u00e3o associados e associadas da AEPET-BA. Participem das assembleias amanh\u00e3, a partir das 16h. Venham deliberar sobre o ingresso de a\u00e7\u00f5es contra a Petrobr\u00e1s e Petros.","og_url":"https:\/\/aepetba.org.br\/v1\/e-amanha-participem-das-assembleias-convocadas-pela-aepet-ba\/","og_site_name":"AEPET N\u00daCLEO BAHIA","article_publisher":"https:\/\/web.facebook.com\/aepetba","article_published_time":"2023-05-15T16:26:38+00:00","og_image":[{"width":1079,"height":940,"url":"https:\/\/aepetba.org.br\/v1\/wp-content\/uploads\/2023\/05\/Materia-Convocatoria-AGEs-Amanha-reuniao-Aepet-ba.jpg","type":"image\/jpeg"}],"author":"AEPETBA","twitter_card":"summary_large_image","twitter_creator":"@aepetbahia","twitter_site":"@aepetbahia","twitter_misc":{"Escrito por":"AEPETBA","Est. tempo de leitura":"1 minuto"},"schema":{"@context":"https:\/\/schema.org","@graph":[{"@type":"Organization","@id":"https:\/\/aepetba.org.br\/v1\/#organization","name":"AEPET N\u00facleo Bahia","url":"https:\/\/aepetba.org.br\/v1\/","sameAs":["https:\/\/www.instagram.com\/aepetbahia\/","https:\/\/www.youtube.com\/c\/AEPETBAHIA","https:\/\/web.facebook.com\/aepetba","https:\/\/twitter.com\/aepetbahia"],"logo":{"@type":"ImageObject","inLanguage":"pt-BR","@id":"https:\/\/aepetba.org.br\/v1\/#\/schema\/logo\/image\/","url":"https:\/\/aepetba.org.br\/v1\/wp-content\/uploads\/revslider\/home\/logo-AEPETBA.png","contentUrl":"https:\/\/aepetba.org.br\/v1\/wp-content\/uploads\/revslider\/home\/logo-AEPETBA.png","width":297,"height":86,"caption":"AEPET N\u00facleo Bahia"},"image":{"@id":"https:\/\/aepetba.org.br\/v1\/#\/schema\/logo\/image\/"}},{"@type":"WebSite","@id":"https:\/\/aepetba.org.br\/v1\/#website","url":"https:\/\/aepetba.org.br\/v1\/","name":"AEPET N\u00daCLEO BAHIA","description":"Associa\u00e7\u00e3o dos Engenheiros da Petrobr\u00e1s N\u00facleo Bahia Petr\u00f3leo Bahia Salvador Nordeste ","publisher":{"@id":"https:\/\/aepetba.org.br\/v1\/#organization"},"potentialAction":[{"@type":"SearchAction","target":{"@type":"EntryPoint","urlTemplate":"https:\/\/aepetba.org.br\/v1\/?s={search_term_string}"},"query-input":"required name=search_term_string"}],"inLanguage":"pt-BR"},{"@type":"ImageObject","inLanguage":"pt-BR","@id":"https:\/\/aepetba.org.br\/v1\/e-amanha-participem-das-assembleias-convocadas-pela-aepet-ba\/#primaryimage","url":"https:\/\/aepetba.org.br\/v1\/wp-content\/uploads\/2023\/05\/Materia-Convocatoria-AGEs-Amanha-reuniao-Aepet-ba.jpg","contentUrl":"https:\/\/aepetba.org.br\/v1\/wp-content\/uploads\/2023\/05\/Materia-Convocatoria-AGEs-Amanha-reuniao-Aepet-ba.jpg","width":1079,"height":940},{"@type":"WebPage","@id":"https:\/\/aepetba.org.br\/v1\/e-amanha-participem-das-assembleias-convocadas-pela-aepet-ba\/","url":"https:\/\/aepetba.org.br\/v1\/e-amanha-participem-das-assembleias-convocadas-pela-aepet-ba\/","name":"\u00c9 amanh\u00e3: participem das assembleias convocadas pela AEPET-BA","isPartOf":{"@id":"https:\/\/aepetba.org.br\/v1\/#website"},"primaryImageOfPage":{"@id":"https:\/\/aepetba.org.br\/v1\/e-amanha-participem-das-assembleias-convocadas-pela-aepet-ba\/#primaryimage"},"datePublished":"2023-05-15T16:26:38+00:00","dateModified":"2023-05-15T16:26:38+00:00","description":"Aten\u00e7\u00e3o associados e associadas da AEPET-BA. Participem das assembleias amanh\u00e3, a partir das 16h. Venham deliberar sobre o ingresso de a\u00e7\u00f5es contra a Petrobr\u00e1s e Petros.","breadcrumb":{"@id":"https:\/\/aepetba.org.br\/v1\/e-amanha-participem-das-assembleias-convocadas-pela-aepet-ba\/#breadcrumb"},"inLanguage":"pt-BR","potentialAction":[{"@type":"ReadAction","target":["https:\/\/aepetba.org.br\/v1\/e-amanha-participem-das-assembleias-convocadas-pela-aepet-ba\/"]}]},{"@type":"BreadcrumbList","@id":"https:\/\/aepetba.org.br\/v1\/e-amanha-participem-das-assembleias-convocadas-pela-aepet-ba\/#breadcrumb","itemListElement":[{"@type":"ListItem","position":1,"name":"In\u00edcio","item":"https:\/\/aepetba.org.br\/v1\/"},{"@type":"ListItem","position":2,"name":"\u00c9 amanh\u00e3: participem das assembleias convocadas pela AEPET-BA"}]},{"@type":"Article","@id":"https:\/\/aepetba.org.br\/v1\/e-amanha-participem-das-assembleias-convocadas-pela-aepet-ba\/#article","isPartOf":{"@id":"https:\/\/aepetba.org.br\/v1\/e-amanha-participem-das-assembleias-convocadas-pela-aepet-ba\/"},"author":{"name":"AEPETBA","@id":"https:\/\/aepetba.org.br\/v1\/#\/schema\/person\/3504208f89f3f50e1526867ebb573b88"},"headline":"\u00c9 amanh\u00e3: participem das assembleias convocadas pela AEPET-BA","datePublished":"2023-05-15T16:26:38+00:00","dateModified":"2023-05-15T16:26:38+00:00","mainEntityOfPage":{"@id":"https:\/\/aepetba.org.br\/v1\/e-amanha-participem-das-assembleias-convocadas-pela-aepet-ba\/"},"wordCount":182,"publisher":{"@id":"https:\/\/aepetba.org.br\/v1\/#organization"},"image":{"@id":"https:\/\/aepetba.org.br\/v1\/e-amanha-participem-das-assembleias-convocadas-pela-aepet-ba\/#primaryimage"},"thumbnailUrl":"https:\/\/aepetba.org.br\/v1\/wp-content\/uploads\/2023\/05\/Materia-Convocatoria-AGEs-Amanha-reuniao-Aepet-ba.jpg","articleSection":["Coluna do Associado","Destaque","Not\u00edcias"],"inLanguage":"pt-BR"},{"@type":"Person","@id":"https:\/\/aepetba.org.br\/v1\/#\/schema\/person\/3504208f89f3f50e1526867ebb573b88","name":"AEPETBA","image":{"@type":"ImageObject","inLanguage":"pt-BR","@id":"https:\/\/aepetba.org.br\/v1\/#\/schema\/person\/image\/","url":"https:\/\/secure.gravatar.com\/avatar\/3e6e1bf98c38137fc6b937d21e974714?s=96&d=mm&r=g","contentUrl":"https:\/\/secure.gravatar.com\/avatar\/3e6e1bf98c38137fc6b937d21e974714?s=96&d=mm&r=g","caption":"AEPETBA"},"sameAs":["http:\/\/aepetba.org.br\/v1"],"url":"https:\/\/aepetba.org.br\/v1\/author\/lubconsultoria\/"}]}},"_links":{"self":[{"href":"https:\/\/aepetba.org.br\/v1\/wp-json\/wp\/v2\/posts\/40568"}],"collection":[{"href":"https:\/\/aepetba.org.br\/v1\/wp-json\/wp\/v2\/posts"}],"about":[{"href":"https:\/\/aepetba.org.br\/v1\/wp-json\/wp\/v2\/types\/post"}],"author":[{"embeddable":true,"href":"https:\/\/aepetba.org.br\/v1\/wp-json\/wp\/v2\/users\/1"}],"replies":[{"embeddable":true,"href":"https:\/\/aepetba.org.br\/v1\/wp-json\/wp\/v2\/comments?post=40568"}],"version-history":[{"count":1,"href":"https:\/\/aepetba.org.br\/v1\/wp-json\/wp\/v2\/posts\/40568\/revisions"}],"predecessor-version":[{"id":40571,"href":"https:\/\/aepetba.org.br\/v1\/wp-json\/wp\/v2\/posts\/40568\/revisions\/40571"}],"wp:featuredmedia":[{"embeddable":true,"href":"https:\/\/aepetba.org.br\/v1\/wp-json\/wp\/v2\/media\/40570"}],"wp:attachment":[{"href":"https:\/\/aepetba.org.br\/v1\/wp-json\/wp\/v2\/media?parent=40568"}],"wp:term":[{"taxonomy":"category","embeddable":true,"href":"https:\/\/aepetba.org.br\/v1\/wp-json\/wp\/v2\/categories?post=40568"},{"taxonomy":"post_tag","embeddable":true,"href":"https:\/\/aepetba.org.br\/v1\/wp-json\/wp\/v2\/tags?post=40568"}],"curies":[{"name":"wp","href":"https:\/\/api.w.org\/{rel}","templated":true}]}}