{"id":40572,"date":"2023-05-15T15:58:38","date_gmt":"2023-05-15T18:58:38","guid":{"rendered":"https:\/\/aepetba.org.br\/v1\/?p=40572"},"modified":"2023-05-15T16:02:41","modified_gmt":"2023-05-15T19:02:41","slug":"unidade-nacional-participem-do-ato-pelo-fim-das-cobrancas-dos-equacionamentos-da-petros-no-dia-30-05","status":"publish","type":"post","link":"https:\/\/aepetba.org.br\/v1\/unidade-nacional-participem-do-ato-pelo-fim-das-cobrancas-dos-equacionamentos-da-petros-no-dia-30-05\/","title":{"rendered":"Unidade nacional: participem do ato pelo fim das cobran\u00e7as dos equacionamentos da Petros no dia 30\/05"},"content":{"rendered":"<!--[if lt IE 9]><script>document.createElement('audio');<\/script><![endif]-->\n<audio class=\"wp-audio-shortcode\" id=\"audio-40572-1\" preload=\"none\" style=\"width: 100%;\" controls=\"controls\"><source type=\"audio\/ogg\" src=\"https:\/\/aepetba.org.br\/v1\/wp-content\/uploads\/2023\/05\/Ato-unificado-contra-o-equacionamento-da-Petros.ogg?_=1\" \/><a href=\"https:\/\/aepetba.org.br\/v1\/wp-content\/uploads\/2023\/05\/Ato-unificado-contra-o-equacionamento-da-Petros.ogg\">https:\/\/aepetba.org.br\/v1\/wp-content\/uploads\/2023\/05\/Ato-unificado-contra-o-equacionamento-da-Petros.ogg<\/a><\/audio>\n<p>&nbsp;<\/p>\n<blockquote>\n<p style=\"text-align: left;\"><em>A AEPET-BA parabeniza o Sindipetro-BA por compreender a import\u00e2ncia da unidade. Ato acontece em frente ao Edif\u00edcio Torre Pituba, no Itaigara, em Salvador.<\/em><\/p>\n<\/blockquote>\n<p>Na segunda-feira (08\/05), durante a reuni\u00e3o do F\u00f3rum em Defesa da Petrobr\u00e1s da Petros e da AMS, um dos pontos debatidos foi a realiza\u00e7\u00e3o do grande ato pela suspens\u00e3o das cobran\u00e7as dos equacionamentos da Petros. A proposta do Sindipetro-BA era que o F\u00f3rum apoiasse a manifesta\u00e7\u00e3o que seria realizado exclusivamente pela FUP, no dia 18\/05.<\/p>\n<p>Durante o debate, as entidades conclu\u00edram que manter a unidade \u00e9 imperativo para lutar por solu\u00e7\u00f5es adequadas que resolvam definitivamente os graves problemas do fundo de pens\u00e3o Petros. O sindicato concordou e decidiu retirar a discuss\u00e3o da pauta. Um dia depois, a FNP prop\u00f4s realizar um ato nacional, na ter\u00e7a-feira (30\/05), em frente ao edif\u00edcio sede da Petrobr\u00e1s, o Edisen., no Rio de Janeiro para dar tempo de organizar caravanas e atos regionais nas capitais.<\/p>\n<p>O Sindipetro-BA, sens\u00edvel \u00e0 reivindica\u00e7\u00e3o da categoria, e em nome da unidade, decidiu suspender o ato previsto para o dia 18\/05 e concordou com a nova data 30\/05.<\/p>\n<p><strong>Em Salvador, a manifesta\u00e7\u00e3o vai acontecer em frente ao Edif\u00edcio Torre Pituba, (Av. Ant\u00f4nio Carlos Magalh\u00e3es, 1113 \u2013 Itaigara), \u00e0s 8h, com as presen\u00e7as de aposentados, pensionistas e trabalhadores da ativa da capital e interior do estado.<\/strong><\/p>\n<p>A AEPET-BA prop\u00f5e que, at\u00e9 l\u00e1, sejam realizados atos conjuntos nas diversas cidades, com concentra\u00e7\u00e3o de aposentados e pensionistas da categoria, para fazer um amplo debate, deixando em evid\u00eancia a import\u00e2ncia da participa\u00e7\u00e3o de todos e todas e pressionar a Petrobr\u00e1s por solu\u00e7\u00f5es definitivas para a Petros.<\/p>\n<p>Ao aceitar marcar a manifesta\u00e7\u00e3o em uma nova data, o Sindipetro-BA deu exemplo de maturidade, concord\u00e2ncia e constru\u00e7\u00e3o coletiva pela unidade da categoria que luta pela solu\u00e7\u00e3o urgente, definitiva e sem perdas de direitos na Petros.<\/p>\n<p>N\u00e3o fomos n\u00f3s, trabalhadores e trabalhadoras, os respons\u00e1veis pelos d\u00e9ficits da Petros. Portanto, n\u00e3o \u00e9 justo que paguemos pelo erro alheio. \u00c9 preciso, mais do que nunca, debater o assunto para obter os resultados que a categoria tanto urge. N\u00e3o haver\u00e1 her\u00f3is, todos n\u00f3s somos chamados a participar do ato para lutar por sa\u00eddas vi\u00e1veis que n\u00e3o prejudiquem os trabalhadores. A categoria desta vez n\u00e3o pode cometer os mesmos erros e ficar de bra\u00e7os cruzados.<\/p>\n<p>Urge dar um basta na perda de direitos dos trabalhadores, como aconteceu durante a repactua\u00e7\u00e3o, que foi \u201cvendida\u201d para a categoria como a solu\u00e7\u00e3o definitiva para os problemas da Petros. 75% da categoria repactuou e em quase 10 anos, os petroleiros est\u00e3o descontando o terceiro equacionamento.<\/p>\n<p>A Associa\u00e7\u00e3o parabeniza o sindicato por compreender que esta n\u00e3o pode ser a tarefa apenas de uma Federa\u00e7\u00e3o ou de uma entidade, esta \u00e9 uma tarefa de todos os petroleiros e petroleiras: construir as solu\u00e7\u00f5es que atenda as demandas urgentes da categoria por uma Petros que efetivamente venha a lhe dar o conforto financeiro na aposentadoria.<\/p>\n<p>Assim como parabeniza as demais entidades da categoria petroleira da Bahia (ASTAPE-BA, Abraspet e CEPEs) que entenderam que a \u00fanica forma de construir solu\u00e7\u00f5es definitivas \u00e9 agir conjuntamente.<\/p>\n<p>Aguardamos a todos e a todas no grande ato pela suspens\u00e3o do equacionamento da Petros, do dia 30\/05.<\/p>\n<p>O F\u00f3rum em Defesa da Petrobr\u00e1s, Petros e AMS votar\u00e1 a se reunir na pr\u00f3xima segunda-feira, 15\/05, \u00e0s 19h, de forma virtual. Convidamos os petroleiros e petroleiras para que participem e ajudem a construir um grande ato na Bahia. A reuni\u00e3o \u00e9 das entidades, mas \u00e9 aberta \u00e0 categoria.<\/p>\n<p>A AEPET-BA sa\u00fada os trabalhadores e trabalhadoras, aposentados e pensionistas. Gra\u00e7as ao empenho de cada membro da categoria, a unidade est\u00e1 sendo constru\u00edda, apostamos nela, defendemos ela e acreditamos que s\u00f3 ela \u00e9 capaz de construir solu\u00e7\u00f5es verdadeiras.<\/p>\n<p>Participam do F\u00f3rum a AEPET-BA, ASTAPE-BA, Abraspet, Sindipetro-BA, CEPE Salvador e Clube 2004.<\/p>\n<p>&nbsp;<\/p>\n<p>#ReconstruiraPetrobr\u00e1s\u00e9ReconstruiroBrasil<\/p>\n","protected":false},"excerpt":{"rendered":"<p>&nbsp; A AEPET-BA parabeniza o Sindipetro-BA por compreender a import\u00e2ncia da unidade. Ato acontece em frente ao Edif\u00edcio Torre Pituba, no Itaigara, em Salvador. Na segunda-feira (08\/05), durante a reuni\u00e3o do F\u00f3rum em Defesa da Petrobr\u00e1s da Petros e da&#8230;<\/p>\n","protected":false},"author":1,"featured_media":40576,"comment_status":"closed","ping_status":"closed","sticky":false,"template":"","format":"standard","meta":[],"categories":[5,87,10],"tags":[],"yoast_head":"<!-- This site is optimized with the Yoast SEO plugin v19.3 - https:\/\/yoast.com\/wordpress\/plugins\/seo\/ -->\n<title>Unidade nacional: participem do ato pelo fim das cobran\u00e7as dos equacionamentos da Petros no dia 30\/05<\/title>\n<meta name=\"description\" content=\"Pela unidade. Ato nacional contra as cobran\u00e7as dos equacionamentos da Petros. Em Salvador, a manifesta\u00e7\u00e3o vai acontecer em frente ao Edif\u00edcio Torre Pituba, (Av. Ant\u00f4nio Carlos Magalh\u00e3es, 1113 \u2013 Itaigara), \u00e0s 8h, com as presen\u00e7as de aposentados, pensionistas e trabalhadores da ativa da capital e interior do estado. Participem!\" \/>\n<meta name=\"robots\" content=\"index, follow, max-snippet:-1, max-image-preview:large, max-video-preview:-1\" \/>\n<link rel=\"canonical\" href=\"https:\/\/aepetba.org.br\/v1\/unidade-nacional-participem-do-ato-pelo-fim-das-cobrancas-dos-equacionamentos-da-petros-no-dia-30-05\/\" \/>\n<meta property=\"og:locale\" content=\"pt_BR\" \/>\n<meta property=\"og:type\" content=\"article\" \/>\n<meta property=\"og:title\" content=\"Unidade nacional: participem do ato pelo fim das cobran\u00e7as dos equacionamentos da Petros no dia 30\/05\" \/>\n<meta property=\"og:description\" content=\"Pela unidade. Ato nacional contra as cobran\u00e7as dos equacionamentos da Petros. Em Salvador, a manifesta\u00e7\u00e3o vai acontecer em frente ao Edif\u00edcio Torre Pituba, (Av. Ant\u00f4nio Carlos Magalh\u00e3es, 1113 \u2013 Itaigara), \u00e0s 8h, com as presen\u00e7as de aposentados, pensionistas e trabalhadores da ativa da capital e interior do estado. Participem!\" \/>\n<meta property=\"og:url\" content=\"https:\/\/aepetba.org.br\/v1\/unidade-nacional-participem-do-ato-pelo-fim-das-cobrancas-dos-equacionamentos-da-petros-no-dia-30-05\/\" \/>\n<meta property=\"og:site_name\" content=\"AEPET N\u00daCLEO BAHIA\" \/>\n<meta property=\"article:publisher\" content=\"https:\/\/web.facebook.com\/aepetba\" \/>\n<meta property=\"article:published_time\" content=\"2023-05-15T18:58:38+00:00\" \/>\n<meta property=\"article:modified_time\" content=\"2023-05-15T19:02:41+00:00\" \/>\n<meta property=\"og:image\" content=\"https:\/\/aepetba.org.br\/v1\/wp-content\/uploads\/2023\/05\/ato-sindicato.jpeg\" \/>\n\t<meta property=\"og:image:width\" content=\"1200\" \/>\n\t<meta property=\"og:image:height\" content=\"1200\" \/>\n\t<meta property=\"og:image:type\" content=\"image\/jpeg\" \/>\n<meta name=\"author\" content=\"AEPETBA\" \/>\n<meta name=\"twitter:card\" content=\"summary_large_image\" \/>\n<meta name=\"twitter:creator\" content=\"@aepetbahia\" \/>\n<meta name=\"twitter:site\" content=\"@aepetbahia\" \/>\n<meta name=\"twitter:label1\" content=\"Escrito por\" \/>\n\t<meta name=\"twitter:data1\" content=\"AEPETBA\" \/>\n\t<meta name=\"twitter:label2\" content=\"Est. tempo de leitura\" \/>\n\t<meta name=\"twitter:data2\" content=\"4 minutos\" \/>\n<script type=\"application\/ld+json\" class=\"yoast-schema-graph\">{\"@context\":\"https:\/\/schema.org\",\"@graph\":[{\"@type\":\"Organization\",\"@id\":\"https:\/\/aepetba.org.br\/v1\/#organization\",\"name\":\"AEPET N\u00facleo Bahia\",\"url\":\"https:\/\/aepetba.org.br\/v1\/\",\"sameAs\":[\"https:\/\/www.instagram.com\/aepetbahia\/\",\"https:\/\/www.youtube.com\/c\/AEPETBAHIA\",\"https:\/\/web.facebook.com\/aepetba\",\"https:\/\/twitter.com\/aepetbahia\"],\"logo\":{\"@type\":\"ImageObject\",\"inLanguage\":\"pt-BR\",\"@id\":\"https:\/\/aepetba.org.br\/v1\/#\/schema\/logo\/image\/\",\"url\":\"https:\/\/aepetba.org.br\/v1\/wp-content\/uploads\/revslider\/home\/logo-AEPETBA.png\",\"contentUrl\":\"https:\/\/aepetba.org.br\/v1\/wp-content\/uploads\/revslider\/home\/logo-AEPETBA.png\",\"width\":297,\"height\":86,\"caption\":\"AEPET N\u00facleo Bahia\"},\"image\":{\"@id\":\"https:\/\/aepetba.org.br\/v1\/#\/schema\/logo\/image\/\"}},{\"@type\":\"WebSite\",\"@id\":\"https:\/\/aepetba.org.br\/v1\/#website\",\"url\":\"https:\/\/aepetba.org.br\/v1\/\",\"name\":\"AEPET N\u00daCLEO BAHIA\",\"description\":\"Associa\u00e7\u00e3o dos Engenheiros da Petrobr\u00e1s N\u00facleo Bahia Petr\u00f3leo Bahia Salvador Nordeste \",\"publisher\":{\"@id\":\"https:\/\/aepetba.org.br\/v1\/#organization\"},\"potentialAction\":[{\"@type\":\"SearchAction\",\"target\":{\"@type\":\"EntryPoint\",\"urlTemplate\":\"https:\/\/aepetba.org.br\/v1\/?s={search_term_string}\"},\"query-input\":\"required name=search_term_string\"}],\"inLanguage\":\"pt-BR\"},{\"@type\":\"ImageObject\",\"inLanguage\":\"pt-BR\",\"@id\":\"https:\/\/aepetba.org.br\/v1\/unidade-nacional-participem-do-ato-pelo-fim-das-cobrancas-dos-equacionamentos-da-petros-no-dia-30-05\/#primaryimage\",\"url\":\"https:\/\/aepetba.org.br\/v1\/wp-content\/uploads\/2023\/05\/ato-sindicato.jpeg\",\"contentUrl\":\"https:\/\/aepetba.org.br\/v1\/wp-content\/uploads\/2023\/05\/ato-sindicato.jpeg\",\"width\":1200,\"height\":1200},{\"@type\":\"WebPage\",\"@id\":\"https:\/\/aepetba.org.br\/v1\/unidade-nacional-participem-do-ato-pelo-fim-das-cobrancas-dos-equacionamentos-da-petros-no-dia-30-05\/\",\"url\":\"https:\/\/aepetba.org.br\/v1\/unidade-nacional-participem-do-ato-pelo-fim-das-cobrancas-dos-equacionamentos-da-petros-no-dia-30-05\/\",\"name\":\"Unidade nacional: participem do ato pelo fim das cobran\u00e7as dos equacionamentos da Petros no dia 30\/05\",\"isPartOf\":{\"@id\":\"https:\/\/aepetba.org.br\/v1\/#website\"},\"primaryImageOfPage\":{\"@id\":\"https:\/\/aepetba.org.br\/v1\/unidade-nacional-participem-do-ato-pelo-fim-das-cobrancas-dos-equacionamentos-da-petros-no-dia-30-05\/#primaryimage\"},\"datePublished\":\"2023-05-15T18:58:38+00:00\",\"dateModified\":\"2023-05-15T19:02:41+00:00\",\"description\":\"Pela unidade. Ato nacional contra as cobran\u00e7as dos equacionamentos da Petros. Em Salvador, a manifesta\u00e7\u00e3o vai acontecer em frente ao Edif\u00edcio Torre Pituba, (Av. Ant\u00f4nio Carlos Magalh\u00e3es, 1113 \u2013 Itaigara), \u00e0s 8h, com as presen\u00e7as de aposentados, pensionistas e trabalhadores da ativa da capital e interior do estado. Participem!\",\"breadcrumb\":{\"@id\":\"https:\/\/aepetba.org.br\/v1\/unidade-nacional-participem-do-ato-pelo-fim-das-cobrancas-dos-equacionamentos-da-petros-no-dia-30-05\/#breadcrumb\"},\"inLanguage\":\"pt-BR\",\"potentialAction\":[{\"@type\":\"ReadAction\",\"target\":[\"https:\/\/aepetba.org.br\/v1\/unidade-nacional-participem-do-ato-pelo-fim-das-cobrancas-dos-equacionamentos-da-petros-no-dia-30-05\/\"]}]},{\"@type\":\"BreadcrumbList\",\"@id\":\"https:\/\/aepetba.org.br\/v1\/unidade-nacional-participem-do-ato-pelo-fim-das-cobrancas-dos-equacionamentos-da-petros-no-dia-30-05\/#breadcrumb\",\"itemListElement\":[{\"@type\":\"ListItem\",\"position\":1,\"name\":\"In\u00edcio\",\"item\":\"https:\/\/aepetba.org.br\/v1\/\"},{\"@type\":\"ListItem\",\"position\":2,\"name\":\"Unidade nacional: participem do ato pelo fim das cobran\u00e7as dos equacionamentos da Petros no dia 30\/05\"}]},{\"@type\":\"Article\",\"@id\":\"https:\/\/aepetba.org.br\/v1\/unidade-nacional-participem-do-ato-pelo-fim-das-cobrancas-dos-equacionamentos-da-petros-no-dia-30-05\/#article\",\"isPartOf\":{\"@id\":\"https:\/\/aepetba.org.br\/v1\/unidade-nacional-participem-do-ato-pelo-fim-das-cobrancas-dos-equacionamentos-da-petros-no-dia-30-05\/\"},\"author\":{\"name\":\"AEPETBA\",\"@id\":\"https:\/\/aepetba.org.br\/v1\/#\/schema\/person\/3504208f89f3f50e1526867ebb573b88\"},\"headline\":\"Unidade nacional: participem do ato pelo fim das cobran\u00e7as dos equacionamentos da Petros no dia 30\/05\",\"datePublished\":\"2023-05-15T18:58:38+00:00\",\"dateModified\":\"2023-05-15T19:02:41+00:00\",\"mainEntityOfPage\":{\"@id\":\"https:\/\/aepetba.org.br\/v1\/unidade-nacional-participem-do-ato-pelo-fim-das-cobrancas-dos-equacionamentos-da-petros-no-dia-30-05\/\"},\"wordCount\":702,\"publisher\":{\"@id\":\"https:\/\/aepetba.org.br\/v1\/#organization\"},\"image\":{\"@id\":\"https:\/\/aepetba.org.br\/v1\/unidade-nacional-participem-do-ato-pelo-fim-das-cobrancas-dos-equacionamentos-da-petros-no-dia-30-05\/#primaryimage\"},\"thumbnailUrl\":\"https:\/\/aepetba.org.br\/v1\/wp-content\/uploads\/2023\/05\/ato-sindicato.jpeg\",\"articleSection\":[\"Coluna do Associado\",\"Destaque\",\"Not\u00edcias\"],\"inLanguage\":\"pt-BR\"},{\"@type\":\"Person\",\"@id\":\"https:\/\/aepetba.org.br\/v1\/#\/schema\/person\/3504208f89f3f50e1526867ebb573b88\",\"name\":\"AEPETBA\",\"image\":{\"@type\":\"ImageObject\",\"inLanguage\":\"pt-BR\",\"@id\":\"https:\/\/aepetba.org.br\/v1\/#\/schema\/person\/image\/\",\"url\":\"https:\/\/secure.gravatar.com\/avatar\/3e6e1bf98c38137fc6b937d21e974714?s=96&d=mm&r=g\",\"contentUrl\":\"https:\/\/secure.gravatar.com\/avatar\/3e6e1bf98c38137fc6b937d21e974714?s=96&d=mm&r=g\",\"caption\":\"AEPETBA\"},\"sameAs\":[\"http:\/\/aepetba.org.br\/v1\"],\"url\":\"https:\/\/aepetba.org.br\/v1\/author\/lubconsultoria\/\"}]}<\/script>\n<!-- \/ Yoast SEO plugin. -->","yoast_head_json":{"title":"Unidade nacional: participem do ato pelo fim das cobran\u00e7as dos equacionamentos da Petros no dia 30\/05","description":"Pela unidade. Ato nacional contra as cobran\u00e7as dos equacionamentos da Petros. Em Salvador, a manifesta\u00e7\u00e3o vai acontecer em frente ao Edif\u00edcio Torre Pituba, (Av. Ant\u00f4nio Carlos Magalh\u00e3es, 1113 \u2013 Itaigara), \u00e0s 8h, com as presen\u00e7as de aposentados, pensionistas e trabalhadores da ativa da capital e interior do estado. Participem!","robots":{"index":"index","follow":"follow","max-snippet":"max-snippet:-1","max-image-preview":"max-image-preview:large","max-video-preview":"max-video-preview:-1"},"canonical":"https:\/\/aepetba.org.br\/v1\/unidade-nacional-participem-do-ato-pelo-fim-das-cobrancas-dos-equacionamentos-da-petros-no-dia-30-05\/","og_locale":"pt_BR","og_type":"article","og_title":"Unidade nacional: participem do ato pelo fim das cobran\u00e7as dos equacionamentos da Petros no dia 30\/05","og_description":"Pela unidade. Ato nacional contra as cobran\u00e7as dos equacionamentos da Petros. Em Salvador, a manifesta\u00e7\u00e3o vai acontecer em frente ao Edif\u00edcio Torre Pituba, (Av. Ant\u00f4nio Carlos Magalh\u00e3es, 1113 \u2013 Itaigara), \u00e0s 8h, com as presen\u00e7as de aposentados, pensionistas e trabalhadores da ativa da capital e interior do estado. Participem!","og_url":"https:\/\/aepetba.org.br\/v1\/unidade-nacional-participem-do-ato-pelo-fim-das-cobrancas-dos-equacionamentos-da-petros-no-dia-30-05\/","og_site_name":"AEPET N\u00daCLEO BAHIA","article_publisher":"https:\/\/web.facebook.com\/aepetba","article_published_time":"2023-05-15T18:58:38+00:00","article_modified_time":"2023-05-15T19:02:41+00:00","og_image":[{"width":1200,"height":1200,"url":"https:\/\/aepetba.org.br\/v1\/wp-content\/uploads\/2023\/05\/ato-sindicato.jpeg","type":"image\/jpeg"}],"author":"AEPETBA","twitter_card":"summary_large_image","twitter_creator":"@aepetbahia","twitter_site":"@aepetbahia","twitter_misc":{"Escrito por":"AEPETBA","Est. tempo de leitura":"4 minutos"},"schema":{"@context":"https:\/\/schema.org","@graph":[{"@type":"Organization","@id":"https:\/\/aepetba.org.br\/v1\/#organization","name":"AEPET N\u00facleo Bahia","url":"https:\/\/aepetba.org.br\/v1\/","sameAs":["https:\/\/www.instagram.com\/aepetbahia\/","https:\/\/www.youtube.com\/c\/AEPETBAHIA","https:\/\/web.facebook.com\/aepetba","https:\/\/twitter.com\/aepetbahia"],"logo":{"@type":"ImageObject","inLanguage":"pt-BR","@id":"https:\/\/aepetba.org.br\/v1\/#\/schema\/logo\/image\/","url":"https:\/\/aepetba.org.br\/v1\/wp-content\/uploads\/revslider\/home\/logo-AEPETBA.png","contentUrl":"https:\/\/aepetba.org.br\/v1\/wp-content\/uploads\/revslider\/home\/logo-AEPETBA.png","width":297,"height":86,"caption":"AEPET N\u00facleo Bahia"},"image":{"@id":"https:\/\/aepetba.org.br\/v1\/#\/schema\/logo\/image\/"}},{"@type":"WebSite","@id":"https:\/\/aepetba.org.br\/v1\/#website","url":"https:\/\/aepetba.org.br\/v1\/","name":"AEPET N\u00daCLEO BAHIA","description":"Associa\u00e7\u00e3o dos Engenheiros da Petrobr\u00e1s N\u00facleo Bahia Petr\u00f3leo Bahia Salvador Nordeste ","publisher":{"@id":"https:\/\/aepetba.org.br\/v1\/#organization"},"potentialAction":[{"@type":"SearchAction","target":{"@type":"EntryPoint","urlTemplate":"https:\/\/aepetba.org.br\/v1\/?s={search_term_string}"},"query-input":"required name=search_term_string"}],"inLanguage":"pt-BR"},{"@type":"ImageObject","inLanguage":"pt-BR","@id":"https:\/\/aepetba.org.br\/v1\/unidade-nacional-participem-do-ato-pelo-fim-das-cobrancas-dos-equacionamentos-da-petros-no-dia-30-05\/#primaryimage","url":"https:\/\/aepetba.org.br\/v1\/wp-content\/uploads\/2023\/05\/ato-sindicato.jpeg","contentUrl":"https:\/\/aepetba.org.br\/v1\/wp-content\/uploads\/2023\/05\/ato-sindicato.jpeg","width":1200,"height":1200},{"@type":"WebPage","@id":"https:\/\/aepetba.org.br\/v1\/unidade-nacional-participem-do-ato-pelo-fim-das-cobrancas-dos-equacionamentos-da-petros-no-dia-30-05\/","url":"https:\/\/aepetba.org.br\/v1\/unidade-nacional-participem-do-ato-pelo-fim-das-cobrancas-dos-equacionamentos-da-petros-no-dia-30-05\/","name":"Unidade nacional: participem do ato pelo fim das cobran\u00e7as dos equacionamentos da Petros no dia 30\/05","isPartOf":{"@id":"https:\/\/aepetba.org.br\/v1\/#website"},"primaryImageOfPage":{"@id":"https:\/\/aepetba.org.br\/v1\/unidade-nacional-participem-do-ato-pelo-fim-das-cobrancas-dos-equacionamentos-da-petros-no-dia-30-05\/#primaryimage"},"datePublished":"2023-05-15T18:58:38+00:00","dateModified":"2023-05-15T19:02:41+00:00","description":"Pela unidade. Ato nacional contra as cobran\u00e7as dos equacionamentos da Petros. Em Salvador, a manifesta\u00e7\u00e3o vai acontecer em frente ao Edif\u00edcio Torre Pituba, (Av. Ant\u00f4nio Carlos Magalh\u00e3es, 1113 \u2013 Itaigara), \u00e0s 8h, com as presen\u00e7as de aposentados, pensionistas e trabalhadores da ativa da capital e interior do estado. Participem!","breadcrumb":{"@id":"https:\/\/aepetba.org.br\/v1\/unidade-nacional-participem-do-ato-pelo-fim-das-cobrancas-dos-equacionamentos-da-petros-no-dia-30-05\/#breadcrumb"},"inLanguage":"pt-BR","potentialAction":[{"@type":"ReadAction","target":["https:\/\/aepetba.org.br\/v1\/unidade-nacional-participem-do-ato-pelo-fim-das-cobrancas-dos-equacionamentos-da-petros-no-dia-30-05\/"]}]},{"@type":"BreadcrumbList","@id":"https:\/\/aepetba.org.br\/v1\/unidade-nacional-participem-do-ato-pelo-fim-das-cobrancas-dos-equacionamentos-da-petros-no-dia-30-05\/#breadcrumb","itemListElement":[{"@type":"ListItem","position":1,"name":"In\u00edcio","item":"https:\/\/aepetba.org.br\/v1\/"},{"@type":"ListItem","position":2,"name":"Unidade nacional: participem do ato pelo fim das cobran\u00e7as dos equacionamentos da Petros no dia 30\/05"}]},{"@type":"Article","@id":"https:\/\/aepetba.org.br\/v1\/unidade-nacional-participem-do-ato-pelo-fim-das-cobrancas-dos-equacionamentos-da-petros-no-dia-30-05\/#article","isPartOf":{"@id":"https:\/\/aepetba.org.br\/v1\/unidade-nacional-participem-do-ato-pelo-fim-das-cobrancas-dos-equacionamentos-da-petros-no-dia-30-05\/"},"author":{"name":"AEPETBA","@id":"https:\/\/aepetba.org.br\/v1\/#\/schema\/person\/3504208f89f3f50e1526867ebb573b88"},"headline":"Unidade nacional: participem do ato pelo fim das cobran\u00e7as dos equacionamentos da Petros no dia 30\/05","datePublished":"2023-05-15T18:58:38+00:00","dateModified":"2023-05-15T19:02:41+00:00","mainEntityOfPage":{"@id":"https:\/\/aepetba.org.br\/v1\/unidade-nacional-participem-do-ato-pelo-fim-das-cobrancas-dos-equacionamentos-da-petros-no-dia-30-05\/"},"wordCount":702,"publisher":{"@id":"https:\/\/aepetba.org.br\/v1\/#organization"},"image":{"@id":"https:\/\/aepetba.org.br\/v1\/unidade-nacional-participem-do-ato-pelo-fim-das-cobrancas-dos-equacionamentos-da-petros-no-dia-30-05\/#primaryimage"},"thumbnailUrl":"https:\/\/aepetba.org.br\/v1\/wp-content\/uploads\/2023\/05\/ato-sindicato.jpeg","articleSection":["Coluna do Associado","Destaque","Not\u00edcias"],"inLanguage":"pt-BR"},{"@type":"Person","@id":"https:\/\/aepetba.org.br\/v1\/#\/schema\/person\/3504208f89f3f50e1526867ebb573b88","name":"AEPETBA","image":{"@type":"ImageObject","inLanguage":"pt-BR","@id":"https:\/\/aepetba.org.br\/v1\/#\/schema\/person\/image\/","url":"https:\/\/secure.gravatar.com\/avatar\/3e6e1bf98c38137fc6b937d21e974714?s=96&d=mm&r=g","contentUrl":"https:\/\/secure.gravatar.com\/avatar\/3e6e1bf98c38137fc6b937d21e974714?s=96&d=mm&r=g","caption":"AEPETBA"},"sameAs":["http:\/\/aepetba.org.br\/v1"],"url":"https:\/\/aepetba.org.br\/v1\/author\/lubconsultoria\/"}]}},"_links":{"self":[{"href":"https:\/\/aepetba.org.br\/v1\/wp-json\/wp\/v2\/posts\/40572"}],"collection":[{"href":"https:\/\/aepetba.org.br\/v1\/wp-json\/wp\/v2\/posts"}],"about":[{"href":"https:\/\/aepetba.org.br\/v1\/wp-json\/wp\/v2\/types\/post"}],"author":[{"embeddable":true,"href":"https:\/\/aepetba.org.br\/v1\/wp-json\/wp\/v2\/users\/1"}],"replies":[{"embeddable":true,"href":"https:\/\/aepetba.org.br\/v1\/wp-json\/wp\/v2\/comments?post=40572"}],"version-history":[{"count":1,"href":"https:\/\/aepetba.org.br\/v1\/wp-json\/wp\/v2\/posts\/40572\/revisions"}],"predecessor-version":[{"id":40575,"href":"https:\/\/aepetba.org.br\/v1\/wp-json\/wp\/v2\/posts\/40572\/revisions\/40575"}],"wp:featuredmedia":[{"embeddable":true,"href":"https:\/\/aepetba.org.br\/v1\/wp-json\/wp\/v2\/media\/40576"}],"wp:attachment":[{"href":"https:\/\/aepetba.org.br\/v1\/wp-json\/wp\/v2\/media?parent=40572"}],"wp:term":[{"taxonomy":"category","embeddable":true,"href":"https:\/\/aepetba.org.br\/v1\/wp-json\/wp\/v2\/categories?post=40572"},{"taxonomy":"post_tag","embeddable":true,"href":"https:\/\/aepetba.org.br\/v1\/wp-json\/wp\/v2\/tags?post=40572"}],"curies":[{"name":"wp","href":"https:\/\/api.w.org\/{rel}","templated":true}]}}