{"id":40608,"date":"2023-05-19T12:09:24","date_gmt":"2023-05-19T15:09:24","guid":{"rendered":"https:\/\/aepetba.org.br\/v1\/?p=40608"},"modified":"2023-05-19T12:09:24","modified_gmt":"2023-05-19T15:09:24","slug":"a-luta-e-pelo-fim-das-transferencias-compulsorias","status":"publish","type":"post","link":"https:\/\/aepetba.org.br\/v1\/a-luta-e-pelo-fim-das-transferencias-compulsorias\/","title":{"rendered":"A luta \u00e9 pelo fim das transfer\u00eancias compuls\u00f3rias"},"content":{"rendered":"<!--[if lt IE 9]><script>document.createElement('audio');<\/script><![endif]-->\n<audio class=\"wp-audio-shortcode\" id=\"audio-40608-1\" preload=\"none\" style=\"width: 100%;\" controls=\"controls\"><source type=\"audio\/ogg\" src=\"https:\/\/aepetba.org.br\/v1\/wp-content\/uploads\/2023\/05\/a-luta-e-contra-as-transferencias-compulsorias.ogg?_=1\" \/><a href=\"https:\/\/aepetba.org.br\/v1\/wp-content\/uploads\/2023\/05\/a-luta-e-contra-as-transferencias-compulsorias.ogg\">https:\/\/aepetba.org.br\/v1\/wp-content\/uploads\/2023\/05\/a-luta-e-contra-as-transferencias-compulsorias.ogg<\/a><\/audio>\n<p>&nbsp;<\/p>\n<blockquote><p><em>Em mem\u00f3ria ao companheiro Jo\u00e3o Paulo de Souza Lima, que morreu h\u00e1 um m\u00eas, no dia 19\/04, mais uma v\u00edtima das transfer\u00eancias compuls\u00f3rias.<\/em><\/p><\/blockquote>\n<p>A pol\u00edtica implementada pelas gest\u00f5es anteriores da Petrobr\u00e1s causou impactos negativos entre os petroleiros e petroleiras. Foram seis anos muito dif\u00edceis de ataques sistem\u00e1ticos \u00e0 categoria e degrada\u00e7\u00e3o do ambiente de trabalho. Junto com isso, a pol\u00edtica de destrui\u00e7\u00e3o da diretoria da empresa promoveu o fechamento, arrendamento e venda das unidades da empresa.<\/p>\n<p>No Nordeste e na Bahia, os gestores, sem nenhum constrangimento, praticaram ass\u00e9dio moral organizacional, ass\u00e9dio sexual e outras a\u00e7\u00f5es persecut\u00f3rias que acabaram provocando piora na sa\u00fade f\u00edsica e mental dos empregados (as).<\/p>\n<p>Nesse sentido, as transfer\u00eancias involunt\u00e1rias est\u00e3o entre as a\u00e7\u00f5es da dire\u00e7\u00e3o da empresa que mais danos causaram \u00e0 sa\u00fade dos empregados<\/p>\n<p>O colega Jo\u00e3o Paulo de Souza Lima, que faleceu h\u00e1 um m\u00eas, no dia 19\/04, foi mais uma v\u00edtima dos cansativos bate-volta. O t\u00e9cnico de manuten\u00e7\u00e3o, natural de Sergipe e lotado em S\u00e3o Paulo, deixou dois filhos, esposa, e motivos para continuarmos a lutar por uma pol\u00edtica que priorize a sa\u00fade e o bem-estar dos petroleiros e petroleiras.<\/p>\n<p>&nbsp;<\/p>\n<p>Leia mais &#8211; <span style=\"text-decoration: underline;\"><a href=\"https:\/\/aepetba.org.br\/v1\/2023\/04\/20\/chega-de-mortes-na-petrobras\/\">Chega de mortes na Petrobr\u00e1s<\/a><\/span><\/p>\n<p>&nbsp;<\/p>\n<p>Centenas de trabalhadores, como o colega, continuam sendo transferidos para outros estados, longe de seus parentes e amigos, ficando sem o suporte familiar, t\u00e3o importante como \u00f3rg\u00e3o de apoio a sa\u00fade. No bate-volta, os petroleiros viajam semanalmente para cumprir dois dias de trabalho presencial, tornando a rotina ainda mais desgastante.<\/p>\n<p>A situa\u00e7\u00e3o desses companheiros e companheiras necessita de solu\u00e7\u00e3o imediata dos novos gestores. \u00c9 necess\u00e1rio ter alternativas que minimizem a situa\u00e7\u00e3o dos trabalhadores que foram transferidos compulsoriamente. As entidades da categoria petroleira, entre elas a AEPET-BA, e as federa\u00e7\u00f5es, FNP E FUP, j\u00e1 apresentaram sugest\u00f5es ao presidente da Petrobr\u00e1s, Jean Paul Prates, ao gerente do RH, Felipe Freitas e ao diretor de refino e g\u00e1s natural, William Fran\u00e7a, que amenizariam os danos causados pelas movimenta\u00e7\u00f5es.<\/p>\n<p>Como solu\u00e7\u00e3o mais imediata, foi proposta a implementa\u00e7\u00e3o do teletrabalho integral pelo per\u00edodo de 90 dias, enquanto \u00e9 estudada uma solu\u00e7\u00e3o definitiva.\u00a0Outras propostas s\u00e3o a flexibiliza\u00e7\u00e3o da jornada presencial dos empregados que est\u00e3o em teletrabalho e que seja realizada na unidade do Sistema Petrobr\u00e1s mais pr\u00f3xima da sua resid\u00eancia; prioriza\u00e7\u00e3o de uma solu\u00e7\u00e3o para os casos mais cr\u00edticos de trabalhadores que est\u00e3o em sofrimento f\u00edsico e mental, inclusive os de \u00e1reas operacionais; compensa\u00e7\u00e3o financeira para os transferidos que n\u00e3o puderem retornar ao seu local de origem.<\/p>\n<p>Propostas que j\u00e1 est\u00e3o com o RH da empresa. Os trabalhadores e trabalhadoras est\u00e3o cansados e adoecidos.<\/p>\n<p>Reiteramos que as transfer\u00eancias realizadas pela Petrobr\u00e1s n\u00e3o podem fazer mais v\u00edtimas. Os petroleiros e petroleiras merecem condi\u00e7\u00f5es de trabalho que n\u00e3o desgastem a sa\u00fade mental e \u00e9 dever da Petrobr\u00e1s garantir a integridade f\u00edsica e psicol\u00f3gica dos seus trabalhadores.<\/p>\n<p>&nbsp;<\/p>\n<h2><strong>Mobiliza\u00e7\u00e3o Nacional<\/strong><\/h2>\n<p>A AEPET-BA, convida a categoria, ativos, aposentados e pensionistas a participarem da mobiliza\u00e7\u00e3o nacional, na ter\u00e7a-feira (30\/05), a partir das 8h, em frente ao Edif\u00edcio Torre Pituba, no Itaigara, em Salvador. Vamos lutar para pedir solu\u00e7\u00f5es definitivas para os problemas que enfrentam os petroleiros e petroleiras.<\/p>\n<p>Pelo fim dos equacionamentos na Petros; extin\u00e7\u00e3o da APS e retorno da AMS ao RH da Petrobr\u00e1s, dialogando sobre custeio, transpar\u00eancia e desburocratiza\u00e7\u00e3o para manter a rede credenciada de sa\u00fade; reabertura do Torre Pituba e seguir na luta pelo retorno volunt\u00e1rio dos empregados e empregadas que foram transferidos fora da Bahia e implementa\u00e7\u00e3o imediata de teletrabalho integral para \u00e0queles que est\u00e3o no bate-volta e longe da fam\u00edlia.<\/p>\n<p>Participem do grande ato pela reconstru\u00e7\u00e3o da Petrobr\u00e1s, da Petros e de nossa AMS<\/p>\n<p>#ReconstruiraPetrobr\u00e1s\u00e9ReconstruiroBrasil<\/p>\n","protected":false},"excerpt":{"rendered":"<p>&nbsp; Em mem\u00f3ria ao companheiro Jo\u00e3o Paulo de Souza Lima, que morreu h\u00e1 um m\u00eas, no dia 19\/04, mais uma v\u00edtima das transfer\u00eancias compuls\u00f3rias. A pol\u00edtica implementada pelas gest\u00f5es anteriores da Petrobr\u00e1s causou impactos negativos entre os petroleiros e petroleiras&#8230;.<\/p>\n","protected":false},"author":1,"featured_media":40609,"comment_status":"closed","ping_status":"closed","sticky":false,"template":"","format":"standard","meta":[],"categories":[5,87,211,10],"tags":[],"yoast_head":"<!-- This site is optimized with the Yoast SEO plugin v19.3 - https:\/\/yoast.com\/wordpress\/plugins\/seo\/ -->\n<title>A luta \u00e9 pelo fim das transfer\u00eancias compuls\u00f3rias<\/title>\n<meta name=\"description\" content=\"Em mem\u00f3ria ao companheiro Jo\u00e3o Paulo de Souza Lima, que morreu h\u00e1 um m\u00eas, no dia 19\/04, mais uma v\u00edtima das transfer\u00eancias compuls\u00f3rias. O RH da Petrobr\u00e1s j\u00e1 tem as propostas das entidades dos petroleiros para resolver a situa\u00e7\u00e3o dos transferidos.\" \/>\n<meta name=\"robots\" content=\"index, follow, max-snippet:-1, max-image-preview:large, max-video-preview:-1\" \/>\n<link rel=\"canonical\" href=\"https:\/\/aepetba.org.br\/v1\/a-luta-e-pelo-fim-das-transferencias-compulsorias\/\" \/>\n<meta property=\"og:locale\" content=\"pt_BR\" \/>\n<meta property=\"og:type\" content=\"article\" \/>\n<meta property=\"og:title\" content=\"A luta \u00e9 pelo fim das transfer\u00eancias compuls\u00f3rias\" \/>\n<meta property=\"og:description\" content=\"Em mem\u00f3ria ao companheiro Jo\u00e3o Paulo de Souza Lima, que morreu h\u00e1 um m\u00eas, no dia 19\/04, mais uma v\u00edtima das transfer\u00eancias compuls\u00f3rias. O RH da Petrobr\u00e1s j\u00e1 tem as propostas das entidades dos petroleiros para resolver a situa\u00e7\u00e3o dos transferidos.\" \/>\n<meta property=\"og:url\" content=\"https:\/\/aepetba.org.br\/v1\/a-luta-e-pelo-fim-das-transferencias-compulsorias\/\" \/>\n<meta property=\"og:site_name\" content=\"AEPET N\u00daCLEO BAHIA\" \/>\n<meta property=\"article:publisher\" content=\"https:\/\/web.facebook.com\/aepetba\" \/>\n<meta property=\"article:published_time\" content=\"2023-05-19T15:09:24+00:00\" \/>\n<meta property=\"og:image\" content=\"https:\/\/aepetba.org.br\/v1\/wp-content\/uploads\/2023\/05\/Materia-A-luta-e-pelo-fim-das-transferencias-compulsorias-petrobras-Aepet-ba.jpg\" \/>\n\t<meta property=\"og:image:width\" content=\"1079\" \/>\n\t<meta property=\"og:image:height\" content=\"951\" \/>\n\t<meta property=\"og:image:type\" content=\"image\/jpeg\" \/>\n<meta name=\"author\" content=\"AEPETBA\" \/>\n<meta name=\"twitter:card\" content=\"summary_large_image\" \/>\n<meta name=\"twitter:creator\" content=\"@aepetbahia\" \/>\n<meta name=\"twitter:site\" content=\"@aepetbahia\" \/>\n<meta name=\"twitter:label1\" content=\"Escrito por\" \/>\n\t<meta name=\"twitter:data1\" content=\"AEPETBA\" \/>\n\t<meta name=\"twitter:label2\" content=\"Est. tempo de leitura\" \/>\n\t<meta name=\"twitter:data2\" content=\"4 minutos\" \/>\n<script type=\"application\/ld+json\" class=\"yoast-schema-graph\">{\"@context\":\"https:\/\/schema.org\",\"@graph\":[{\"@type\":\"Organization\",\"@id\":\"https:\/\/aepetba.org.br\/v1\/#organization\",\"name\":\"AEPET N\u00facleo Bahia\",\"url\":\"https:\/\/aepetba.org.br\/v1\/\",\"sameAs\":[\"https:\/\/www.instagram.com\/aepetbahia\/\",\"https:\/\/www.youtube.com\/c\/AEPETBAHIA\",\"https:\/\/web.facebook.com\/aepetba\",\"https:\/\/twitter.com\/aepetbahia\"],\"logo\":{\"@type\":\"ImageObject\",\"inLanguage\":\"pt-BR\",\"@id\":\"https:\/\/aepetba.org.br\/v1\/#\/schema\/logo\/image\/\",\"url\":\"https:\/\/aepetba.org.br\/v1\/wp-content\/uploads\/revslider\/home\/logo-AEPETBA.png\",\"contentUrl\":\"https:\/\/aepetba.org.br\/v1\/wp-content\/uploads\/revslider\/home\/logo-AEPETBA.png\",\"width\":297,\"height\":86,\"caption\":\"AEPET N\u00facleo Bahia\"},\"image\":{\"@id\":\"https:\/\/aepetba.org.br\/v1\/#\/schema\/logo\/image\/\"}},{\"@type\":\"WebSite\",\"@id\":\"https:\/\/aepetba.org.br\/v1\/#website\",\"url\":\"https:\/\/aepetba.org.br\/v1\/\",\"name\":\"AEPET N\u00daCLEO BAHIA\",\"description\":\"Associa\u00e7\u00e3o dos Engenheiros da Petrobr\u00e1s N\u00facleo Bahia Petr\u00f3leo Bahia Salvador Nordeste \",\"publisher\":{\"@id\":\"https:\/\/aepetba.org.br\/v1\/#organization\"},\"potentialAction\":[{\"@type\":\"SearchAction\",\"target\":{\"@type\":\"EntryPoint\",\"urlTemplate\":\"https:\/\/aepetba.org.br\/v1\/?s={search_term_string}\"},\"query-input\":\"required name=search_term_string\"}],\"inLanguage\":\"pt-BR\"},{\"@type\":\"ImageObject\",\"inLanguage\":\"pt-BR\",\"@id\":\"https:\/\/aepetba.org.br\/v1\/a-luta-e-pelo-fim-das-transferencias-compulsorias\/#primaryimage\",\"url\":\"https:\/\/aepetba.org.br\/v1\/wp-content\/uploads\/2023\/05\/Materia-A-luta-e-pelo-fim-das-transferencias-compulsorias-petrobras-Aepet-ba.jpg\",\"contentUrl\":\"https:\/\/aepetba.org.br\/v1\/wp-content\/uploads\/2023\/05\/Materia-A-luta-e-pelo-fim-das-transferencias-compulsorias-petrobras-Aepet-ba.jpg\",\"width\":1079,\"height\":951},{\"@type\":\"WebPage\",\"@id\":\"https:\/\/aepetba.org.br\/v1\/a-luta-e-pelo-fim-das-transferencias-compulsorias\/\",\"url\":\"https:\/\/aepetba.org.br\/v1\/a-luta-e-pelo-fim-das-transferencias-compulsorias\/\",\"name\":\"A luta \u00e9 pelo fim das transfer\u00eancias compuls\u00f3rias\",\"isPartOf\":{\"@id\":\"https:\/\/aepetba.org.br\/v1\/#website\"},\"primaryImageOfPage\":{\"@id\":\"https:\/\/aepetba.org.br\/v1\/a-luta-e-pelo-fim-das-transferencias-compulsorias\/#primaryimage\"},\"datePublished\":\"2023-05-19T15:09:24+00:00\",\"dateModified\":\"2023-05-19T15:09:24+00:00\",\"description\":\"Em mem\u00f3ria ao companheiro Jo\u00e3o Paulo de Souza Lima, que morreu h\u00e1 um m\u00eas, no dia 19\/04, mais uma v\u00edtima das transfer\u00eancias compuls\u00f3rias. O RH da Petrobr\u00e1s j\u00e1 tem as propostas das entidades dos petroleiros para resolver a situa\u00e7\u00e3o dos transferidos.\",\"breadcrumb\":{\"@id\":\"https:\/\/aepetba.org.br\/v1\/a-luta-e-pelo-fim-das-transferencias-compulsorias\/#breadcrumb\"},\"inLanguage\":\"pt-BR\",\"potentialAction\":[{\"@type\":\"ReadAction\",\"target\":[\"https:\/\/aepetba.org.br\/v1\/a-luta-e-pelo-fim-das-transferencias-compulsorias\/\"]}]},{\"@type\":\"BreadcrumbList\",\"@id\":\"https:\/\/aepetba.org.br\/v1\/a-luta-e-pelo-fim-das-transferencias-compulsorias\/#breadcrumb\",\"itemListElement\":[{\"@type\":\"ListItem\",\"position\":1,\"name\":\"In\u00edcio\",\"item\":\"https:\/\/aepetba.org.br\/v1\/\"},{\"@type\":\"ListItem\",\"position\":2,\"name\":\"A luta \u00e9 pelo fim das transfer\u00eancias compuls\u00f3rias\"}]},{\"@type\":\"Article\",\"@id\":\"https:\/\/aepetba.org.br\/v1\/a-luta-e-pelo-fim-das-transferencias-compulsorias\/#article\",\"isPartOf\":{\"@id\":\"https:\/\/aepetba.org.br\/v1\/a-luta-e-pelo-fim-das-transferencias-compulsorias\/\"},\"author\":{\"name\":\"AEPETBA\",\"@id\":\"https:\/\/aepetba.org.br\/v1\/#\/schema\/person\/3504208f89f3f50e1526867ebb573b88\"},\"headline\":\"A luta \u00e9 pelo fim das transfer\u00eancias compuls\u00f3rias\",\"datePublished\":\"2023-05-19T15:09:24+00:00\",\"dateModified\":\"2023-05-19T15:09:24+00:00\",\"mainEntityOfPage\":{\"@id\":\"https:\/\/aepetba.org.br\/v1\/a-luta-e-pelo-fim-das-transferencias-compulsorias\/\"},\"wordCount\":705,\"publisher\":{\"@id\":\"https:\/\/aepetba.org.br\/v1\/#organization\"},\"image\":{\"@id\":\"https:\/\/aepetba.org.br\/v1\/a-luta-e-pelo-fim-das-transferencias-compulsorias\/#primaryimage\"},\"thumbnailUrl\":\"https:\/\/aepetba.org.br\/v1\/wp-content\/uploads\/2023\/05\/Materia-A-luta-e-pelo-fim-das-transferencias-compulsorias-petrobras-Aepet-ba.jpg\",\"articleSection\":[\"Coluna do Associado\",\"Destaque\",\"Movimentos Sociais\",\"Not\u00edcias\"],\"inLanguage\":\"pt-BR\"},{\"@type\":\"Person\",\"@id\":\"https:\/\/aepetba.org.br\/v1\/#\/schema\/person\/3504208f89f3f50e1526867ebb573b88\",\"name\":\"AEPETBA\",\"image\":{\"@type\":\"ImageObject\",\"inLanguage\":\"pt-BR\",\"@id\":\"https:\/\/aepetba.org.br\/v1\/#\/schema\/person\/image\/\",\"url\":\"https:\/\/secure.gravatar.com\/avatar\/3e6e1bf98c38137fc6b937d21e974714?s=96&d=mm&r=g\",\"contentUrl\":\"https:\/\/secure.gravatar.com\/avatar\/3e6e1bf98c38137fc6b937d21e974714?s=96&d=mm&r=g\",\"caption\":\"AEPETBA\"},\"sameAs\":[\"http:\/\/aepetba.org.br\/v1\"],\"url\":\"https:\/\/aepetba.org.br\/v1\/author\/lubconsultoria\/\"}]}<\/script>\n<!-- \/ Yoast SEO plugin. -->","yoast_head_json":{"title":"A luta \u00e9 pelo fim das transfer\u00eancias compuls\u00f3rias","description":"Em mem\u00f3ria ao companheiro Jo\u00e3o Paulo de Souza Lima, que morreu h\u00e1 um m\u00eas, no dia 19\/04, mais uma v\u00edtima das transfer\u00eancias compuls\u00f3rias. O RH da Petrobr\u00e1s j\u00e1 tem as propostas das entidades dos petroleiros para resolver a situa\u00e7\u00e3o dos transferidos.","robots":{"index":"index","follow":"follow","max-snippet":"max-snippet:-1","max-image-preview":"max-image-preview:large","max-video-preview":"max-video-preview:-1"},"canonical":"https:\/\/aepetba.org.br\/v1\/a-luta-e-pelo-fim-das-transferencias-compulsorias\/","og_locale":"pt_BR","og_type":"article","og_title":"A luta \u00e9 pelo fim das transfer\u00eancias compuls\u00f3rias","og_description":"Em mem\u00f3ria ao companheiro Jo\u00e3o Paulo de Souza Lima, que morreu h\u00e1 um m\u00eas, no dia 19\/04, mais uma v\u00edtima das transfer\u00eancias compuls\u00f3rias. O RH da Petrobr\u00e1s j\u00e1 tem as propostas das entidades dos petroleiros para resolver a situa\u00e7\u00e3o dos transferidos.","og_url":"https:\/\/aepetba.org.br\/v1\/a-luta-e-pelo-fim-das-transferencias-compulsorias\/","og_site_name":"AEPET N\u00daCLEO BAHIA","article_publisher":"https:\/\/web.facebook.com\/aepetba","article_published_time":"2023-05-19T15:09:24+00:00","og_image":[{"width":1079,"height":951,"url":"https:\/\/aepetba.org.br\/v1\/wp-content\/uploads\/2023\/05\/Materia-A-luta-e-pelo-fim-das-transferencias-compulsorias-petrobras-Aepet-ba.jpg","type":"image\/jpeg"}],"author":"AEPETBA","twitter_card":"summary_large_image","twitter_creator":"@aepetbahia","twitter_site":"@aepetbahia","twitter_misc":{"Escrito por":"AEPETBA","Est. tempo de leitura":"4 minutos"},"schema":{"@context":"https:\/\/schema.org","@graph":[{"@type":"Organization","@id":"https:\/\/aepetba.org.br\/v1\/#organization","name":"AEPET N\u00facleo Bahia","url":"https:\/\/aepetba.org.br\/v1\/","sameAs":["https:\/\/www.instagram.com\/aepetbahia\/","https:\/\/www.youtube.com\/c\/AEPETBAHIA","https:\/\/web.facebook.com\/aepetba","https:\/\/twitter.com\/aepetbahia"],"logo":{"@type":"ImageObject","inLanguage":"pt-BR","@id":"https:\/\/aepetba.org.br\/v1\/#\/schema\/logo\/image\/","url":"https:\/\/aepetba.org.br\/v1\/wp-content\/uploads\/revslider\/home\/logo-AEPETBA.png","contentUrl":"https:\/\/aepetba.org.br\/v1\/wp-content\/uploads\/revslider\/home\/logo-AEPETBA.png","width":297,"height":86,"caption":"AEPET N\u00facleo Bahia"},"image":{"@id":"https:\/\/aepetba.org.br\/v1\/#\/schema\/logo\/image\/"}},{"@type":"WebSite","@id":"https:\/\/aepetba.org.br\/v1\/#website","url":"https:\/\/aepetba.org.br\/v1\/","name":"AEPET N\u00daCLEO BAHIA","description":"Associa\u00e7\u00e3o dos Engenheiros da Petrobr\u00e1s N\u00facleo Bahia Petr\u00f3leo Bahia Salvador Nordeste ","publisher":{"@id":"https:\/\/aepetba.org.br\/v1\/#organization"},"potentialAction":[{"@type":"SearchAction","target":{"@type":"EntryPoint","urlTemplate":"https:\/\/aepetba.org.br\/v1\/?s={search_term_string}"},"query-input":"required name=search_term_string"}],"inLanguage":"pt-BR"},{"@type":"ImageObject","inLanguage":"pt-BR","@id":"https:\/\/aepetba.org.br\/v1\/a-luta-e-pelo-fim-das-transferencias-compulsorias\/#primaryimage","url":"https:\/\/aepetba.org.br\/v1\/wp-content\/uploads\/2023\/05\/Materia-A-luta-e-pelo-fim-das-transferencias-compulsorias-petrobras-Aepet-ba.jpg","contentUrl":"https:\/\/aepetba.org.br\/v1\/wp-content\/uploads\/2023\/05\/Materia-A-luta-e-pelo-fim-das-transferencias-compulsorias-petrobras-Aepet-ba.jpg","width":1079,"height":951},{"@type":"WebPage","@id":"https:\/\/aepetba.org.br\/v1\/a-luta-e-pelo-fim-das-transferencias-compulsorias\/","url":"https:\/\/aepetba.org.br\/v1\/a-luta-e-pelo-fim-das-transferencias-compulsorias\/","name":"A luta \u00e9 pelo fim das transfer\u00eancias compuls\u00f3rias","isPartOf":{"@id":"https:\/\/aepetba.org.br\/v1\/#website"},"primaryImageOfPage":{"@id":"https:\/\/aepetba.org.br\/v1\/a-luta-e-pelo-fim-das-transferencias-compulsorias\/#primaryimage"},"datePublished":"2023-05-19T15:09:24+00:00","dateModified":"2023-05-19T15:09:24+00:00","description":"Em mem\u00f3ria ao companheiro Jo\u00e3o Paulo de Souza Lima, que morreu h\u00e1 um m\u00eas, no dia 19\/04, mais uma v\u00edtima das transfer\u00eancias compuls\u00f3rias. O RH da Petrobr\u00e1s j\u00e1 tem as propostas das entidades dos petroleiros para resolver a situa\u00e7\u00e3o dos transferidos.","breadcrumb":{"@id":"https:\/\/aepetba.org.br\/v1\/a-luta-e-pelo-fim-das-transferencias-compulsorias\/#breadcrumb"},"inLanguage":"pt-BR","potentialAction":[{"@type":"ReadAction","target":["https:\/\/aepetba.org.br\/v1\/a-luta-e-pelo-fim-das-transferencias-compulsorias\/"]}]},{"@type":"BreadcrumbList","@id":"https:\/\/aepetba.org.br\/v1\/a-luta-e-pelo-fim-das-transferencias-compulsorias\/#breadcrumb","itemListElement":[{"@type":"ListItem","position":1,"name":"In\u00edcio","item":"https:\/\/aepetba.org.br\/v1\/"},{"@type":"ListItem","position":2,"name":"A luta \u00e9 pelo fim das transfer\u00eancias compuls\u00f3rias"}]},{"@type":"Article","@id":"https:\/\/aepetba.org.br\/v1\/a-luta-e-pelo-fim-das-transferencias-compulsorias\/#article","isPartOf":{"@id":"https:\/\/aepetba.org.br\/v1\/a-luta-e-pelo-fim-das-transferencias-compulsorias\/"},"author":{"name":"AEPETBA","@id":"https:\/\/aepetba.org.br\/v1\/#\/schema\/person\/3504208f89f3f50e1526867ebb573b88"},"headline":"A luta \u00e9 pelo fim das transfer\u00eancias compuls\u00f3rias","datePublished":"2023-05-19T15:09:24+00:00","dateModified":"2023-05-19T15:09:24+00:00","mainEntityOfPage":{"@id":"https:\/\/aepetba.org.br\/v1\/a-luta-e-pelo-fim-das-transferencias-compulsorias\/"},"wordCount":705,"publisher":{"@id":"https:\/\/aepetba.org.br\/v1\/#organization"},"image":{"@id":"https:\/\/aepetba.org.br\/v1\/a-luta-e-pelo-fim-das-transferencias-compulsorias\/#primaryimage"},"thumbnailUrl":"https:\/\/aepetba.org.br\/v1\/wp-content\/uploads\/2023\/05\/Materia-A-luta-e-pelo-fim-das-transferencias-compulsorias-petrobras-Aepet-ba.jpg","articleSection":["Coluna do Associado","Destaque","Movimentos Sociais","Not\u00edcias"],"inLanguage":"pt-BR"},{"@type":"Person","@id":"https:\/\/aepetba.org.br\/v1\/#\/schema\/person\/3504208f89f3f50e1526867ebb573b88","name":"AEPETBA","image":{"@type":"ImageObject","inLanguage":"pt-BR","@id":"https:\/\/aepetba.org.br\/v1\/#\/schema\/person\/image\/","url":"https:\/\/secure.gravatar.com\/avatar\/3e6e1bf98c38137fc6b937d21e974714?s=96&d=mm&r=g","contentUrl":"https:\/\/secure.gravatar.com\/avatar\/3e6e1bf98c38137fc6b937d21e974714?s=96&d=mm&r=g","caption":"AEPETBA"},"sameAs":["http:\/\/aepetba.org.br\/v1"],"url":"https:\/\/aepetba.org.br\/v1\/author\/lubconsultoria\/"}]}},"_links":{"self":[{"href":"https:\/\/aepetba.org.br\/v1\/wp-json\/wp\/v2\/posts\/40608"}],"collection":[{"href":"https:\/\/aepetba.org.br\/v1\/wp-json\/wp\/v2\/posts"}],"about":[{"href":"https:\/\/aepetba.org.br\/v1\/wp-json\/wp\/v2\/types\/post"}],"author":[{"embeddable":true,"href":"https:\/\/aepetba.org.br\/v1\/wp-json\/wp\/v2\/users\/1"}],"replies":[{"embeddable":true,"href":"https:\/\/aepetba.org.br\/v1\/wp-json\/wp\/v2\/comments?post=40608"}],"version-history":[{"count":1,"href":"https:\/\/aepetba.org.br\/v1\/wp-json\/wp\/v2\/posts\/40608\/revisions"}],"predecessor-version":[{"id":40611,"href":"https:\/\/aepetba.org.br\/v1\/wp-json\/wp\/v2\/posts\/40608\/revisions\/40611"}],"wp:featuredmedia":[{"embeddable":true,"href":"https:\/\/aepetba.org.br\/v1\/wp-json\/wp\/v2\/media\/40609"}],"wp:attachment":[{"href":"https:\/\/aepetba.org.br\/v1\/wp-json\/wp\/v2\/media?parent=40608"}],"wp:term":[{"taxonomy":"category","embeddable":true,"href":"https:\/\/aepetba.org.br\/v1\/wp-json\/wp\/v2\/categories?post=40608"},{"taxonomy":"post_tag","embeddable":true,"href":"https:\/\/aepetba.org.br\/v1\/wp-json\/wp\/v2\/tags?post=40608"}],"curies":[{"name":"wp","href":"https:\/\/api.w.org\/{rel}","templated":true}]}}