{"id":40623,"date":"2023-05-20T06:57:48","date_gmt":"2023-05-20T09:57:48","guid":{"rendered":"https:\/\/aepetba.org.br\/v1\/?p=40623"},"modified":"2023-05-19T19:15:15","modified_gmt":"2023-05-19T22:15:15","slug":"forum-baiano-convoca-categoria-para-a-mobilizacao-nacional-contra-os-equacionamentos-da-petros-no-dia-30-05","status":"publish","type":"post","link":"https:\/\/aepetba.org.br\/v1\/forum-baiano-convoca-categoria-para-a-mobilizacao-nacional-contra-os-equacionamentos-da-petros-no-dia-30-05\/","title":{"rendered":"F\u00f3rum Baiano convoca categoria para a mobiliza\u00e7\u00e3o nacional contra os equacionamentos da Petros no dia 30\/05"},"content":{"rendered":"<!--[if lt IE 9]><script>document.createElement('audio');<\/script><![endif]-->\n<audio class=\"wp-audio-shortcode\" id=\"audio-40623-1\" preload=\"none\" style=\"width: 100%;\" controls=\"controls\"><source type=\"audio\/ogg\" src=\"https:\/\/aepetba.org.br\/v1\/wp-content\/uploads\/2023\/05\/ato-dia-30-de-maio-torre-pituba.ogg?_=1\" \/><a href=\"https:\/\/aepetba.org.br\/v1\/wp-content\/uploads\/2023\/05\/ato-dia-30-de-maio-torre-pituba.ogg\">https:\/\/aepetba.org.br\/v1\/wp-content\/uploads\/2023\/05\/ato-dia-30-de-maio-torre-pituba.ogg<\/a><\/audio>\n<p>&nbsp;<\/p>\n<p>O F\u00f3rum Baiano em Defesa da Petrobr\u00e1s, Petros e AMS convoca os trabalhadores (as) petroleiros (as) da ativa, aposentados (as), anistiados e pensionistas para que participem da mobiliza\u00e7\u00e3o nacional, na ter\u00e7a-feira (30\/05). Na Bahia, a concentra\u00e7\u00e3o ser\u00e1 a partir das 8h, em frente ao Edif\u00edcio Torre Pituba, no Itaigara, em Salvador.<\/p>\n<p>O grande ato nacional acontecer\u00e1 em todas as bases das federa\u00e7\u00f5es dos petroleiros \u2013 FNP e FUP.\u00a0 No Rio de Janeiro, a concentra\u00e7\u00e3o ser\u00e1 em frente ao edif\u00edcio sede da Petrobr\u00e1s, o Edisen, \u00e0s 11 horas.<\/p>\n<p>Juntos, vamos pressionar a dire\u00e7\u00e3o da Petros e o seu Conselho Deliberativo a suspender as cobran\u00e7as do Plano de Equacionamento do PPSP-R (PED 2021), at\u00e9 a solu\u00e7\u00e3o definitiva que eliminar\u00e1 todos os equacionamentos e a Petrobr\u00e1s a realizar os acordos necess\u00e1rios para colocar os recursos no patrim\u00f4nio dos PPSPs.<\/p>\n<p>Os equacionamentos atingem milhares de participantes e assistidos desses planos e, junto com os descontos da AMS, est\u00e3o empobrecendo a categoria.<\/p>\n<p>N\u00e3o fomos n\u00f3s, trabalhadores e trabalhadoras, os respons\u00e1veis pelos d\u00e9ficits da Petros. Portanto, n\u00e3o \u00e9 justo que paguemos pelo erro alheio. \u00c9 preciso, mais do que nunca, debater o assunto para obter os resultados que a categoria tanto urge. N\u00e3o haver\u00e1 her\u00f3is, todos n\u00f3s somos chamados a participar do ato para lutar por sa\u00eddas vi\u00e1veis que n\u00e3o prejudiquem os trabalhadores. A categoria desta vez n\u00e3o pode cometer os mesmos erros e ficar de bra\u00e7os cruzados.\u00a0Urge dar um basta na perda de direitos dos trabalhadores.<\/p>\n<p>&nbsp;<\/p>\n<p>Vamos fazer um grande ato na Bahia para mostrar a nossa insatisfa\u00e7\u00e3o \u00e0 nova gest\u00e3o com o que est\u00e1 acontecendo.<\/p>\n<p>Participem da mobiliza\u00e7\u00e3o nacional pela reconstru\u00e7\u00e3o da Petrobr\u00e1s, pelo saneamento da Petros e pela recupera\u00e7\u00e3o da nossa AMS<\/p>\n<p>Participam do F\u00f3rum Baiano em Defesa da Petrobr\u00e1s, Petros e AMS a AEPET-BA, ASTAPE-BA, Abraspet, Sindipetro-BA, CEPE Salvador e Clube 2004.<\/p>\n<p>N\u00e3o fique de fora, junte-se a n\u00f3s para construir um grande ato na Bahia.<\/p>\n<p>&nbsp;<\/p>\n<p>#ReconstruiraPetrobr\u00e1s\u00e9ReconstruiroBrasil<\/p>\n<p>&nbsp;<\/p>\n","protected":false},"excerpt":{"rendered":"<p>&nbsp; O F\u00f3rum Baiano em Defesa da Petrobr\u00e1s, Petros e AMS convoca os trabalhadores (as) petroleiros (as) da ativa, aposentados (as), anistiados e pensionistas para que participem da mobiliza\u00e7\u00e3o nacional, na ter\u00e7a-feira (30\/05). Na Bahia, a concentra\u00e7\u00e3o ser\u00e1 a partir&#8230;<\/p>\n","protected":false},"author":1,"featured_media":40624,"comment_status":"closed","ping_status":"closed","sticky":false,"template":"","format":"standard","meta":[],"categories":[5,87,211,10],"tags":[],"yoast_head":"<!-- This site is optimized with the Yoast SEO plugin v19.3 - https:\/\/yoast.com\/wordpress\/plugins\/seo\/ -->\n<title>F\u00f3rum Baiano convoca categoria para a mobiliza\u00e7\u00e3o nacional contra os equacionamentos da Petros no dia 30\/05<\/title>\n<meta name=\"description\" content=\"O F\u00f3rum Baiano em Defesa da Petrobr\u00e1s, Petros e AMS convoca os trabalhadores (as) petroleiros (as) da ativa, aposentados (as), anistiados e pensionistas para que participem da mobiliza\u00e7\u00e3o nacional, na ter\u00e7a-feira (30\/05). Na Bahia, a concentra\u00e7\u00e3o ser\u00e1 a partir das 8h, em frente ao Edif\u00edcio Torre Pituba, no Itaigara, em Salvador.\" \/>\n<meta name=\"robots\" content=\"index, follow, max-snippet:-1, max-image-preview:large, max-video-preview:-1\" \/>\n<link rel=\"canonical\" href=\"https:\/\/aepetba.org.br\/v1\/forum-baiano-convoca-categoria-para-a-mobilizacao-nacional-contra-os-equacionamentos-da-petros-no-dia-30-05\/\" \/>\n<meta property=\"og:locale\" content=\"pt_BR\" \/>\n<meta property=\"og:type\" content=\"article\" \/>\n<meta property=\"og:title\" content=\"F\u00f3rum Baiano convoca categoria para a mobiliza\u00e7\u00e3o nacional contra os equacionamentos da Petros no dia 30\/05\" \/>\n<meta property=\"og:description\" content=\"O F\u00f3rum Baiano em Defesa da Petrobr\u00e1s, Petros e AMS convoca os trabalhadores (as) petroleiros (as) da ativa, aposentados (as), anistiados e pensionistas para que participem da mobiliza\u00e7\u00e3o nacional, na ter\u00e7a-feira (30\/05). Na Bahia, a concentra\u00e7\u00e3o ser\u00e1 a partir das 8h, em frente ao Edif\u00edcio Torre Pituba, no Itaigara, em Salvador.\" \/>\n<meta property=\"og:url\" content=\"https:\/\/aepetba.org.br\/v1\/forum-baiano-convoca-categoria-para-a-mobilizacao-nacional-contra-os-equacionamentos-da-petros-no-dia-30-05\/\" \/>\n<meta property=\"og:site_name\" content=\"AEPET N\u00daCLEO BAHIA\" \/>\n<meta property=\"article:publisher\" content=\"https:\/\/web.facebook.com\/aepetba\" \/>\n<meta property=\"article:published_time\" content=\"2023-05-20T09:57:48+00:00\" \/>\n<meta property=\"article:modified_time\" content=\"2023-05-19T22:15:15+00:00\" \/>\n<meta property=\"og:image\" content=\"https:\/\/aepetba.org.br\/v1\/wp-content\/uploads\/2023\/05\/Materia-Ato-unificado-do-Forum-equcionamento-Petros-Aepet-ba-1.jpg\" \/>\n\t<meta property=\"og:image:width\" content=\"1080\" \/>\n\t<meta property=\"og:image:height\" content=\"1080\" \/>\n\t<meta property=\"og:image:type\" content=\"image\/jpeg\" \/>\n<meta name=\"author\" content=\"AEPETBA\" \/>\n<meta name=\"twitter:card\" content=\"summary_large_image\" \/>\n<meta name=\"twitter:creator\" content=\"@aepetbahia\" \/>\n<meta name=\"twitter:site\" content=\"@aepetbahia\" \/>\n<meta name=\"twitter:label1\" content=\"Escrito por\" \/>\n\t<meta name=\"twitter:data1\" content=\"AEPETBA\" \/>\n\t<meta name=\"twitter:label2\" content=\"Est. tempo de leitura\" \/>\n\t<meta name=\"twitter:data2\" content=\"2 minutos\" \/>\n<script type=\"application\/ld+json\" class=\"yoast-schema-graph\">{\"@context\":\"https:\/\/schema.org\",\"@graph\":[{\"@type\":\"Organization\",\"@id\":\"https:\/\/aepetba.org.br\/v1\/#organization\",\"name\":\"AEPET N\u00facleo Bahia\",\"url\":\"https:\/\/aepetba.org.br\/v1\/\",\"sameAs\":[\"https:\/\/www.instagram.com\/aepetbahia\/\",\"https:\/\/www.youtube.com\/c\/AEPETBAHIA\",\"https:\/\/web.facebook.com\/aepetba\",\"https:\/\/twitter.com\/aepetbahia\"],\"logo\":{\"@type\":\"ImageObject\",\"inLanguage\":\"pt-BR\",\"@id\":\"https:\/\/aepetba.org.br\/v1\/#\/schema\/logo\/image\/\",\"url\":\"https:\/\/aepetba.org.br\/v1\/wp-content\/uploads\/revslider\/home\/logo-AEPETBA.png\",\"contentUrl\":\"https:\/\/aepetba.org.br\/v1\/wp-content\/uploads\/revslider\/home\/logo-AEPETBA.png\",\"width\":297,\"height\":86,\"caption\":\"AEPET N\u00facleo Bahia\"},\"image\":{\"@id\":\"https:\/\/aepetba.org.br\/v1\/#\/schema\/logo\/image\/\"}},{\"@type\":\"WebSite\",\"@id\":\"https:\/\/aepetba.org.br\/v1\/#website\",\"url\":\"https:\/\/aepetba.org.br\/v1\/\",\"name\":\"AEPET N\u00daCLEO BAHIA\",\"description\":\"Associa\u00e7\u00e3o dos Engenheiros da Petrobr\u00e1s N\u00facleo Bahia Petr\u00f3leo Bahia Salvador Nordeste \",\"publisher\":{\"@id\":\"https:\/\/aepetba.org.br\/v1\/#organization\"},\"potentialAction\":[{\"@type\":\"SearchAction\",\"target\":{\"@type\":\"EntryPoint\",\"urlTemplate\":\"https:\/\/aepetba.org.br\/v1\/?s={search_term_string}\"},\"query-input\":\"required name=search_term_string\"}],\"inLanguage\":\"pt-BR\"},{\"@type\":\"ImageObject\",\"inLanguage\":\"pt-BR\",\"@id\":\"https:\/\/aepetba.org.br\/v1\/forum-baiano-convoca-categoria-para-a-mobilizacao-nacional-contra-os-equacionamentos-da-petros-no-dia-30-05\/#primaryimage\",\"url\":\"https:\/\/aepetba.org.br\/v1\/wp-content\/uploads\/2023\/05\/Materia-Ato-unificado-do-Forum-equcionamento-Petros-Aepet-ba-1.jpg\",\"contentUrl\":\"https:\/\/aepetba.org.br\/v1\/wp-content\/uploads\/2023\/05\/Materia-Ato-unificado-do-Forum-equcionamento-Petros-Aepet-ba-1.jpg\",\"width\":1080,\"height\":1080},{\"@type\":\"WebPage\",\"@id\":\"https:\/\/aepetba.org.br\/v1\/forum-baiano-convoca-categoria-para-a-mobilizacao-nacional-contra-os-equacionamentos-da-petros-no-dia-30-05\/\",\"url\":\"https:\/\/aepetba.org.br\/v1\/forum-baiano-convoca-categoria-para-a-mobilizacao-nacional-contra-os-equacionamentos-da-petros-no-dia-30-05\/\",\"name\":\"F\u00f3rum Baiano convoca categoria para a mobiliza\u00e7\u00e3o nacional contra os equacionamentos da Petros no dia 30\/05\",\"isPartOf\":{\"@id\":\"https:\/\/aepetba.org.br\/v1\/#website\"},\"primaryImageOfPage\":{\"@id\":\"https:\/\/aepetba.org.br\/v1\/forum-baiano-convoca-categoria-para-a-mobilizacao-nacional-contra-os-equacionamentos-da-petros-no-dia-30-05\/#primaryimage\"},\"datePublished\":\"2023-05-20T09:57:48+00:00\",\"dateModified\":\"2023-05-19T22:15:15+00:00\",\"description\":\"O F\u00f3rum Baiano em Defesa da Petrobr\u00e1s, Petros e AMS convoca os trabalhadores (as) petroleiros (as) da ativa, aposentados (as), anistiados e pensionistas para que participem da mobiliza\u00e7\u00e3o nacional, na ter\u00e7a-feira (30\/05). Na Bahia, a concentra\u00e7\u00e3o ser\u00e1 a partir das 8h, em frente ao Edif\u00edcio Torre Pituba, no Itaigara, em Salvador.\",\"breadcrumb\":{\"@id\":\"https:\/\/aepetba.org.br\/v1\/forum-baiano-convoca-categoria-para-a-mobilizacao-nacional-contra-os-equacionamentos-da-petros-no-dia-30-05\/#breadcrumb\"},\"inLanguage\":\"pt-BR\",\"potentialAction\":[{\"@type\":\"ReadAction\",\"target\":[\"https:\/\/aepetba.org.br\/v1\/forum-baiano-convoca-categoria-para-a-mobilizacao-nacional-contra-os-equacionamentos-da-petros-no-dia-30-05\/\"]}]},{\"@type\":\"BreadcrumbList\",\"@id\":\"https:\/\/aepetba.org.br\/v1\/forum-baiano-convoca-categoria-para-a-mobilizacao-nacional-contra-os-equacionamentos-da-petros-no-dia-30-05\/#breadcrumb\",\"itemListElement\":[{\"@type\":\"ListItem\",\"position\":1,\"name\":\"In\u00edcio\",\"item\":\"https:\/\/aepetba.org.br\/v1\/\"},{\"@type\":\"ListItem\",\"position\":2,\"name\":\"F\u00f3rum Baiano convoca categoria para a mobiliza\u00e7\u00e3o nacional contra os equacionamentos da Petros no dia 30\/05\"}]},{\"@type\":\"Article\",\"@id\":\"https:\/\/aepetba.org.br\/v1\/forum-baiano-convoca-categoria-para-a-mobilizacao-nacional-contra-os-equacionamentos-da-petros-no-dia-30-05\/#article\",\"isPartOf\":{\"@id\":\"https:\/\/aepetba.org.br\/v1\/forum-baiano-convoca-categoria-para-a-mobilizacao-nacional-contra-os-equacionamentos-da-petros-no-dia-30-05\/\"},\"author\":{\"name\":\"AEPETBA\",\"@id\":\"https:\/\/aepetba.org.br\/v1\/#\/schema\/person\/3504208f89f3f50e1526867ebb573b88\"},\"headline\":\"F\u00f3rum Baiano convoca categoria para a mobiliza\u00e7\u00e3o nacional contra os equacionamentos da Petros no dia 30\/05\",\"datePublished\":\"2023-05-20T09:57:48+00:00\",\"dateModified\":\"2023-05-19T22:15:15+00:00\",\"mainEntityOfPage\":{\"@id\":\"https:\/\/aepetba.org.br\/v1\/forum-baiano-convoca-categoria-para-a-mobilizacao-nacional-contra-os-equacionamentos-da-petros-no-dia-30-05\/\"},\"wordCount\":384,\"publisher\":{\"@id\":\"https:\/\/aepetba.org.br\/v1\/#organization\"},\"image\":{\"@id\":\"https:\/\/aepetba.org.br\/v1\/forum-baiano-convoca-categoria-para-a-mobilizacao-nacional-contra-os-equacionamentos-da-petros-no-dia-30-05\/#primaryimage\"},\"thumbnailUrl\":\"https:\/\/aepetba.org.br\/v1\/wp-content\/uploads\/2023\/05\/Materia-Ato-unificado-do-Forum-equcionamento-Petros-Aepet-ba-1.jpg\",\"articleSection\":[\"Coluna do Associado\",\"Destaque\",\"Movimentos Sociais\",\"Not\u00edcias\"],\"inLanguage\":\"pt-BR\"},{\"@type\":\"Person\",\"@id\":\"https:\/\/aepetba.org.br\/v1\/#\/schema\/person\/3504208f89f3f50e1526867ebb573b88\",\"name\":\"AEPETBA\",\"image\":{\"@type\":\"ImageObject\",\"inLanguage\":\"pt-BR\",\"@id\":\"https:\/\/aepetba.org.br\/v1\/#\/schema\/person\/image\/\",\"url\":\"https:\/\/secure.gravatar.com\/avatar\/3e6e1bf98c38137fc6b937d21e974714?s=96&d=mm&r=g\",\"contentUrl\":\"https:\/\/secure.gravatar.com\/avatar\/3e6e1bf98c38137fc6b937d21e974714?s=96&d=mm&r=g\",\"caption\":\"AEPETBA\"},\"sameAs\":[\"http:\/\/aepetba.org.br\/v1\"],\"url\":\"https:\/\/aepetba.org.br\/v1\/author\/lubconsultoria\/\"}]}<\/script>\n<!-- \/ Yoast SEO plugin. -->","yoast_head_json":{"title":"F\u00f3rum Baiano convoca categoria para a mobiliza\u00e7\u00e3o nacional contra os equacionamentos da Petros no dia 30\/05","description":"O F\u00f3rum Baiano em Defesa da Petrobr\u00e1s, Petros e AMS convoca os trabalhadores (as) petroleiros (as) da ativa, aposentados (as), anistiados e pensionistas para que participem da mobiliza\u00e7\u00e3o nacional, na ter\u00e7a-feira (30\/05). Na Bahia, a concentra\u00e7\u00e3o ser\u00e1 a partir das 8h, em frente ao Edif\u00edcio Torre Pituba, no Itaigara, em Salvador.","robots":{"index":"index","follow":"follow","max-snippet":"max-snippet:-1","max-image-preview":"max-image-preview:large","max-video-preview":"max-video-preview:-1"},"canonical":"https:\/\/aepetba.org.br\/v1\/forum-baiano-convoca-categoria-para-a-mobilizacao-nacional-contra-os-equacionamentos-da-petros-no-dia-30-05\/","og_locale":"pt_BR","og_type":"article","og_title":"F\u00f3rum Baiano convoca categoria para a mobiliza\u00e7\u00e3o nacional contra os equacionamentos da Petros no dia 30\/05","og_description":"O F\u00f3rum Baiano em Defesa da Petrobr\u00e1s, Petros e AMS convoca os trabalhadores (as) petroleiros (as) da ativa, aposentados (as), anistiados e pensionistas para que participem da mobiliza\u00e7\u00e3o nacional, na ter\u00e7a-feira (30\/05). Na Bahia, a concentra\u00e7\u00e3o ser\u00e1 a partir das 8h, em frente ao Edif\u00edcio Torre Pituba, no Itaigara, em Salvador.","og_url":"https:\/\/aepetba.org.br\/v1\/forum-baiano-convoca-categoria-para-a-mobilizacao-nacional-contra-os-equacionamentos-da-petros-no-dia-30-05\/","og_site_name":"AEPET N\u00daCLEO BAHIA","article_publisher":"https:\/\/web.facebook.com\/aepetba","article_published_time":"2023-05-20T09:57:48+00:00","article_modified_time":"2023-05-19T22:15:15+00:00","og_image":[{"width":1080,"height":1080,"url":"https:\/\/aepetba.org.br\/v1\/wp-content\/uploads\/2023\/05\/Materia-Ato-unificado-do-Forum-equcionamento-Petros-Aepet-ba-1.jpg","type":"image\/jpeg"}],"author":"AEPETBA","twitter_card":"summary_large_image","twitter_creator":"@aepetbahia","twitter_site":"@aepetbahia","twitter_misc":{"Escrito por":"AEPETBA","Est. tempo de leitura":"2 minutos"},"schema":{"@context":"https:\/\/schema.org","@graph":[{"@type":"Organization","@id":"https:\/\/aepetba.org.br\/v1\/#organization","name":"AEPET N\u00facleo Bahia","url":"https:\/\/aepetba.org.br\/v1\/","sameAs":["https:\/\/www.instagram.com\/aepetbahia\/","https:\/\/www.youtube.com\/c\/AEPETBAHIA","https:\/\/web.facebook.com\/aepetba","https:\/\/twitter.com\/aepetbahia"],"logo":{"@type":"ImageObject","inLanguage":"pt-BR","@id":"https:\/\/aepetba.org.br\/v1\/#\/schema\/logo\/image\/","url":"https:\/\/aepetba.org.br\/v1\/wp-content\/uploads\/revslider\/home\/logo-AEPETBA.png","contentUrl":"https:\/\/aepetba.org.br\/v1\/wp-content\/uploads\/revslider\/home\/logo-AEPETBA.png","width":297,"height":86,"caption":"AEPET N\u00facleo Bahia"},"image":{"@id":"https:\/\/aepetba.org.br\/v1\/#\/schema\/logo\/image\/"}},{"@type":"WebSite","@id":"https:\/\/aepetba.org.br\/v1\/#website","url":"https:\/\/aepetba.org.br\/v1\/","name":"AEPET N\u00daCLEO BAHIA","description":"Associa\u00e7\u00e3o dos Engenheiros da Petrobr\u00e1s N\u00facleo Bahia Petr\u00f3leo Bahia Salvador Nordeste ","publisher":{"@id":"https:\/\/aepetba.org.br\/v1\/#organization"},"potentialAction":[{"@type":"SearchAction","target":{"@type":"EntryPoint","urlTemplate":"https:\/\/aepetba.org.br\/v1\/?s={search_term_string}"},"query-input":"required name=search_term_string"}],"inLanguage":"pt-BR"},{"@type":"ImageObject","inLanguage":"pt-BR","@id":"https:\/\/aepetba.org.br\/v1\/forum-baiano-convoca-categoria-para-a-mobilizacao-nacional-contra-os-equacionamentos-da-petros-no-dia-30-05\/#primaryimage","url":"https:\/\/aepetba.org.br\/v1\/wp-content\/uploads\/2023\/05\/Materia-Ato-unificado-do-Forum-equcionamento-Petros-Aepet-ba-1.jpg","contentUrl":"https:\/\/aepetba.org.br\/v1\/wp-content\/uploads\/2023\/05\/Materia-Ato-unificado-do-Forum-equcionamento-Petros-Aepet-ba-1.jpg","width":1080,"height":1080},{"@type":"WebPage","@id":"https:\/\/aepetba.org.br\/v1\/forum-baiano-convoca-categoria-para-a-mobilizacao-nacional-contra-os-equacionamentos-da-petros-no-dia-30-05\/","url":"https:\/\/aepetba.org.br\/v1\/forum-baiano-convoca-categoria-para-a-mobilizacao-nacional-contra-os-equacionamentos-da-petros-no-dia-30-05\/","name":"F\u00f3rum Baiano convoca categoria para a mobiliza\u00e7\u00e3o nacional contra os equacionamentos da Petros no dia 30\/05","isPartOf":{"@id":"https:\/\/aepetba.org.br\/v1\/#website"},"primaryImageOfPage":{"@id":"https:\/\/aepetba.org.br\/v1\/forum-baiano-convoca-categoria-para-a-mobilizacao-nacional-contra-os-equacionamentos-da-petros-no-dia-30-05\/#primaryimage"},"datePublished":"2023-05-20T09:57:48+00:00","dateModified":"2023-05-19T22:15:15+00:00","description":"O F\u00f3rum Baiano em Defesa da Petrobr\u00e1s, Petros e AMS convoca os trabalhadores (as) petroleiros (as) da ativa, aposentados (as), anistiados e pensionistas para que participem da mobiliza\u00e7\u00e3o nacional, na ter\u00e7a-feira (30\/05). Na Bahia, a concentra\u00e7\u00e3o ser\u00e1 a partir das 8h, em frente ao Edif\u00edcio Torre Pituba, no Itaigara, em Salvador.","breadcrumb":{"@id":"https:\/\/aepetba.org.br\/v1\/forum-baiano-convoca-categoria-para-a-mobilizacao-nacional-contra-os-equacionamentos-da-petros-no-dia-30-05\/#breadcrumb"},"inLanguage":"pt-BR","potentialAction":[{"@type":"ReadAction","target":["https:\/\/aepetba.org.br\/v1\/forum-baiano-convoca-categoria-para-a-mobilizacao-nacional-contra-os-equacionamentos-da-petros-no-dia-30-05\/"]}]},{"@type":"BreadcrumbList","@id":"https:\/\/aepetba.org.br\/v1\/forum-baiano-convoca-categoria-para-a-mobilizacao-nacional-contra-os-equacionamentos-da-petros-no-dia-30-05\/#breadcrumb","itemListElement":[{"@type":"ListItem","position":1,"name":"In\u00edcio","item":"https:\/\/aepetba.org.br\/v1\/"},{"@type":"ListItem","position":2,"name":"F\u00f3rum Baiano convoca categoria para a mobiliza\u00e7\u00e3o nacional contra os equacionamentos da Petros no dia 30\/05"}]},{"@type":"Article","@id":"https:\/\/aepetba.org.br\/v1\/forum-baiano-convoca-categoria-para-a-mobilizacao-nacional-contra-os-equacionamentos-da-petros-no-dia-30-05\/#article","isPartOf":{"@id":"https:\/\/aepetba.org.br\/v1\/forum-baiano-convoca-categoria-para-a-mobilizacao-nacional-contra-os-equacionamentos-da-petros-no-dia-30-05\/"},"author":{"name":"AEPETBA","@id":"https:\/\/aepetba.org.br\/v1\/#\/schema\/person\/3504208f89f3f50e1526867ebb573b88"},"headline":"F\u00f3rum Baiano convoca categoria para a mobiliza\u00e7\u00e3o nacional contra os equacionamentos da Petros no dia 30\/05","datePublished":"2023-05-20T09:57:48+00:00","dateModified":"2023-05-19T22:15:15+00:00","mainEntityOfPage":{"@id":"https:\/\/aepetba.org.br\/v1\/forum-baiano-convoca-categoria-para-a-mobilizacao-nacional-contra-os-equacionamentos-da-petros-no-dia-30-05\/"},"wordCount":384,"publisher":{"@id":"https:\/\/aepetba.org.br\/v1\/#organization"},"image":{"@id":"https:\/\/aepetba.org.br\/v1\/forum-baiano-convoca-categoria-para-a-mobilizacao-nacional-contra-os-equacionamentos-da-petros-no-dia-30-05\/#primaryimage"},"thumbnailUrl":"https:\/\/aepetba.org.br\/v1\/wp-content\/uploads\/2023\/05\/Materia-Ato-unificado-do-Forum-equcionamento-Petros-Aepet-ba-1.jpg","articleSection":["Coluna do Associado","Destaque","Movimentos Sociais","Not\u00edcias"],"inLanguage":"pt-BR"},{"@type":"Person","@id":"https:\/\/aepetba.org.br\/v1\/#\/schema\/person\/3504208f89f3f50e1526867ebb573b88","name":"AEPETBA","image":{"@type":"ImageObject","inLanguage":"pt-BR","@id":"https:\/\/aepetba.org.br\/v1\/#\/schema\/person\/image\/","url":"https:\/\/secure.gravatar.com\/avatar\/3e6e1bf98c38137fc6b937d21e974714?s=96&d=mm&r=g","contentUrl":"https:\/\/secure.gravatar.com\/avatar\/3e6e1bf98c38137fc6b937d21e974714?s=96&d=mm&r=g","caption":"AEPETBA"},"sameAs":["http:\/\/aepetba.org.br\/v1"],"url":"https:\/\/aepetba.org.br\/v1\/author\/lubconsultoria\/"}]}},"_links":{"self":[{"href":"https:\/\/aepetba.org.br\/v1\/wp-json\/wp\/v2\/posts\/40623"}],"collection":[{"href":"https:\/\/aepetba.org.br\/v1\/wp-json\/wp\/v2\/posts"}],"about":[{"href":"https:\/\/aepetba.org.br\/v1\/wp-json\/wp\/v2\/types\/post"}],"author":[{"embeddable":true,"href":"https:\/\/aepetba.org.br\/v1\/wp-json\/wp\/v2\/users\/1"}],"replies":[{"embeddable":true,"href":"https:\/\/aepetba.org.br\/v1\/wp-json\/wp\/v2\/comments?post=40623"}],"version-history":[{"count":3,"href":"https:\/\/aepetba.org.br\/v1\/wp-json\/wp\/v2\/posts\/40623\/revisions"}],"predecessor-version":[{"id":40628,"href":"https:\/\/aepetba.org.br\/v1\/wp-json\/wp\/v2\/posts\/40623\/revisions\/40628"}],"wp:featuredmedia":[{"embeddable":true,"href":"https:\/\/aepetba.org.br\/v1\/wp-json\/wp\/v2\/media\/40624"}],"wp:attachment":[{"href":"https:\/\/aepetba.org.br\/v1\/wp-json\/wp\/v2\/media?parent=40623"}],"wp:term":[{"taxonomy":"category","embeddable":true,"href":"https:\/\/aepetba.org.br\/v1\/wp-json\/wp\/v2\/categories?post=40623"},{"taxonomy":"post_tag","embeddable":true,"href":"https:\/\/aepetba.org.br\/v1\/wp-json\/wp\/v2\/tags?post=40623"}],"curies":[{"name":"wp","href":"https:\/\/api.w.org\/{rel}","templated":true}]}}