{"id":42800,"date":"2023-12-06T10:59:37","date_gmt":"2023-12-06T13:59:37","guid":{"rendered":"https:\/\/aepetba.org.br\/v1\/?p=42800"},"modified":"2023-12-06T11:09:36","modified_gmt":"2023-12-06T14:09:36","slug":"entrevista-gilberto-bercovici-fala-sobre-a-venda-e-renacionalizacao-da-rlam","status":"publish","type":"post","link":"https:\/\/aepetba.org.br\/v1\/entrevista-gilberto-bercovici-fala-sobre-a-venda-e-renacionalizacao-da-rlam\/","title":{"rendered":"Entrevista: Gilberto Bercovici fala sobre a venda e renacionaliza\u00e7\u00e3o da RLAM"},"content":{"rendered":"<!--[if lt IE 9]><script>document.createElement('audio');<\/script><![endif]-->\n<audio class=\"wp-audio-shortcode\" id=\"audio-42800-1\" preload=\"none\" style=\"width: 100%;\" controls=\"controls\"><source type=\"audio\/mpeg\" src=\"https:\/\/aepetba.org.br\/v1\/wp-content\/uploads\/2023\/12\/Gilberto-Bercovici-fala-sobre-a-venda-e-renacionalizacao-da-RLAM-novo.mp3?_=1\" \/><source type=\"audio\/ogg\" src=\"https:\/\/aepetba.org.br\/v1\/wp-content\/uploads\/2023\/12\/Gilberto-Bercovici-fala-sobre-a-venda-e-renacionalizacao-da-RLAM-novo.ogg?_=1\" \/><a href=\"https:\/\/aepetba.org.br\/v1\/wp-content\/uploads\/2023\/12\/Gilberto-Bercovici-fala-sobre-a-venda-e-renacionalizacao-da-RLAM-novo.mp3\">https:\/\/aepetba.org.br\/v1\/wp-content\/uploads\/2023\/12\/Gilberto-Bercovici-fala-sobre-a-venda-e-renacionalizacao-da-RLAM-novo.mp3<\/a><\/audio>\n<p>&nbsp;<\/p>\n<p>A venda da Refinaria Landulpho Alves (RLAM), a primeira refinaria nacional, para o fundo financeiro Mubadala Capital representa n\u00e3o apenas uma perda hist\u00f3rica, mas tamb\u00e9m preju\u00edzos significativos para os consumidores baianos e o estado como um todo. A privatiza\u00e7\u00e3o da RLAM construiu um monop\u00f3lio privado regional, com os novos propriet\u00e1rios exercendo controle sobre mais de 80% do mercado baiano.<\/p>\n<p>Com isso, a empresa privada comercializa os combust\u00edveis a pre\u00e7os superiores aos praticados pela Petrobr\u00e1s, prejudicando a economia local e a sociedade que agora paga mais caro do que os estados da Regi\u00e3o Sudeste. Essa disparidade aprofunda as desigualdades sociais e regionais j\u00e1 existentes, evidenciando como a privatiza\u00e7\u00e3o compromete n\u00e3o apenas a capacidade de planejamento no setor de energia, mas tamb\u00e9m amplia as injusti\u00e7as econ\u00f4micas.<\/p>\n<p>Em uma entrevista exclusiva \u00e0 AEPET-BA, o professor de Direito Econ\u00f4mico e Economia Pol\u00edtica da Faculdade de Direito da Universidade de S\u00e3o Paulo (USP), Gilberto Bercovici abordou diversos aspectos cruciais relacionados \u00e0 RLAM. Bercovici falou sobre a proposta do ministro de Minas e Energia, Alexandre Silveira, de recompra da RLAM pela Petrobr\u00e1s e ressaltou a import\u00e2ncia do Estado na gest\u00e3o de ativos estrat\u00e9gicos, como refinarias. Al\u00e9m disso, o professor apontou que a privatiza\u00e7\u00e3o da RLAM impacta negativamente tanto a Petrobr\u00e1s quanto o governo, comprometendo a capacidade de planejamento e controle sobre recursos petrol\u00edferos essenciais para o desenvolvimento nacional.<\/p>\n<p>Bercovici \u00e9 autor do livro \u201cNacionaliza\u00e7\u00e3o: Necessidade e Possibilidades\u201d, em coautoria com Jos\u00e9 Augusto Fontoura Costa. Confira:<\/p>\n<p><strong>O ministro de Minas e Energia, Alexandre Silveira, tem defendido publicamente que a Petrobr\u00e1s recompre a Refinaria Landulpho Alves (atual Refinaria Mataripe). Na sua opini\u00e3o, isso \u00e9 poss\u00edvel? Que dispositivos legais e regulat\u00f3rios podem assegurar a reestatiza\u00e7\u00e3o da RLAM<\/strong><\/p>\n<p>Gilberto Bercovici: Sim, a recompra da Refinaria Landulpho Alves \u00e9 perfeitamente legal. Cabe \u00e0 Petrobr\u00e1s e ao Governo Federal decidirem qual a forma mais adequada, se pela via negocial com os atuais propriet\u00e1rios ou se pela via administrativa, por meio de um processo de desapropria\u00e7\u00e3o, com pagamento de indeniza\u00e7\u00e3o.<\/p>\n<p><strong>Em termos jur\u00eddicos e econ\u00f4micos, qual \u00e9 o papel do Estado na gest\u00e3o de ativos estrat\u00e9gicos, como as refinarias, e como a privatiza\u00e7\u00e3o da RLAM impacta a Petrobr\u00e1s e o governo?<\/strong><\/p>\n<p><strong>GB: <\/strong>A Uni\u00e3o exerce o monop\u00f3lio constitucional do petr\u00f3leo (artigo 177 da Constitui\u00e7\u00e3o de 1988) por interm\u00e9dio da sua empresa estatal Petrobr\u00e1s, sociedade de economia mista, ou seja, ente da Administra\u00e7\u00e3o P\u00fablica Indireta, vinculada ao Minist\u00e9rio das Minas e Energia. Para tanto, cabe \u00e0 Petrobr\u00e1s, como \u00f3rg\u00e3o da Administra\u00e7\u00e3o P\u00fablica Federal, atuar no setor, visando garantir o interesse nacional e o desenvolvimento do pa\u00eds. N\u00e3o custa relembrar que as atividades de refino de petr\u00f3leo s\u00e3o, por defini\u00e7\u00e3o constitucional e legal monop\u00f3lio da Uni\u00e3o (artigo 177 da Constitui\u00e7\u00e3o e artigo 4\u00ba, II da Lei n\u00ba 9.478\/1997), portanto n\u00e3o se est\u00e1 fazendo nada al\u00e9m de retomar para a Petrobr\u00e1s um ativo que jamais deveria ter sido alienado.<\/p>\n<p>A venda da Refinaria Landulpho Alves foi inconstitucional e ilegal. Sua justificativa foi a celebra\u00e7\u00e3o de um acordo ilegal e sem qualquer fundamento jur\u00eddico com o CADE (Conselho Administrativo de Defesa Econ\u00f4mica), \u00f3rg\u00e3o de defesa da concorr\u00eancia. O CADE n\u00e3o tem compet\u00eancia alguma para configurar ou determinar como deve ser realizada uma determinada pol\u00edtica p\u00fablica, como \u00e9 o caso da pol\u00edtica de refino de petr\u00f3leo no Brasil. O setor de refino de petr\u00f3leo \u00e9 monop\u00f3lio constitucional da Uni\u00e3o, portanto, imune \u00e0 incid\u00eancia da legisla\u00e7\u00e3o de defesa da concorr\u00eancia no exerc\u00edcio de suas atividades.<\/p>\n<p>A privatiza\u00e7\u00e3o da RLAM, al\u00e9m de ilegal, foi perniciosa. A RLAM est\u00e1 sendo administrada com o objetivo de obter o melhor resultado financeiro poss\u00edvel para seus novos propriet\u00e1rios privados. As quest\u00f5es de interesse p\u00fablico, ambientais ou trabalhistas nem sempre s\u00e3o consideradas priorit\u00e1rias ou relevantes. Al\u00e9m disso, a refinaria privatizada constitui um monop\u00f3lio regional privado, causando uma s\u00e9rie de transtornos e preju\u00edzos aos consumidores do Estado da Bahia, como fartamente demonstrado em in\u00fameras mat\u00e9rias da imprensa sobre os pre\u00e7os abusivos dos combust\u00edveis e derivados do petr\u00f3leo na Bahia.<\/p>\n<p><strong>Que penalidades pode sofrer a Petrobr\u00e1s por ter recorrido ao Cade para aprovar a venda das refinarias?<\/strong><\/p>\n<p><strong>GB<\/strong> &#8211; N\u00e3o h\u00e1 previs\u00e3o legal de instaura\u00e7\u00e3o de procedimento investigativo com finalidade sancionat\u00f3ria contra a Petrobr\u00e1s por ter exercido sua compet\u00eancia constitucional e legal de desenvolver as atividades do monop\u00f3lio da Uni\u00e3o no setor de refino de petr\u00f3leo. N\u00e3o bastasse isso, a Lei n\u00ba 9.491\/1997 pro\u00edbe expressamente a aliena\u00e7\u00e3o ou transfer\u00eancia para a iniciativa privada \u00e0s empresas estatais que exer\u00e7am atividades de compet\u00eancia exclusiva da Uni\u00e3o de que trata, entre outros, o artigo 177 da Constitui\u00e7\u00e3o. Qualquer ato tendente a impor medidas restritivas ao exerc\u00edcio do monop\u00f3lio constitucional do refino, inclusive a venda de ativos, \u00e9 abusivo e, portanto, nulo, pois fora dos limites de compet\u00eancia dos \u00f3rg\u00e3os de defesa da concorr\u00eancia.<\/p>\n<p><strong>A AEPET-BA lan\u00e7ou um manifesto em defesa da renacionaliza\u00e7\u00e3o da RLAM. Que outros instrumentos de press\u00e3o podem ser utilizados para este fim?<\/strong><\/p>\n<p>GB: H\u00e1 v\u00e1rias formas de press\u00e3o leg\u00edtimas para a renacionaliza\u00e7\u00e3o da RLAM, desde medidas judiciais contra as v\u00e1rias ilegalidades cometidas at\u00e9 a articula\u00e7\u00e3o de manifesta\u00e7\u00f5es e atua\u00e7\u00e3o direta dos v\u00e1rios movimentos sociais e populares para pressionar o Governo Federal a cumprir suas promessas e devolver ao povo brasileiro o seu patrim\u00f4nio esbulhado.<\/p>\n","protected":false},"excerpt":{"rendered":"<p>&nbsp; A venda da Refinaria Landulpho Alves (RLAM), a primeira refinaria nacional, para o fundo financeiro Mubadala Capital representa n\u00e3o apenas uma perda hist\u00f3rica, mas tamb\u00e9m preju\u00edzos significativos para os consumidores baianos e o estado como um todo. A privatiza\u00e7\u00e3o&#8230;<\/p>\n","protected":false},"author":1,"featured_media":42864,"comment_status":"closed","ping_status":"closed","sticky":false,"template":"","format":"standard","meta":[],"categories":[5,87,211],"tags":[],"yoast_head":"<!-- This site is optimized with the Yoast SEO plugin v19.3 - https:\/\/yoast.com\/wordpress\/plugins\/seo\/ -->\n<title>Entrevista: Gilberto Bercovici fala sobre a venda e renacionaliza\u00e7\u00e3o da RLAM - AEPET N\u00daCLEO BAHIA<\/title>\n<meta name=\"robots\" content=\"index, follow, max-snippet:-1, max-image-preview:large, max-video-preview:-1\" \/>\n<link rel=\"canonical\" href=\"https:\/\/aepetba.org.br\/v1\/entrevista-gilberto-bercovici-fala-sobre-a-venda-e-renacionalizacao-da-rlam\/\" \/>\n<meta property=\"og:locale\" content=\"pt_BR\" \/>\n<meta property=\"og:type\" content=\"article\" \/>\n<meta property=\"og:title\" content=\"Entrevista: Gilberto Bercovici fala sobre a venda e renacionaliza\u00e7\u00e3o da RLAM - AEPET N\u00daCLEO BAHIA\" \/>\n<meta property=\"og:description\" content=\"&nbsp; A venda da Refinaria Landulpho Alves (RLAM), a primeira refinaria nacional, para o fundo financeiro Mubadala Capital representa n\u00e3o apenas uma perda hist\u00f3rica, mas tamb\u00e9m preju\u00edzos significativos para os consumidores baianos e o estado como um todo. A privatiza\u00e7\u00e3o...\" \/>\n<meta property=\"og:url\" content=\"https:\/\/aepetba.org.br\/v1\/entrevista-gilberto-bercovici-fala-sobre-a-venda-e-renacionalizacao-da-rlam\/\" \/>\n<meta property=\"og:site_name\" content=\"AEPET N\u00daCLEO BAHIA\" \/>\n<meta property=\"article:publisher\" content=\"https:\/\/web.facebook.com\/aepetba\" \/>\n<meta property=\"article:published_time\" content=\"2023-12-06T13:59:37+00:00\" \/>\n<meta property=\"article:modified_time\" content=\"2023-12-06T14:09:36+00:00\" \/>\n<meta property=\"og:image\" content=\"https:\/\/aepetba.org.br\/v1\/wp-content\/uploads\/2023\/12\/Gilberto-Bercovici-fala-sobre-a-venda-e-renacionalizacao-da-RLAM-AEPET-BAHIA-1.jpg\" \/>\n\t<meta property=\"og:image:width\" content=\"1080\" \/>\n\t<meta property=\"og:image:height\" content=\"945\" \/>\n\t<meta property=\"og:image:type\" content=\"image\/jpeg\" \/>\n<meta name=\"author\" content=\"AEPETBA\" \/>\n<meta name=\"twitter:card\" content=\"summary_large_image\" \/>\n<meta name=\"twitter:creator\" content=\"@aepetbahia\" \/>\n<meta name=\"twitter:site\" content=\"@aepetbahia\" \/>\n<meta name=\"twitter:label1\" content=\"Escrito por\" \/>\n\t<meta name=\"twitter:data1\" content=\"AEPETBA\" \/>\n\t<meta name=\"twitter:label2\" content=\"Est. tempo de leitura\" \/>\n\t<meta name=\"twitter:data2\" content=\"5 minutos\" \/>\n<script type=\"application\/ld+json\" class=\"yoast-schema-graph\">{\"@context\":\"https:\/\/schema.org\",\"@graph\":[{\"@type\":\"Organization\",\"@id\":\"https:\/\/aepetba.org.br\/v1\/#organization\",\"name\":\"AEPET N\u00facleo Bahia\",\"url\":\"https:\/\/aepetba.org.br\/v1\/\",\"sameAs\":[\"https:\/\/www.instagram.com\/aepetbahia\/\",\"https:\/\/www.youtube.com\/c\/AEPETBAHIA\",\"https:\/\/web.facebook.com\/aepetba\",\"https:\/\/twitter.com\/aepetbahia\"],\"logo\":{\"@type\":\"ImageObject\",\"inLanguage\":\"pt-BR\",\"@id\":\"https:\/\/aepetba.org.br\/v1\/#\/schema\/logo\/image\/\",\"url\":\"https:\/\/aepetba.org.br\/v1\/wp-content\/uploads\/revslider\/home\/logo-AEPETBA.png\",\"contentUrl\":\"https:\/\/aepetba.org.br\/v1\/wp-content\/uploads\/revslider\/home\/logo-AEPETBA.png\",\"width\":297,\"height\":86,\"caption\":\"AEPET N\u00facleo Bahia\"},\"image\":{\"@id\":\"https:\/\/aepetba.org.br\/v1\/#\/schema\/logo\/image\/\"}},{\"@type\":\"WebSite\",\"@id\":\"https:\/\/aepetba.org.br\/v1\/#website\",\"url\":\"https:\/\/aepetba.org.br\/v1\/\",\"name\":\"AEPET N\u00daCLEO BAHIA\",\"description\":\"Associa\u00e7\u00e3o dos Engenheiros da Petrobr\u00e1s N\u00facleo Bahia Petr\u00f3leo Bahia Salvador Nordeste \",\"publisher\":{\"@id\":\"https:\/\/aepetba.org.br\/v1\/#organization\"},\"potentialAction\":[{\"@type\":\"SearchAction\",\"target\":{\"@type\":\"EntryPoint\",\"urlTemplate\":\"https:\/\/aepetba.org.br\/v1\/?s={search_term_string}\"},\"query-input\":\"required name=search_term_string\"}],\"inLanguage\":\"pt-BR\"},{\"@type\":\"ImageObject\",\"inLanguage\":\"pt-BR\",\"@id\":\"https:\/\/aepetba.org.br\/v1\/entrevista-gilberto-bercovici-fala-sobre-a-venda-e-renacionalizacao-da-rlam\/#primaryimage\",\"url\":\"https:\/\/aepetba.org.br\/v1\/wp-content\/uploads\/2023\/12\/Gilberto-Bercovici-fala-sobre-a-venda-e-renacionalizacao-da-RLAM-AEPET-BAHIA-1.jpg\",\"contentUrl\":\"https:\/\/aepetba.org.br\/v1\/wp-content\/uploads\/2023\/12\/Gilberto-Bercovici-fala-sobre-a-venda-e-renacionalizacao-da-RLAM-AEPET-BAHIA-1.jpg\",\"width\":1080,\"height\":945,\"caption\":\"AEPET BAHIA Card - 9\"},{\"@type\":\"WebPage\",\"@id\":\"https:\/\/aepetba.org.br\/v1\/entrevista-gilberto-bercovici-fala-sobre-a-venda-e-renacionalizacao-da-rlam\/\",\"url\":\"https:\/\/aepetba.org.br\/v1\/entrevista-gilberto-bercovici-fala-sobre-a-venda-e-renacionalizacao-da-rlam\/\",\"name\":\"Entrevista: Gilberto Bercovici fala sobre a venda e renacionaliza\u00e7\u00e3o da RLAM - AEPET N\u00daCLEO BAHIA\",\"isPartOf\":{\"@id\":\"https:\/\/aepetba.org.br\/v1\/#website\"},\"primaryImageOfPage\":{\"@id\":\"https:\/\/aepetba.org.br\/v1\/entrevista-gilberto-bercovici-fala-sobre-a-venda-e-renacionalizacao-da-rlam\/#primaryimage\"},\"datePublished\":\"2023-12-06T13:59:37+00:00\",\"dateModified\":\"2023-12-06T14:09:36+00:00\",\"breadcrumb\":{\"@id\":\"https:\/\/aepetba.org.br\/v1\/entrevista-gilberto-bercovici-fala-sobre-a-venda-e-renacionalizacao-da-rlam\/#breadcrumb\"},\"inLanguage\":\"pt-BR\",\"potentialAction\":[{\"@type\":\"ReadAction\",\"target\":[\"https:\/\/aepetba.org.br\/v1\/entrevista-gilberto-bercovici-fala-sobre-a-venda-e-renacionalizacao-da-rlam\/\"]}]},{\"@type\":\"BreadcrumbList\",\"@id\":\"https:\/\/aepetba.org.br\/v1\/entrevista-gilberto-bercovici-fala-sobre-a-venda-e-renacionalizacao-da-rlam\/#breadcrumb\",\"itemListElement\":[{\"@type\":\"ListItem\",\"position\":1,\"name\":\"In\u00edcio\",\"item\":\"https:\/\/aepetba.org.br\/v1\/\"},{\"@type\":\"ListItem\",\"position\":2,\"name\":\"Entrevista: Gilberto Bercovici fala sobre a venda e renacionaliza\u00e7\u00e3o da RLAM\"}]},{\"@type\":\"Article\",\"@id\":\"https:\/\/aepetba.org.br\/v1\/entrevista-gilberto-bercovici-fala-sobre-a-venda-e-renacionalizacao-da-rlam\/#article\",\"isPartOf\":{\"@id\":\"https:\/\/aepetba.org.br\/v1\/entrevista-gilberto-bercovici-fala-sobre-a-venda-e-renacionalizacao-da-rlam\/\"},\"author\":{\"name\":\"AEPETBA\",\"@id\":\"https:\/\/aepetba.org.br\/v1\/#\/schema\/person\/3504208f89f3f50e1526867ebb573b88\"},\"headline\":\"Entrevista: Gilberto Bercovici fala sobre a venda e renacionaliza\u00e7\u00e3o da RLAM\",\"datePublished\":\"2023-12-06T13:59:37+00:00\",\"dateModified\":\"2023-12-06T14:09:36+00:00\",\"mainEntityOfPage\":{\"@id\":\"https:\/\/aepetba.org.br\/v1\/entrevista-gilberto-bercovici-fala-sobre-a-venda-e-renacionalizacao-da-rlam\/\"},\"wordCount\":1010,\"publisher\":{\"@id\":\"https:\/\/aepetba.org.br\/v1\/#organization\"},\"image\":{\"@id\":\"https:\/\/aepetba.org.br\/v1\/entrevista-gilberto-bercovici-fala-sobre-a-venda-e-renacionalizacao-da-rlam\/#primaryimage\"},\"thumbnailUrl\":\"https:\/\/aepetba.org.br\/v1\/wp-content\/uploads\/2023\/12\/Gilberto-Bercovici-fala-sobre-a-venda-e-renacionalizacao-da-RLAM-AEPET-BAHIA-1.jpg\",\"articleSection\":[\"Coluna do Associado\",\"Destaque\",\"Movimentos Sociais\"],\"inLanguage\":\"pt-BR\"},{\"@type\":\"Person\",\"@id\":\"https:\/\/aepetba.org.br\/v1\/#\/schema\/person\/3504208f89f3f50e1526867ebb573b88\",\"name\":\"AEPETBA\",\"image\":{\"@type\":\"ImageObject\",\"inLanguage\":\"pt-BR\",\"@id\":\"https:\/\/aepetba.org.br\/v1\/#\/schema\/person\/image\/\",\"url\":\"https:\/\/secure.gravatar.com\/avatar\/3e6e1bf98c38137fc6b937d21e974714?s=96&d=mm&r=g\",\"contentUrl\":\"https:\/\/secure.gravatar.com\/avatar\/3e6e1bf98c38137fc6b937d21e974714?s=96&d=mm&r=g\",\"caption\":\"AEPETBA\"},\"sameAs\":[\"http:\/\/aepetba.org.br\/v1\"],\"url\":\"https:\/\/aepetba.org.br\/v1\/author\/lubconsultoria\/\"}]}<\/script>\n<!-- \/ Yoast SEO plugin. -->","yoast_head_json":{"title":"Entrevista: Gilberto Bercovici fala sobre a venda e renacionaliza\u00e7\u00e3o da RLAM - AEPET N\u00daCLEO BAHIA","robots":{"index":"index","follow":"follow","max-snippet":"max-snippet:-1","max-image-preview":"max-image-preview:large","max-video-preview":"max-video-preview:-1"},"canonical":"https:\/\/aepetba.org.br\/v1\/entrevista-gilberto-bercovici-fala-sobre-a-venda-e-renacionalizacao-da-rlam\/","og_locale":"pt_BR","og_type":"article","og_title":"Entrevista: Gilberto Bercovici fala sobre a venda e renacionaliza\u00e7\u00e3o da RLAM - AEPET N\u00daCLEO BAHIA","og_description":"&nbsp; A venda da Refinaria Landulpho Alves (RLAM), a primeira refinaria nacional, para o fundo financeiro Mubadala Capital representa n\u00e3o apenas uma perda hist\u00f3rica, mas tamb\u00e9m preju\u00edzos significativos para os consumidores baianos e o estado como um todo. A privatiza\u00e7\u00e3o...","og_url":"https:\/\/aepetba.org.br\/v1\/entrevista-gilberto-bercovici-fala-sobre-a-venda-e-renacionalizacao-da-rlam\/","og_site_name":"AEPET N\u00daCLEO BAHIA","article_publisher":"https:\/\/web.facebook.com\/aepetba","article_published_time":"2023-12-06T13:59:37+00:00","article_modified_time":"2023-12-06T14:09:36+00:00","og_image":[{"width":1080,"height":945,"url":"https:\/\/aepetba.org.br\/v1\/wp-content\/uploads\/2023\/12\/Gilberto-Bercovici-fala-sobre-a-venda-e-renacionalizacao-da-RLAM-AEPET-BAHIA-1.jpg","type":"image\/jpeg"}],"author":"AEPETBA","twitter_card":"summary_large_image","twitter_creator":"@aepetbahia","twitter_site":"@aepetbahia","twitter_misc":{"Escrito por":"AEPETBA","Est. tempo de leitura":"5 minutos"},"schema":{"@context":"https:\/\/schema.org","@graph":[{"@type":"Organization","@id":"https:\/\/aepetba.org.br\/v1\/#organization","name":"AEPET N\u00facleo Bahia","url":"https:\/\/aepetba.org.br\/v1\/","sameAs":["https:\/\/www.instagram.com\/aepetbahia\/","https:\/\/www.youtube.com\/c\/AEPETBAHIA","https:\/\/web.facebook.com\/aepetba","https:\/\/twitter.com\/aepetbahia"],"logo":{"@type":"ImageObject","inLanguage":"pt-BR","@id":"https:\/\/aepetba.org.br\/v1\/#\/schema\/logo\/image\/","url":"https:\/\/aepetba.org.br\/v1\/wp-content\/uploads\/revslider\/home\/logo-AEPETBA.png","contentUrl":"https:\/\/aepetba.org.br\/v1\/wp-content\/uploads\/revslider\/home\/logo-AEPETBA.png","width":297,"height":86,"caption":"AEPET N\u00facleo Bahia"},"image":{"@id":"https:\/\/aepetba.org.br\/v1\/#\/schema\/logo\/image\/"}},{"@type":"WebSite","@id":"https:\/\/aepetba.org.br\/v1\/#website","url":"https:\/\/aepetba.org.br\/v1\/","name":"AEPET N\u00daCLEO BAHIA","description":"Associa\u00e7\u00e3o dos Engenheiros da Petrobr\u00e1s N\u00facleo Bahia Petr\u00f3leo Bahia Salvador Nordeste ","publisher":{"@id":"https:\/\/aepetba.org.br\/v1\/#organization"},"potentialAction":[{"@type":"SearchAction","target":{"@type":"EntryPoint","urlTemplate":"https:\/\/aepetba.org.br\/v1\/?s={search_term_string}"},"query-input":"required name=search_term_string"}],"inLanguage":"pt-BR"},{"@type":"ImageObject","inLanguage":"pt-BR","@id":"https:\/\/aepetba.org.br\/v1\/entrevista-gilberto-bercovici-fala-sobre-a-venda-e-renacionalizacao-da-rlam\/#primaryimage","url":"https:\/\/aepetba.org.br\/v1\/wp-content\/uploads\/2023\/12\/Gilberto-Bercovici-fala-sobre-a-venda-e-renacionalizacao-da-RLAM-AEPET-BAHIA-1.jpg","contentUrl":"https:\/\/aepetba.org.br\/v1\/wp-content\/uploads\/2023\/12\/Gilberto-Bercovici-fala-sobre-a-venda-e-renacionalizacao-da-RLAM-AEPET-BAHIA-1.jpg","width":1080,"height":945,"caption":"AEPET BAHIA Card - 9"},{"@type":"WebPage","@id":"https:\/\/aepetba.org.br\/v1\/entrevista-gilberto-bercovici-fala-sobre-a-venda-e-renacionalizacao-da-rlam\/","url":"https:\/\/aepetba.org.br\/v1\/entrevista-gilberto-bercovici-fala-sobre-a-venda-e-renacionalizacao-da-rlam\/","name":"Entrevista: Gilberto Bercovici fala sobre a venda e renacionaliza\u00e7\u00e3o da RLAM - AEPET N\u00daCLEO BAHIA","isPartOf":{"@id":"https:\/\/aepetba.org.br\/v1\/#website"},"primaryImageOfPage":{"@id":"https:\/\/aepetba.org.br\/v1\/entrevista-gilberto-bercovici-fala-sobre-a-venda-e-renacionalizacao-da-rlam\/#primaryimage"},"datePublished":"2023-12-06T13:59:37+00:00","dateModified":"2023-12-06T14:09:36+00:00","breadcrumb":{"@id":"https:\/\/aepetba.org.br\/v1\/entrevista-gilberto-bercovici-fala-sobre-a-venda-e-renacionalizacao-da-rlam\/#breadcrumb"},"inLanguage":"pt-BR","potentialAction":[{"@type":"ReadAction","target":["https:\/\/aepetba.org.br\/v1\/entrevista-gilberto-bercovici-fala-sobre-a-venda-e-renacionalizacao-da-rlam\/"]}]},{"@type":"BreadcrumbList","@id":"https:\/\/aepetba.org.br\/v1\/entrevista-gilberto-bercovici-fala-sobre-a-venda-e-renacionalizacao-da-rlam\/#breadcrumb","itemListElement":[{"@type":"ListItem","position":1,"name":"In\u00edcio","item":"https:\/\/aepetba.org.br\/v1\/"},{"@type":"ListItem","position":2,"name":"Entrevista: Gilberto Bercovici fala sobre a venda e renacionaliza\u00e7\u00e3o da RLAM"}]},{"@type":"Article","@id":"https:\/\/aepetba.org.br\/v1\/entrevista-gilberto-bercovici-fala-sobre-a-venda-e-renacionalizacao-da-rlam\/#article","isPartOf":{"@id":"https:\/\/aepetba.org.br\/v1\/entrevista-gilberto-bercovici-fala-sobre-a-venda-e-renacionalizacao-da-rlam\/"},"author":{"name":"AEPETBA","@id":"https:\/\/aepetba.org.br\/v1\/#\/schema\/person\/3504208f89f3f50e1526867ebb573b88"},"headline":"Entrevista: Gilberto Bercovici fala sobre a venda e renacionaliza\u00e7\u00e3o da RLAM","datePublished":"2023-12-06T13:59:37+00:00","dateModified":"2023-12-06T14:09:36+00:00","mainEntityOfPage":{"@id":"https:\/\/aepetba.org.br\/v1\/entrevista-gilberto-bercovici-fala-sobre-a-venda-e-renacionalizacao-da-rlam\/"},"wordCount":1010,"publisher":{"@id":"https:\/\/aepetba.org.br\/v1\/#organization"},"image":{"@id":"https:\/\/aepetba.org.br\/v1\/entrevista-gilberto-bercovici-fala-sobre-a-venda-e-renacionalizacao-da-rlam\/#primaryimage"},"thumbnailUrl":"https:\/\/aepetba.org.br\/v1\/wp-content\/uploads\/2023\/12\/Gilberto-Bercovici-fala-sobre-a-venda-e-renacionalizacao-da-RLAM-AEPET-BAHIA-1.jpg","articleSection":["Coluna do Associado","Destaque","Movimentos Sociais"],"inLanguage":"pt-BR"},{"@type":"Person","@id":"https:\/\/aepetba.org.br\/v1\/#\/schema\/person\/3504208f89f3f50e1526867ebb573b88","name":"AEPETBA","image":{"@type":"ImageObject","inLanguage":"pt-BR","@id":"https:\/\/aepetba.org.br\/v1\/#\/schema\/person\/image\/","url":"https:\/\/secure.gravatar.com\/avatar\/3e6e1bf98c38137fc6b937d21e974714?s=96&d=mm&r=g","contentUrl":"https:\/\/secure.gravatar.com\/avatar\/3e6e1bf98c38137fc6b937d21e974714?s=96&d=mm&r=g","caption":"AEPETBA"},"sameAs":["http:\/\/aepetba.org.br\/v1"],"url":"https:\/\/aepetba.org.br\/v1\/author\/lubconsultoria\/"}]}},"_links":{"self":[{"href":"https:\/\/aepetba.org.br\/v1\/wp-json\/wp\/v2\/posts\/42800"}],"collection":[{"href":"https:\/\/aepetba.org.br\/v1\/wp-json\/wp\/v2\/posts"}],"about":[{"href":"https:\/\/aepetba.org.br\/v1\/wp-json\/wp\/v2\/types\/post"}],"author":[{"embeddable":true,"href":"https:\/\/aepetba.org.br\/v1\/wp-json\/wp\/v2\/users\/1"}],"replies":[{"embeddable":true,"href":"https:\/\/aepetba.org.br\/v1\/wp-json\/wp\/v2\/comments?post=42800"}],"version-history":[{"count":3,"href":"https:\/\/aepetba.org.br\/v1\/wp-json\/wp\/v2\/posts\/42800\/revisions"}],"predecessor-version":[{"id":42865,"href":"https:\/\/aepetba.org.br\/v1\/wp-json\/wp\/v2\/posts\/42800\/revisions\/42865"}],"wp:featuredmedia":[{"embeddable":true,"href":"https:\/\/aepetba.org.br\/v1\/wp-json\/wp\/v2\/media\/42864"}],"wp:attachment":[{"href":"https:\/\/aepetba.org.br\/v1\/wp-json\/wp\/v2\/media?parent=42800"}],"wp:term":[{"taxonomy":"category","embeddable":true,"href":"https:\/\/aepetba.org.br\/v1\/wp-json\/wp\/v2\/categories?post=42800"},{"taxonomy":"post_tag","embeddable":true,"href":"https:\/\/aepetba.org.br\/v1\/wp-json\/wp\/v2\/tags?post=42800"}],"curies":[{"name":"wp","href":"https:\/\/api.w.org\/{rel}","templated":true}]}}