{"id":43835,"date":"2024-04-02T08:01:28","date_gmt":"2024-04-02T11:01:28","guid":{"rendered":"https:\/\/aepetba.org.br\/v1\/?p=43835"},"modified":"2024-04-01T15:14:29","modified_gmt":"2024-04-01T18:14:29","slug":"luta-incansavel-pelo-ir-mais-progressivo","status":"publish","type":"post","link":"https:\/\/aepetba.org.br\/v1\/luta-incansavel-pelo-ir-mais-progressivo\/","title":{"rendered":"Luta incans\u00e1vel pelo IR mais progressivo"},"content":{"rendered":"<!--[if lt IE 9]><script>document.createElement('audio');<\/script><![endif]-->\n<audio class=\"wp-audio-shortcode\" id=\"audio-43835-1\" preload=\"none\" style=\"width: 100%;\" controls=\"controls\"><source type=\"audio\/mpeg\" src=\"https:\/\/aepetba.org.br\/v1\/wp-content\/uploads\/2024\/04\/Luta-incansavel-pelo-IR-mais-progressivo.mp3?_=1\" \/><source type=\"audio\/ogg\" src=\"https:\/\/aepetba.org.br\/v1\/wp-content\/uploads\/2024\/04\/Luta-incansavel-pelo-IR-mais-progressivo.ogg?_=1\" \/><a href=\"https:\/\/aepetba.org.br\/v1\/wp-content\/uploads\/2024\/04\/Luta-incansavel-pelo-IR-mais-progressivo.mp3\">https:\/\/aepetba.org.br\/v1\/wp-content\/uploads\/2024\/04\/Luta-incansavel-pelo-IR-mais-progressivo.mp3<\/a><\/audio>\n<p>&nbsp;<\/p>\n<p>A busca por um Imposto de Renda da Pessoa F\u00edsica (IRPF) mais equitativo e progressivo no Brasil continua sendo uma pauta incans\u00e1vel para diversos movimentos sociais. Hoje, a faixa de isen\u00e7\u00e3o para aqueles que recebem at\u00e9 dois sal\u00e1rios-m\u00ednimos, equivalente a R$ 2.824,00, foi expandida pelo governo neste ano. No entanto, para rendimentos acima desse limite, os contribuintes enfrentam al\u00edquotas que variam entre 7,5% e 27,5%.<\/p>\n<p>O sistema tribut\u00e1rio atual apresenta disparidades significativas, onde indiv\u00edduos com renda mensal superior a R$ 5.000,00 j\u00e1 se encontram na al\u00edquota m\u00e1xima. Isso significa que um trabalhador com uma renda m\u00e9dia acaba pagando uma propor\u00e7\u00e3o similar \u00e0quele que aufere valores mensais significativamente mais altos, como R$ 50 mil ou R$ 300 mil. Tal discrep\u00e2ncia \u00e9 alvo de cr\u00edticas por parte da Campanha Tributar os Super-Ricos.<\/p>\n<p>A promessa de ampliar a faixa de isen\u00e7\u00e3o do IRPF para R$ 5 mil, feita por Lula, \u00e9 destacada como uma necessidade urgente a ser cumprida. Al\u00e9m disso, h\u00e1 uma demanda por cria\u00e7\u00e3o de novas faixas de tributa\u00e7\u00e3o com al\u00edquotas superiores para os estratos de renda mais elevados. O lema &#8220;Imposto n\u00e3o pago \u00e9 riqueza indevida acumulada&#8221; ressoa nesse contexto, enfatizando a import\u00e2ncia de uma tributa\u00e7\u00e3o justa e proporcional.<\/p>\n<p>Uma das principais preocupa\u00e7\u00f5es est\u00e1 relacionada aos super-ricos, que n\u00e3o dependem exclusivamente de sal\u00e1rios para sua renda, muitas vezes recebendo lucros e dividendos de suas pr\u00f3prias empresas ou de investimentos. Surpreendentemente, esses proventos s\u00e3o isentos de tributa\u00e7\u00e3o, o que significa que indiv\u00edduos com rendimentos mensais acima de R$ 500 mil acabam pagando apenas 5% em impostos, conforme apontam c\u00e1lculos do Instituto Justi\u00e7a Fiscal.<\/p>\n<p>Diante desse cen\u00e1rio, a mobiliza\u00e7\u00e3o dos movimentos sociais persiste, clamando por uma reforma tribut\u00e1ria que n\u00e3o apenas corrija as distor\u00e7\u00f5es existentes, mas tamb\u00e9m promova uma distribui\u00e7\u00e3o mais justa da carga tribut\u00e1ria, garantindo que aqueles que possuem maiores capacidades contributivas arquem com sua parcela justa de impostos.<\/p>\n","protected":false},"excerpt":{"rendered":"<p>&nbsp; A busca por um Imposto de Renda da Pessoa F\u00edsica (IRPF) mais equitativo e progressivo no Brasil continua sendo uma pauta incans\u00e1vel para diversos movimentos sociais. Hoje, a faixa de isen\u00e7\u00e3o para aqueles que recebem at\u00e9 dois sal\u00e1rios-m\u00ednimos, equivalente&#8230;<\/p>\n","protected":false},"author":1,"featured_media":43836,"comment_status":"closed","ping_status":"closed","sticky":false,"template":"","format":"standard","meta":[],"categories":[5],"tags":[],"yoast_head":"<!-- This site is optimized with the Yoast SEO plugin v19.3 - https:\/\/yoast.com\/wordpress\/plugins\/seo\/ -->\n<title>Luta incans\u00e1vel pelo IR mais progressivo<\/title>\n<meta name=\"description\" content=\"A busca por um Imposto de Renda da Pessoa F\u00edsica (IRPF) mais equitativo e progressivo no Brasil continua sendo uma pauta incans\u00e1vel para diversos movimentos sociais, que lan\u00e7aram a campanha Tributar os Super-Ricos; leia mais\" \/>\n<meta name=\"robots\" content=\"index, follow, max-snippet:-1, max-image-preview:large, max-video-preview:-1\" \/>\n<link rel=\"canonical\" href=\"https:\/\/aepetba.org.br\/v1\/luta-incansavel-pelo-ir-mais-progressivo\/\" \/>\n<meta property=\"og:locale\" content=\"pt_BR\" \/>\n<meta property=\"og:type\" content=\"article\" \/>\n<meta property=\"og:title\" content=\"Luta incans\u00e1vel pelo IR mais progressivo\" \/>\n<meta property=\"og:description\" content=\"A busca por um Imposto de Renda da Pessoa F\u00edsica (IRPF) mais equitativo e progressivo no Brasil continua sendo uma pauta incans\u00e1vel para diversos movimentos sociais, que lan\u00e7aram a campanha Tributar os Super-Ricos; leia mais\" \/>\n<meta property=\"og:url\" content=\"https:\/\/aepetba.org.br\/v1\/luta-incansavel-pelo-ir-mais-progressivo\/\" \/>\n<meta property=\"og:site_name\" content=\"AEPET N\u00daCLEO BAHIA\" \/>\n<meta property=\"article:publisher\" content=\"https:\/\/web.facebook.com\/aepetba\" \/>\n<meta property=\"article:published_time\" content=\"2024-04-02T11:01:28+00:00\" \/>\n<meta property=\"article:modified_time\" content=\"2024-04-01T18:14:29+00:00\" \/>\n<meta property=\"og:image\" content=\"https:\/\/aepetba.org.br\/v1\/wp-content\/uploads\/2024\/04\/Luta-incansavel-pelo-IR-mais-progressivo-AEPET-BAHIA.jpg\" \/>\n\t<meta property=\"og:image:width\" content=\"1080\" \/>\n\t<meta property=\"og:image:height\" content=\"942\" \/>\n\t<meta property=\"og:image:type\" content=\"image\/jpeg\" \/>\n<meta name=\"author\" content=\"AEPETBA\" \/>\n<meta name=\"twitter:card\" content=\"summary_large_image\" \/>\n<meta name=\"twitter:creator\" content=\"@aepetbahia\" \/>\n<meta name=\"twitter:site\" content=\"@aepetbahia\" \/>\n<meta name=\"twitter:label1\" content=\"Escrito por\" \/>\n\t<meta name=\"twitter:data1\" content=\"AEPETBA\" \/>\n\t<meta name=\"twitter:label2\" content=\"Est. tempo de leitura\" \/>\n\t<meta name=\"twitter:data2\" content=\"2 minutos\" \/>\n<script type=\"application\/ld+json\" class=\"yoast-schema-graph\">{\"@context\":\"https:\/\/schema.org\",\"@graph\":[{\"@type\":\"Organization\",\"@id\":\"https:\/\/aepetba.org.br\/v1\/#organization\",\"name\":\"AEPET N\u00facleo Bahia\",\"url\":\"https:\/\/aepetba.org.br\/v1\/\",\"sameAs\":[\"https:\/\/www.instagram.com\/aepetbahia\/\",\"https:\/\/www.youtube.com\/c\/AEPETBAHIA\",\"https:\/\/web.facebook.com\/aepetba\",\"https:\/\/twitter.com\/aepetbahia\"],\"logo\":{\"@type\":\"ImageObject\",\"inLanguage\":\"pt-BR\",\"@id\":\"https:\/\/aepetba.org.br\/v1\/#\/schema\/logo\/image\/\",\"url\":\"https:\/\/aepetba.org.br\/v1\/wp-content\/uploads\/revslider\/home\/logo-AEPETBA.png\",\"contentUrl\":\"https:\/\/aepetba.org.br\/v1\/wp-content\/uploads\/revslider\/home\/logo-AEPETBA.png\",\"width\":297,\"height\":86,\"caption\":\"AEPET N\u00facleo Bahia\"},\"image\":{\"@id\":\"https:\/\/aepetba.org.br\/v1\/#\/schema\/logo\/image\/\"}},{\"@type\":\"WebSite\",\"@id\":\"https:\/\/aepetba.org.br\/v1\/#website\",\"url\":\"https:\/\/aepetba.org.br\/v1\/\",\"name\":\"AEPET N\u00daCLEO BAHIA\",\"description\":\"Associa\u00e7\u00e3o dos Engenheiros da Petrobr\u00e1s N\u00facleo Bahia Petr\u00f3leo Bahia Salvador Nordeste \",\"publisher\":{\"@id\":\"https:\/\/aepetba.org.br\/v1\/#organization\"},\"potentialAction\":[{\"@type\":\"SearchAction\",\"target\":{\"@type\":\"EntryPoint\",\"urlTemplate\":\"https:\/\/aepetba.org.br\/v1\/?s={search_term_string}\"},\"query-input\":\"required name=search_term_string\"}],\"inLanguage\":\"pt-BR\"},{\"@type\":\"ImageObject\",\"inLanguage\":\"pt-BR\",\"@id\":\"https:\/\/aepetba.org.br\/v1\/luta-incansavel-pelo-ir-mais-progressivo\/#primaryimage\",\"url\":\"https:\/\/aepetba.org.br\/v1\/wp-content\/uploads\/2024\/04\/Luta-incansavel-pelo-IR-mais-progressivo-AEPET-BAHIA.jpg\",\"contentUrl\":\"https:\/\/aepetba.org.br\/v1\/wp-content\/uploads\/2024\/04\/Luta-incansavel-pelo-IR-mais-progressivo-AEPET-BAHIA.jpg\",\"width\":1080,\"height\":942,\"caption\":\"AEPET BAHIA Card - 20\"},{\"@type\":\"WebPage\",\"@id\":\"https:\/\/aepetba.org.br\/v1\/luta-incansavel-pelo-ir-mais-progressivo\/\",\"url\":\"https:\/\/aepetba.org.br\/v1\/luta-incansavel-pelo-ir-mais-progressivo\/\",\"name\":\"Luta incans\u00e1vel pelo IR mais progressivo\",\"isPartOf\":{\"@id\":\"https:\/\/aepetba.org.br\/v1\/#website\"},\"primaryImageOfPage\":{\"@id\":\"https:\/\/aepetba.org.br\/v1\/luta-incansavel-pelo-ir-mais-progressivo\/#primaryimage\"},\"datePublished\":\"2024-04-02T11:01:28+00:00\",\"dateModified\":\"2024-04-01T18:14:29+00:00\",\"description\":\"A busca por um Imposto de Renda da Pessoa F\u00edsica (IRPF) mais equitativo e progressivo no Brasil continua sendo uma pauta incans\u00e1vel para diversos movimentos sociais, que lan\u00e7aram a campanha Tributar os Super-Ricos; leia mais\",\"breadcrumb\":{\"@id\":\"https:\/\/aepetba.org.br\/v1\/luta-incansavel-pelo-ir-mais-progressivo\/#breadcrumb\"},\"inLanguage\":\"pt-BR\",\"potentialAction\":[{\"@type\":\"ReadAction\",\"target\":[\"https:\/\/aepetba.org.br\/v1\/luta-incansavel-pelo-ir-mais-progressivo\/\"]}]},{\"@type\":\"BreadcrumbList\",\"@id\":\"https:\/\/aepetba.org.br\/v1\/luta-incansavel-pelo-ir-mais-progressivo\/#breadcrumb\",\"itemListElement\":[{\"@type\":\"ListItem\",\"position\":1,\"name\":\"In\u00edcio\",\"item\":\"https:\/\/aepetba.org.br\/v1\/\"},{\"@type\":\"ListItem\",\"position\":2,\"name\":\"Luta incans\u00e1vel pelo IR mais progressivo\"}]},{\"@type\":\"Article\",\"@id\":\"https:\/\/aepetba.org.br\/v1\/luta-incansavel-pelo-ir-mais-progressivo\/#article\",\"isPartOf\":{\"@id\":\"https:\/\/aepetba.org.br\/v1\/luta-incansavel-pelo-ir-mais-progressivo\/\"},\"author\":{\"name\":\"AEPETBA\",\"@id\":\"https:\/\/aepetba.org.br\/v1\/#\/schema\/person\/3504208f89f3f50e1526867ebb573b88\"},\"headline\":\"Luta incans\u00e1vel pelo IR mais progressivo\",\"datePublished\":\"2024-04-02T11:01:28+00:00\",\"dateModified\":\"2024-04-01T18:14:29+00:00\",\"mainEntityOfPage\":{\"@id\":\"https:\/\/aepetba.org.br\/v1\/luta-incansavel-pelo-ir-mais-progressivo\/\"},\"wordCount\":365,\"publisher\":{\"@id\":\"https:\/\/aepetba.org.br\/v1\/#organization\"},\"image\":{\"@id\":\"https:\/\/aepetba.org.br\/v1\/luta-incansavel-pelo-ir-mais-progressivo\/#primaryimage\"},\"thumbnailUrl\":\"https:\/\/aepetba.org.br\/v1\/wp-content\/uploads\/2024\/04\/Luta-incansavel-pelo-IR-mais-progressivo-AEPET-BAHIA.jpg\",\"articleSection\":[\"Coluna do Associado\"],\"inLanguage\":\"pt-BR\"},{\"@type\":\"Person\",\"@id\":\"https:\/\/aepetba.org.br\/v1\/#\/schema\/person\/3504208f89f3f50e1526867ebb573b88\",\"name\":\"AEPETBA\",\"image\":{\"@type\":\"ImageObject\",\"inLanguage\":\"pt-BR\",\"@id\":\"https:\/\/aepetba.org.br\/v1\/#\/schema\/person\/image\/\",\"url\":\"https:\/\/secure.gravatar.com\/avatar\/3e6e1bf98c38137fc6b937d21e974714?s=96&d=mm&r=g\",\"contentUrl\":\"https:\/\/secure.gravatar.com\/avatar\/3e6e1bf98c38137fc6b937d21e974714?s=96&d=mm&r=g\",\"caption\":\"AEPETBA\"},\"sameAs\":[\"http:\/\/aepetba.org.br\/v1\"],\"url\":\"https:\/\/aepetba.org.br\/v1\/author\/lubconsultoria\/\"}]}<\/script>\n<!-- \/ Yoast SEO plugin. -->","yoast_head_json":{"title":"Luta incans\u00e1vel pelo IR mais progressivo","description":"A busca por um Imposto de Renda da Pessoa F\u00edsica (IRPF) mais equitativo e progressivo no Brasil continua sendo uma pauta incans\u00e1vel para diversos movimentos sociais, que lan\u00e7aram a campanha Tributar os Super-Ricos; leia mais","robots":{"index":"index","follow":"follow","max-snippet":"max-snippet:-1","max-image-preview":"max-image-preview:large","max-video-preview":"max-video-preview:-1"},"canonical":"https:\/\/aepetba.org.br\/v1\/luta-incansavel-pelo-ir-mais-progressivo\/","og_locale":"pt_BR","og_type":"article","og_title":"Luta incans\u00e1vel pelo IR mais progressivo","og_description":"A busca por um Imposto de Renda da Pessoa F\u00edsica (IRPF) mais equitativo e progressivo no Brasil continua sendo uma pauta incans\u00e1vel para diversos movimentos sociais, que lan\u00e7aram a campanha Tributar os Super-Ricos; leia mais","og_url":"https:\/\/aepetba.org.br\/v1\/luta-incansavel-pelo-ir-mais-progressivo\/","og_site_name":"AEPET N\u00daCLEO BAHIA","article_publisher":"https:\/\/web.facebook.com\/aepetba","article_published_time":"2024-04-02T11:01:28+00:00","article_modified_time":"2024-04-01T18:14:29+00:00","og_image":[{"width":1080,"height":942,"url":"https:\/\/aepetba.org.br\/v1\/wp-content\/uploads\/2024\/04\/Luta-incansavel-pelo-IR-mais-progressivo-AEPET-BAHIA.jpg","type":"image\/jpeg"}],"author":"AEPETBA","twitter_card":"summary_large_image","twitter_creator":"@aepetbahia","twitter_site":"@aepetbahia","twitter_misc":{"Escrito por":"AEPETBA","Est. tempo de leitura":"2 minutos"},"schema":{"@context":"https:\/\/schema.org","@graph":[{"@type":"Organization","@id":"https:\/\/aepetba.org.br\/v1\/#organization","name":"AEPET N\u00facleo Bahia","url":"https:\/\/aepetba.org.br\/v1\/","sameAs":["https:\/\/www.instagram.com\/aepetbahia\/","https:\/\/www.youtube.com\/c\/AEPETBAHIA","https:\/\/web.facebook.com\/aepetba","https:\/\/twitter.com\/aepetbahia"],"logo":{"@type":"ImageObject","inLanguage":"pt-BR","@id":"https:\/\/aepetba.org.br\/v1\/#\/schema\/logo\/image\/","url":"https:\/\/aepetba.org.br\/v1\/wp-content\/uploads\/revslider\/home\/logo-AEPETBA.png","contentUrl":"https:\/\/aepetba.org.br\/v1\/wp-content\/uploads\/revslider\/home\/logo-AEPETBA.png","width":297,"height":86,"caption":"AEPET N\u00facleo Bahia"},"image":{"@id":"https:\/\/aepetba.org.br\/v1\/#\/schema\/logo\/image\/"}},{"@type":"WebSite","@id":"https:\/\/aepetba.org.br\/v1\/#website","url":"https:\/\/aepetba.org.br\/v1\/","name":"AEPET N\u00daCLEO BAHIA","description":"Associa\u00e7\u00e3o dos Engenheiros da Petrobr\u00e1s N\u00facleo Bahia Petr\u00f3leo Bahia Salvador Nordeste ","publisher":{"@id":"https:\/\/aepetba.org.br\/v1\/#organization"},"potentialAction":[{"@type":"SearchAction","target":{"@type":"EntryPoint","urlTemplate":"https:\/\/aepetba.org.br\/v1\/?s={search_term_string}"},"query-input":"required name=search_term_string"}],"inLanguage":"pt-BR"},{"@type":"ImageObject","inLanguage":"pt-BR","@id":"https:\/\/aepetba.org.br\/v1\/luta-incansavel-pelo-ir-mais-progressivo\/#primaryimage","url":"https:\/\/aepetba.org.br\/v1\/wp-content\/uploads\/2024\/04\/Luta-incansavel-pelo-IR-mais-progressivo-AEPET-BAHIA.jpg","contentUrl":"https:\/\/aepetba.org.br\/v1\/wp-content\/uploads\/2024\/04\/Luta-incansavel-pelo-IR-mais-progressivo-AEPET-BAHIA.jpg","width":1080,"height":942,"caption":"AEPET BAHIA Card - 20"},{"@type":"WebPage","@id":"https:\/\/aepetba.org.br\/v1\/luta-incansavel-pelo-ir-mais-progressivo\/","url":"https:\/\/aepetba.org.br\/v1\/luta-incansavel-pelo-ir-mais-progressivo\/","name":"Luta incans\u00e1vel pelo IR mais progressivo","isPartOf":{"@id":"https:\/\/aepetba.org.br\/v1\/#website"},"primaryImageOfPage":{"@id":"https:\/\/aepetba.org.br\/v1\/luta-incansavel-pelo-ir-mais-progressivo\/#primaryimage"},"datePublished":"2024-04-02T11:01:28+00:00","dateModified":"2024-04-01T18:14:29+00:00","description":"A busca por um Imposto de Renda da Pessoa F\u00edsica (IRPF) mais equitativo e progressivo no Brasil continua sendo uma pauta incans\u00e1vel para diversos movimentos sociais, que lan\u00e7aram a campanha Tributar os Super-Ricos; leia mais","breadcrumb":{"@id":"https:\/\/aepetba.org.br\/v1\/luta-incansavel-pelo-ir-mais-progressivo\/#breadcrumb"},"inLanguage":"pt-BR","potentialAction":[{"@type":"ReadAction","target":["https:\/\/aepetba.org.br\/v1\/luta-incansavel-pelo-ir-mais-progressivo\/"]}]},{"@type":"BreadcrumbList","@id":"https:\/\/aepetba.org.br\/v1\/luta-incansavel-pelo-ir-mais-progressivo\/#breadcrumb","itemListElement":[{"@type":"ListItem","position":1,"name":"In\u00edcio","item":"https:\/\/aepetba.org.br\/v1\/"},{"@type":"ListItem","position":2,"name":"Luta incans\u00e1vel pelo IR mais progressivo"}]},{"@type":"Article","@id":"https:\/\/aepetba.org.br\/v1\/luta-incansavel-pelo-ir-mais-progressivo\/#article","isPartOf":{"@id":"https:\/\/aepetba.org.br\/v1\/luta-incansavel-pelo-ir-mais-progressivo\/"},"author":{"name":"AEPETBA","@id":"https:\/\/aepetba.org.br\/v1\/#\/schema\/person\/3504208f89f3f50e1526867ebb573b88"},"headline":"Luta incans\u00e1vel pelo IR mais progressivo","datePublished":"2024-04-02T11:01:28+00:00","dateModified":"2024-04-01T18:14:29+00:00","mainEntityOfPage":{"@id":"https:\/\/aepetba.org.br\/v1\/luta-incansavel-pelo-ir-mais-progressivo\/"},"wordCount":365,"publisher":{"@id":"https:\/\/aepetba.org.br\/v1\/#organization"},"image":{"@id":"https:\/\/aepetba.org.br\/v1\/luta-incansavel-pelo-ir-mais-progressivo\/#primaryimage"},"thumbnailUrl":"https:\/\/aepetba.org.br\/v1\/wp-content\/uploads\/2024\/04\/Luta-incansavel-pelo-IR-mais-progressivo-AEPET-BAHIA.jpg","articleSection":["Coluna do Associado"],"inLanguage":"pt-BR"},{"@type":"Person","@id":"https:\/\/aepetba.org.br\/v1\/#\/schema\/person\/3504208f89f3f50e1526867ebb573b88","name":"AEPETBA","image":{"@type":"ImageObject","inLanguage":"pt-BR","@id":"https:\/\/aepetba.org.br\/v1\/#\/schema\/person\/image\/","url":"https:\/\/secure.gravatar.com\/avatar\/3e6e1bf98c38137fc6b937d21e974714?s=96&d=mm&r=g","contentUrl":"https:\/\/secure.gravatar.com\/avatar\/3e6e1bf98c38137fc6b937d21e974714?s=96&d=mm&r=g","caption":"AEPETBA"},"sameAs":["http:\/\/aepetba.org.br\/v1"],"url":"https:\/\/aepetba.org.br\/v1\/author\/lubconsultoria\/"}]}},"_links":{"self":[{"href":"https:\/\/aepetba.org.br\/v1\/wp-json\/wp\/v2\/posts\/43835"}],"collection":[{"href":"https:\/\/aepetba.org.br\/v1\/wp-json\/wp\/v2\/posts"}],"about":[{"href":"https:\/\/aepetba.org.br\/v1\/wp-json\/wp\/v2\/types\/post"}],"author":[{"embeddable":true,"href":"https:\/\/aepetba.org.br\/v1\/wp-json\/wp\/v2\/users\/1"}],"replies":[{"embeddable":true,"href":"https:\/\/aepetba.org.br\/v1\/wp-json\/wp\/v2\/comments?post=43835"}],"version-history":[{"count":1,"href":"https:\/\/aepetba.org.br\/v1\/wp-json\/wp\/v2\/posts\/43835\/revisions"}],"predecessor-version":[{"id":43839,"href":"https:\/\/aepetba.org.br\/v1\/wp-json\/wp\/v2\/posts\/43835\/revisions\/43839"}],"wp:featuredmedia":[{"embeddable":true,"href":"https:\/\/aepetba.org.br\/v1\/wp-json\/wp\/v2\/media\/43836"}],"wp:attachment":[{"href":"https:\/\/aepetba.org.br\/v1\/wp-json\/wp\/v2\/media?parent=43835"}],"wp:term":[{"taxonomy":"category","embeddable":true,"href":"https:\/\/aepetba.org.br\/v1\/wp-json\/wp\/v2\/categories?post=43835"},{"taxonomy":"post_tag","embeddable":true,"href":"https:\/\/aepetba.org.br\/v1\/wp-json\/wp\/v2\/tags?post=43835"}],"curies":[{"name":"wp","href":"https:\/\/api.w.org\/{rel}","templated":true}]}}