{"id":45676,"date":"2024-11-28T09:56:21","date_gmt":"2024-11-28T12:56:21","guid":{"rendered":"https:\/\/aepetba.org.br\/v1\/?p=45676"},"modified":"2024-11-28T10:14:27","modified_gmt":"2024-11-28T13:14:27","slug":"e-hoje-participe-do-lancamento-do-curso-de-pos-graduacao-do-icl","status":"publish","type":"post","link":"https:\/\/aepetba.org.br\/v1\/e-hoje-participe-do-lancamento-do-curso-de-pos-graduacao-do-icl\/","title":{"rendered":"\u00c9 hoje: Participe do lan\u00e7amento do curso de p\u00f3s-gradua\u00e7\u00e3o do ICL"},"content":{"rendered":"<!--[if lt IE 9]><script>document.createElement('audio');<\/script><![endif]-->\n<audio class=\"wp-audio-shortcode\" id=\"audio-45676-1\" preload=\"none\" style=\"width: 100%;\" controls=\"controls\"><source type=\"audio\/mpeg\" src=\"https:\/\/aepetba.org.br\/v1\/wp-content\/uploads\/2024\/11\/Participe-do-lancamento-do-curso-de-pos-graduacao-do-ICL.mp3?_=1\" \/><source type=\"audio\/ogg\" src=\"https:\/\/aepetba.org.br\/v1\/wp-content\/uploads\/2024\/11\/Participe-do-lancamento-do-curso-de-pos-graduacao-do-ICL.ogg?_=1\" \/><a href=\"https:\/\/aepetba.org.br\/v1\/wp-content\/uploads\/2024\/11\/Participe-do-lancamento-do-curso-de-pos-graduacao-do-ICL.mp3\">https:\/\/aepetba.org.br\/v1\/wp-content\/uploads\/2024\/11\/Participe-do-lancamento-do-curso-de-pos-graduacao-do-ICL.mp3<\/a><\/audio>\n<blockquote><p>Curso \u00e9 parceria entre o instituto e renomada funda\u00e7\u00e3o, a FESPSP<\/p><\/blockquote>\n<p>Parceiro da AEPET-BA, ICL lan\u00e7a primeiro curso de p\u00f3s-gradua\u00e7\u00e3o em parceria com FESPSP. Focado em desenvolver o pensamento cr\u00edtico\u00a0 e conectar as pessoas a ideias que as levem a mudar realidades, o lan\u00e7amento acontece no dia 28\/11 \u00e0s 20h e pode ser acompanhado pela internet gratuitamente.<\/p>\n<p>O curso \u00e9 uma parceria entre a FESPSP &#8211; Funda\u00e7\u00e3o Escola de Sociologia e Pol\u00edtica de S\u00e3o Paulo, que \u00e9 a maior e mais prestigiada escola de sociologia e pol\u00edtica do Brasil, e o Instituto Conhecimento Liberta (ICL), \u00e9 tamb\u00e9m descrito pelo instituto como \u201cA forma\u00e7\u00e3o mais cr\u00edtica, revolucion\u00e1ria e essencial para entender o Brasil&#8221;.<\/p>\n<p>Segundo o Instituto, o curso busca capacitar os estudantes para que eles tenham profundidade de an\u00e1lise e conhecimento, visando aprimoramento do pensamento cr\u00edtico, e com isso, essas pessoas possam causar impacto social e acad\u00eamico, e consequentemente possam desenvolver uma rede de conhecimento.<\/p>\n<p>No lan\u00e7amento estar\u00e3o presentes o soci\u00f3logo e professor Jess\u00e9 Souza, autor de obras como \u201cA elite do Atraso\u201d e \u201cO Pobre de direita\u201d, e o fundador do ICL, Eduardo moreira, que tamb\u00e9m apresenta o notici\u00e1rio matinal ICL Not\u00edcias, no YouTube.<\/p>\n<p>As pessoas que estiverem presentes na transmiss\u00e3o de lan\u00e7amento ter\u00e3o condi\u00e7\u00f5es especiais e pre\u00e7os exclusivos caso desejem ingressar no curso. O diploma \u00e9 emitido pela FESPSP e \u00e9 reconhecido pelo Minist\u00e9rio da Educa\u00e7\u00e3o (MEC).<\/p>\n<p>Para garantir sua vaga e mais informa\u00e7\u00f5es, acesse o site: <strong><span style=\"text-decoration: underline;\"><em><a href=\"https:\/\/iclpos.com.br\/\" target=\"_blank\" rel=\"noopener\">https:\/\/iclpos.com.br\/<\/a><\/em><\/span><\/strong><\/p>\n","protected":false},"excerpt":{"rendered":"<p>Curso \u00e9 parceria entre o instituto e renomada funda\u00e7\u00e3o, a FESPSP Parceiro da AEPET-BA, ICL lan\u00e7a primeiro curso de p\u00f3s-gradua\u00e7\u00e3o em parceria com FESPSP. Focado em desenvolver o pensamento cr\u00edtico\u00a0 e conectar as pessoas a ideias que as levem a&#8230;<\/p>\n","protected":false},"author":1,"featured_media":45677,"comment_status":"closed","ping_status":"closed","sticky":false,"template":"","format":"standard","meta":[],"categories":[5,224,87,10],"tags":[],"yoast_head":"<!-- This site is optimized with the Yoast SEO plugin v19.3 - https:\/\/yoast.com\/wordpress\/plugins\/seo\/ -->\n<title>\u00c9 hoje: Participe do lan\u00e7amento do curso de p\u00f3s-gradua\u00e7\u00e3o do ICL<\/title>\n<meta name=\"description\" content=\"Hoje \u00e9 o dia: lan\u00e7amento do curso de p\u00f3s-gradua\u00e7\u00e3o ICL e FESPSP! Venha transformar realidades com pensamento cr\u00edtico. Participe gratuitamente \u00e0s 20h, com Jess\u00e9 Souza e Eduardo Moreira. Saiba mais e inscreva-se\" \/>\n<meta name=\"robots\" content=\"index, follow, max-snippet:-1, max-image-preview:large, max-video-preview:-1\" \/>\n<link rel=\"canonical\" href=\"https:\/\/aepetba.org.br\/v1\/e-hoje-participe-do-lancamento-do-curso-de-pos-graduacao-do-icl\/\" \/>\n<meta property=\"og:locale\" content=\"pt_BR\" \/>\n<meta property=\"og:type\" content=\"article\" \/>\n<meta property=\"og:title\" content=\"\u00c9 hoje: Participe do lan\u00e7amento do curso de p\u00f3s-gradua\u00e7\u00e3o do ICL\" \/>\n<meta property=\"og:description\" content=\"Hoje \u00e9 o dia: lan\u00e7amento do curso de p\u00f3s-gradua\u00e7\u00e3o ICL e FESPSP! Venha transformar realidades com pensamento cr\u00edtico. Participe gratuitamente \u00e0s 20h, com Jess\u00e9 Souza e Eduardo Moreira. Saiba mais e inscreva-se\" \/>\n<meta property=\"og:url\" content=\"https:\/\/aepetba.org.br\/v1\/e-hoje-participe-do-lancamento-do-curso-de-pos-graduacao-do-icl\/\" \/>\n<meta property=\"og:site_name\" content=\"AEPET N\u00daCLEO BAHIA\" \/>\n<meta property=\"article:publisher\" content=\"https:\/\/web.facebook.com\/aepetba\" \/>\n<meta property=\"article:published_time\" content=\"2024-11-28T12:56:21+00:00\" \/>\n<meta property=\"article:modified_time\" content=\"2024-11-28T13:14:27+00:00\" \/>\n<meta property=\"og:image\" content=\"https:\/\/aepetba.org.br\/v1\/wp-content\/uploads\/2024\/11\/Participe-do-lancamento-do-curso-de-pos-graduacao-do-ICL-AEPET-BAHIA.jpg\" \/>\n\t<meta property=\"og:image:width\" content=\"1080\" \/>\n\t<meta property=\"og:image:height\" content=\"958\" \/>\n\t<meta property=\"og:image:type\" content=\"image\/jpeg\" \/>\n<meta name=\"author\" content=\"AEPETBA\" \/>\n<meta name=\"twitter:card\" content=\"summary_large_image\" \/>\n<meta name=\"twitter:creator\" content=\"@aepetbahia\" \/>\n<meta name=\"twitter:site\" content=\"@aepetbahia\" \/>\n<meta name=\"twitter:label1\" content=\"Escrito por\" \/>\n\t<meta name=\"twitter:data1\" content=\"AEPETBA\" \/>\n\t<meta name=\"twitter:label2\" content=\"Est. tempo de leitura\" \/>\n\t<meta name=\"twitter:data2\" content=\"2 minutos\" \/>\n<script type=\"application\/ld+json\" class=\"yoast-schema-graph\">{\"@context\":\"https:\/\/schema.org\",\"@graph\":[{\"@type\":\"Organization\",\"@id\":\"https:\/\/aepetba.org.br\/v1\/#organization\",\"name\":\"AEPET N\u00facleo Bahia\",\"url\":\"https:\/\/aepetba.org.br\/v1\/\",\"sameAs\":[\"https:\/\/www.instagram.com\/aepetbahia\/\",\"https:\/\/www.youtube.com\/c\/AEPETBAHIA\",\"https:\/\/web.facebook.com\/aepetba\",\"https:\/\/twitter.com\/aepetbahia\"],\"logo\":{\"@type\":\"ImageObject\",\"inLanguage\":\"pt-BR\",\"@id\":\"https:\/\/aepetba.org.br\/v1\/#\/schema\/logo\/image\/\",\"url\":\"https:\/\/aepetba.org.br\/v1\/wp-content\/uploads\/revslider\/home\/logo-AEPETBA.png\",\"contentUrl\":\"https:\/\/aepetba.org.br\/v1\/wp-content\/uploads\/revslider\/home\/logo-AEPETBA.png\",\"width\":297,\"height\":86,\"caption\":\"AEPET N\u00facleo Bahia\"},\"image\":{\"@id\":\"https:\/\/aepetba.org.br\/v1\/#\/schema\/logo\/image\/\"}},{\"@type\":\"WebSite\",\"@id\":\"https:\/\/aepetba.org.br\/v1\/#website\",\"url\":\"https:\/\/aepetba.org.br\/v1\/\",\"name\":\"AEPET N\u00daCLEO BAHIA\",\"description\":\"Associa\u00e7\u00e3o dos Engenheiros da Petrobr\u00e1s N\u00facleo Bahia Petr\u00f3leo Bahia Salvador Nordeste \",\"publisher\":{\"@id\":\"https:\/\/aepetba.org.br\/v1\/#organization\"},\"potentialAction\":[{\"@type\":\"SearchAction\",\"target\":{\"@type\":\"EntryPoint\",\"urlTemplate\":\"https:\/\/aepetba.org.br\/v1\/?s={search_term_string}\"},\"query-input\":\"required name=search_term_string\"}],\"inLanguage\":\"pt-BR\"},{\"@type\":\"ImageObject\",\"inLanguage\":\"pt-BR\",\"@id\":\"https:\/\/aepetba.org.br\/v1\/e-hoje-participe-do-lancamento-do-curso-de-pos-graduacao-do-icl\/#primaryimage\",\"url\":\"https:\/\/aepetba.org.br\/v1\/wp-content\/uploads\/2024\/11\/Participe-do-lancamento-do-curso-de-pos-graduacao-do-ICL-AEPET-BAHIA.jpg\",\"contentUrl\":\"https:\/\/aepetba.org.br\/v1\/wp-content\/uploads\/2024\/11\/Participe-do-lancamento-do-curso-de-pos-graduacao-do-ICL-AEPET-BAHIA.jpg\",\"width\":1080,\"height\":958,\"caption\":\"AEPET BAHIA Card - 34\"},{\"@type\":\"WebPage\",\"@id\":\"https:\/\/aepetba.org.br\/v1\/e-hoje-participe-do-lancamento-do-curso-de-pos-graduacao-do-icl\/\",\"url\":\"https:\/\/aepetba.org.br\/v1\/e-hoje-participe-do-lancamento-do-curso-de-pos-graduacao-do-icl\/\",\"name\":\"\u00c9 hoje: Participe do lan\u00e7amento do curso de p\u00f3s-gradua\u00e7\u00e3o do ICL\",\"isPartOf\":{\"@id\":\"https:\/\/aepetba.org.br\/v1\/#website\"},\"primaryImageOfPage\":{\"@id\":\"https:\/\/aepetba.org.br\/v1\/e-hoje-participe-do-lancamento-do-curso-de-pos-graduacao-do-icl\/#primaryimage\"},\"datePublished\":\"2024-11-28T12:56:21+00:00\",\"dateModified\":\"2024-11-28T13:14:27+00:00\",\"description\":\"Hoje \u00e9 o dia: lan\u00e7amento do curso de p\u00f3s-gradua\u00e7\u00e3o ICL e FESPSP! Venha transformar realidades com pensamento cr\u00edtico. Participe gratuitamente \u00e0s 20h, com Jess\u00e9 Souza e Eduardo Moreira. Saiba mais e inscreva-se\",\"breadcrumb\":{\"@id\":\"https:\/\/aepetba.org.br\/v1\/e-hoje-participe-do-lancamento-do-curso-de-pos-graduacao-do-icl\/#breadcrumb\"},\"inLanguage\":\"pt-BR\",\"potentialAction\":[{\"@type\":\"ReadAction\",\"target\":[\"https:\/\/aepetba.org.br\/v1\/e-hoje-participe-do-lancamento-do-curso-de-pos-graduacao-do-icl\/\"]}]},{\"@type\":\"BreadcrumbList\",\"@id\":\"https:\/\/aepetba.org.br\/v1\/e-hoje-participe-do-lancamento-do-curso-de-pos-graduacao-do-icl\/#breadcrumb\",\"itemListElement\":[{\"@type\":\"ListItem\",\"position\":1,\"name\":\"In\u00edcio\",\"item\":\"https:\/\/aepetba.org.br\/v1\/\"},{\"@type\":\"ListItem\",\"position\":2,\"name\":\"\u00c9 hoje: Participe do lan\u00e7amento do curso de p\u00f3s-gradua\u00e7\u00e3o do ICL\"}]},{\"@type\":\"Article\",\"@id\":\"https:\/\/aepetba.org.br\/v1\/e-hoje-participe-do-lancamento-do-curso-de-pos-graduacao-do-icl\/#article\",\"isPartOf\":{\"@id\":\"https:\/\/aepetba.org.br\/v1\/e-hoje-participe-do-lancamento-do-curso-de-pos-graduacao-do-icl\/\"},\"author\":{\"name\":\"AEPETBA\",\"@id\":\"https:\/\/aepetba.org.br\/v1\/#\/schema\/person\/3504208f89f3f50e1526867ebb573b88\"},\"headline\":\"\u00c9 hoje: Participe do lan\u00e7amento do curso de p\u00f3s-gradua\u00e7\u00e3o do ICL\",\"datePublished\":\"2024-11-28T12:56:21+00:00\",\"dateModified\":\"2024-11-28T13:14:27+00:00\",\"mainEntityOfPage\":{\"@id\":\"https:\/\/aepetba.org.br\/v1\/e-hoje-participe-do-lancamento-do-curso-de-pos-graduacao-do-icl\/\"},\"wordCount\":301,\"publisher\":{\"@id\":\"https:\/\/aepetba.org.br\/v1\/#organization\"},\"image\":{\"@id\":\"https:\/\/aepetba.org.br\/v1\/e-hoje-participe-do-lancamento-do-curso-de-pos-graduacao-do-icl\/#primaryimage\"},\"thumbnailUrl\":\"https:\/\/aepetba.org.br\/v1\/wp-content\/uploads\/2024\/11\/Participe-do-lancamento-do-curso-de-pos-graduacao-do-ICL-AEPET-BAHIA.jpg\",\"articleSection\":[\"Coluna do Associado\",\"Curso\",\"Destaque\",\"Not\u00edcias\"],\"inLanguage\":\"pt-BR\"},{\"@type\":\"Person\",\"@id\":\"https:\/\/aepetba.org.br\/v1\/#\/schema\/person\/3504208f89f3f50e1526867ebb573b88\",\"name\":\"AEPETBA\",\"image\":{\"@type\":\"ImageObject\",\"inLanguage\":\"pt-BR\",\"@id\":\"https:\/\/aepetba.org.br\/v1\/#\/schema\/person\/image\/\",\"url\":\"https:\/\/secure.gravatar.com\/avatar\/3e6e1bf98c38137fc6b937d21e974714?s=96&d=mm&r=g\",\"contentUrl\":\"https:\/\/secure.gravatar.com\/avatar\/3e6e1bf98c38137fc6b937d21e974714?s=96&d=mm&r=g\",\"caption\":\"AEPETBA\"},\"sameAs\":[\"http:\/\/aepetba.org.br\/v1\"],\"url\":\"https:\/\/aepetba.org.br\/v1\/author\/lubconsultoria\/\"}]}<\/script>\n<!-- \/ Yoast SEO plugin. -->","yoast_head_json":{"title":"\u00c9 hoje: Participe do lan\u00e7amento do curso de p\u00f3s-gradua\u00e7\u00e3o do ICL","description":"Hoje \u00e9 o dia: lan\u00e7amento do curso de p\u00f3s-gradua\u00e7\u00e3o ICL e FESPSP! Venha transformar realidades com pensamento cr\u00edtico. Participe gratuitamente \u00e0s 20h, com Jess\u00e9 Souza e Eduardo Moreira. Saiba mais e inscreva-se","robots":{"index":"index","follow":"follow","max-snippet":"max-snippet:-1","max-image-preview":"max-image-preview:large","max-video-preview":"max-video-preview:-1"},"canonical":"https:\/\/aepetba.org.br\/v1\/e-hoje-participe-do-lancamento-do-curso-de-pos-graduacao-do-icl\/","og_locale":"pt_BR","og_type":"article","og_title":"\u00c9 hoje: Participe do lan\u00e7amento do curso de p\u00f3s-gradua\u00e7\u00e3o do ICL","og_description":"Hoje \u00e9 o dia: lan\u00e7amento do curso de p\u00f3s-gradua\u00e7\u00e3o ICL e FESPSP! Venha transformar realidades com pensamento cr\u00edtico. Participe gratuitamente \u00e0s 20h, com Jess\u00e9 Souza e Eduardo Moreira. Saiba mais e inscreva-se","og_url":"https:\/\/aepetba.org.br\/v1\/e-hoje-participe-do-lancamento-do-curso-de-pos-graduacao-do-icl\/","og_site_name":"AEPET N\u00daCLEO BAHIA","article_publisher":"https:\/\/web.facebook.com\/aepetba","article_published_time":"2024-11-28T12:56:21+00:00","article_modified_time":"2024-11-28T13:14:27+00:00","og_image":[{"width":1080,"height":958,"url":"https:\/\/aepetba.org.br\/v1\/wp-content\/uploads\/2024\/11\/Participe-do-lancamento-do-curso-de-pos-graduacao-do-ICL-AEPET-BAHIA.jpg","type":"image\/jpeg"}],"author":"AEPETBA","twitter_card":"summary_large_image","twitter_creator":"@aepetbahia","twitter_site":"@aepetbahia","twitter_misc":{"Escrito por":"AEPETBA","Est. tempo de leitura":"2 minutos"},"schema":{"@context":"https:\/\/schema.org","@graph":[{"@type":"Organization","@id":"https:\/\/aepetba.org.br\/v1\/#organization","name":"AEPET N\u00facleo Bahia","url":"https:\/\/aepetba.org.br\/v1\/","sameAs":["https:\/\/www.instagram.com\/aepetbahia\/","https:\/\/www.youtube.com\/c\/AEPETBAHIA","https:\/\/web.facebook.com\/aepetba","https:\/\/twitter.com\/aepetbahia"],"logo":{"@type":"ImageObject","inLanguage":"pt-BR","@id":"https:\/\/aepetba.org.br\/v1\/#\/schema\/logo\/image\/","url":"https:\/\/aepetba.org.br\/v1\/wp-content\/uploads\/revslider\/home\/logo-AEPETBA.png","contentUrl":"https:\/\/aepetba.org.br\/v1\/wp-content\/uploads\/revslider\/home\/logo-AEPETBA.png","width":297,"height":86,"caption":"AEPET N\u00facleo Bahia"},"image":{"@id":"https:\/\/aepetba.org.br\/v1\/#\/schema\/logo\/image\/"}},{"@type":"WebSite","@id":"https:\/\/aepetba.org.br\/v1\/#website","url":"https:\/\/aepetba.org.br\/v1\/","name":"AEPET N\u00daCLEO BAHIA","description":"Associa\u00e7\u00e3o dos Engenheiros da Petrobr\u00e1s N\u00facleo Bahia Petr\u00f3leo Bahia Salvador Nordeste ","publisher":{"@id":"https:\/\/aepetba.org.br\/v1\/#organization"},"potentialAction":[{"@type":"SearchAction","target":{"@type":"EntryPoint","urlTemplate":"https:\/\/aepetba.org.br\/v1\/?s={search_term_string}"},"query-input":"required name=search_term_string"}],"inLanguage":"pt-BR"},{"@type":"ImageObject","inLanguage":"pt-BR","@id":"https:\/\/aepetba.org.br\/v1\/e-hoje-participe-do-lancamento-do-curso-de-pos-graduacao-do-icl\/#primaryimage","url":"https:\/\/aepetba.org.br\/v1\/wp-content\/uploads\/2024\/11\/Participe-do-lancamento-do-curso-de-pos-graduacao-do-ICL-AEPET-BAHIA.jpg","contentUrl":"https:\/\/aepetba.org.br\/v1\/wp-content\/uploads\/2024\/11\/Participe-do-lancamento-do-curso-de-pos-graduacao-do-ICL-AEPET-BAHIA.jpg","width":1080,"height":958,"caption":"AEPET BAHIA Card - 34"},{"@type":"WebPage","@id":"https:\/\/aepetba.org.br\/v1\/e-hoje-participe-do-lancamento-do-curso-de-pos-graduacao-do-icl\/","url":"https:\/\/aepetba.org.br\/v1\/e-hoje-participe-do-lancamento-do-curso-de-pos-graduacao-do-icl\/","name":"\u00c9 hoje: Participe do lan\u00e7amento do curso de p\u00f3s-gradua\u00e7\u00e3o do ICL","isPartOf":{"@id":"https:\/\/aepetba.org.br\/v1\/#website"},"primaryImageOfPage":{"@id":"https:\/\/aepetba.org.br\/v1\/e-hoje-participe-do-lancamento-do-curso-de-pos-graduacao-do-icl\/#primaryimage"},"datePublished":"2024-11-28T12:56:21+00:00","dateModified":"2024-11-28T13:14:27+00:00","description":"Hoje \u00e9 o dia: lan\u00e7amento do curso de p\u00f3s-gradua\u00e7\u00e3o ICL e FESPSP! Venha transformar realidades com pensamento cr\u00edtico. Participe gratuitamente \u00e0s 20h, com Jess\u00e9 Souza e Eduardo Moreira. Saiba mais e inscreva-se","breadcrumb":{"@id":"https:\/\/aepetba.org.br\/v1\/e-hoje-participe-do-lancamento-do-curso-de-pos-graduacao-do-icl\/#breadcrumb"},"inLanguage":"pt-BR","potentialAction":[{"@type":"ReadAction","target":["https:\/\/aepetba.org.br\/v1\/e-hoje-participe-do-lancamento-do-curso-de-pos-graduacao-do-icl\/"]}]},{"@type":"BreadcrumbList","@id":"https:\/\/aepetba.org.br\/v1\/e-hoje-participe-do-lancamento-do-curso-de-pos-graduacao-do-icl\/#breadcrumb","itemListElement":[{"@type":"ListItem","position":1,"name":"In\u00edcio","item":"https:\/\/aepetba.org.br\/v1\/"},{"@type":"ListItem","position":2,"name":"\u00c9 hoje: Participe do lan\u00e7amento do curso de p\u00f3s-gradua\u00e7\u00e3o do ICL"}]},{"@type":"Article","@id":"https:\/\/aepetba.org.br\/v1\/e-hoje-participe-do-lancamento-do-curso-de-pos-graduacao-do-icl\/#article","isPartOf":{"@id":"https:\/\/aepetba.org.br\/v1\/e-hoje-participe-do-lancamento-do-curso-de-pos-graduacao-do-icl\/"},"author":{"name":"AEPETBA","@id":"https:\/\/aepetba.org.br\/v1\/#\/schema\/person\/3504208f89f3f50e1526867ebb573b88"},"headline":"\u00c9 hoje: Participe do lan\u00e7amento do curso de p\u00f3s-gradua\u00e7\u00e3o do ICL","datePublished":"2024-11-28T12:56:21+00:00","dateModified":"2024-11-28T13:14:27+00:00","mainEntityOfPage":{"@id":"https:\/\/aepetba.org.br\/v1\/e-hoje-participe-do-lancamento-do-curso-de-pos-graduacao-do-icl\/"},"wordCount":301,"publisher":{"@id":"https:\/\/aepetba.org.br\/v1\/#organization"},"image":{"@id":"https:\/\/aepetba.org.br\/v1\/e-hoje-participe-do-lancamento-do-curso-de-pos-graduacao-do-icl\/#primaryimage"},"thumbnailUrl":"https:\/\/aepetba.org.br\/v1\/wp-content\/uploads\/2024\/11\/Participe-do-lancamento-do-curso-de-pos-graduacao-do-ICL-AEPET-BAHIA.jpg","articleSection":["Coluna do Associado","Curso","Destaque","Not\u00edcias"],"inLanguage":"pt-BR"},{"@type":"Person","@id":"https:\/\/aepetba.org.br\/v1\/#\/schema\/person\/3504208f89f3f50e1526867ebb573b88","name":"AEPETBA","image":{"@type":"ImageObject","inLanguage":"pt-BR","@id":"https:\/\/aepetba.org.br\/v1\/#\/schema\/person\/image\/","url":"https:\/\/secure.gravatar.com\/avatar\/3e6e1bf98c38137fc6b937d21e974714?s=96&d=mm&r=g","contentUrl":"https:\/\/secure.gravatar.com\/avatar\/3e6e1bf98c38137fc6b937d21e974714?s=96&d=mm&r=g","caption":"AEPETBA"},"sameAs":["http:\/\/aepetba.org.br\/v1"],"url":"https:\/\/aepetba.org.br\/v1\/author\/lubconsultoria\/"}]}},"_links":{"self":[{"href":"https:\/\/aepetba.org.br\/v1\/wp-json\/wp\/v2\/posts\/45676"}],"collection":[{"href":"https:\/\/aepetba.org.br\/v1\/wp-json\/wp\/v2\/posts"}],"about":[{"href":"https:\/\/aepetba.org.br\/v1\/wp-json\/wp\/v2\/types\/post"}],"author":[{"embeddable":true,"href":"https:\/\/aepetba.org.br\/v1\/wp-json\/wp\/v2\/users\/1"}],"replies":[{"embeddable":true,"href":"https:\/\/aepetba.org.br\/v1\/wp-json\/wp\/v2\/comments?post=45676"}],"version-history":[{"count":2,"href":"https:\/\/aepetba.org.br\/v1\/wp-json\/wp\/v2\/posts\/45676\/revisions"}],"predecessor-version":[{"id":45681,"href":"https:\/\/aepetba.org.br\/v1\/wp-json\/wp\/v2\/posts\/45676\/revisions\/45681"}],"wp:featuredmedia":[{"embeddable":true,"href":"https:\/\/aepetba.org.br\/v1\/wp-json\/wp\/v2\/media\/45677"}],"wp:attachment":[{"href":"https:\/\/aepetba.org.br\/v1\/wp-json\/wp\/v2\/media?parent=45676"}],"wp:term":[{"taxonomy":"category","embeddable":true,"href":"https:\/\/aepetba.org.br\/v1\/wp-json\/wp\/v2\/categories?post=45676"},{"taxonomy":"post_tag","embeddable":true,"href":"https:\/\/aepetba.org.br\/v1\/wp-json\/wp\/v2\/tags?post=45676"}],"curies":[{"name":"wp","href":"https:\/\/api.w.org\/{rel}","templated":true}]}}