{"id":48007,"date":"2026-04-30T16:55:32","date_gmt":"2026-04-30T19:55:32","guid":{"rendered":"https:\/\/aepetba.org.br\/v1\/?p=48007"},"modified":"2026-04-30T17:01:26","modified_gmt":"2026-04-30T20:01:26","slug":"1o-de-maio-em-salvador-aepet-ba-convoca-petroleiros-e-petroleiras-para-ato-no-farol-da-barra-em-defesa-de-direitos","status":"publish","type":"post","link":"https:\/\/aepetba.org.br\/v1\/1o-de-maio-em-salvador-aepet-ba-convoca-petroleiros-e-petroleiras-para-ato-no-farol-da-barra-em-defesa-de-direitos\/","title":{"rendered":"1\u00ba de Maio em Salvador: AEPET-BA convoca petroleiros e petroleiras para ato no Farol da Barra em defesa de direitos"},"content":{"rendered":"<!--[if lt IE 9]><script>document.createElement('audio');<\/script><![endif]-->\n<audio class=\"wp-audio-shortcode\" id=\"audio-48007-1\" preload=\"none\" style=\"width: 100%;\" controls=\"controls\"><source type=\"audio\/mpeg\" src=\"https:\/\/aepetba.org.br\/v1\/wp-content\/uploads\/2026\/04\/1o-de-Maio-em-Salvador-AEPET-BA-convoca-petroleiros-e-petroleiras-para-ato-no-Farol-da-Barra-em-defesa-de-direitos.mp3?_=1\" \/><source type=\"audio\/ogg\" src=\"https:\/\/aepetba.org.br\/v1\/wp-content\/uploads\/2026\/04\/1o-de-Maio-em-Salvador-AEPET-BA-convoca-petroleiros-e-petroleiras-para-ato-no-Farol-da-Barra-em-defesa-de-direitos.ogg?_=1\" \/><a href=\"https:\/\/aepetba.org.br\/v1\/wp-content\/uploads\/2026\/04\/1o-de-Maio-em-Salvador-AEPET-BA-convoca-petroleiros-e-petroleiras-para-ato-no-Farol-da-Barra-em-defesa-de-direitos.mp3\">https:\/\/aepetba.org.br\/v1\/wp-content\/uploads\/2026\/04\/1o-de-Maio-em-Salvador-AEPET-BA-convoca-petroleiros-e-petroleiras-para-ato-no-Farol-da-Barra-em-defesa-de-direitos.mp3<\/a><\/audio>\n<p>&nbsp;<\/p>\n<p>A AEPET-BA convoca petroleiros, petroleiras e toda a classe trabalhadora para participarem do ato pol\u00edtico-cultural em celebra\u00e7\u00e3o ao Dia do Trabalhador e da Trabalhadora, nesta sexta-feira, 1\u00ba de maio, no Farol da Barra, em Salvador.<\/p>\n<p>A mobiliza\u00e7\u00e3o integra a agenda nacional de lutas que ocorre em diversas cidades do pa\u00eds e refor\u00e7a a import\u00e2ncia da organiza\u00e7\u00e3o popular em defesa dos direitos trabalhistas, especialmente em um momento de intensos debates no Congresso Nacional sobre o fim da escala 6&#215;1 sem redu\u00e7\u00e3o salarial.<\/p>\n<p>A programa\u00e7\u00e3o ter\u00e1 in\u00edcio logo cedo, com uma corrida no percurso Barra\u2013Ondina\u2013Barra, a partir das 7h. Ao longo do dia, o p\u00fablico poder\u00e1 participar do ato pol\u00edtico, que contar\u00e1 com a presen\u00e7a de centrais sindicais, movimentos sociais e entidades representativas, al\u00e9m de atividades culturais, incluindo apresenta\u00e7\u00e3o da banda Olodum.<\/p>\n<h2><strong>Fim da escala 6&#215;1 \u00e9 pauta central<\/strong><\/h2>\n<p>Neste ano, a principal bandeira levada \u00e0s ruas \u00e9 o fim da escala 6&#215;1, com a implementa\u00e7\u00e3o do regime 5&#215;2 sem redu\u00e7\u00e3o salarial. O tema ganhou for\u00e7a ap\u00f3s avan\u00e7os recentes no Congresso Nacional, como a aprova\u00e7\u00e3o, na Comiss\u00e3o de Constitui\u00e7\u00e3o e Justi\u00e7a da C\u00e2mara, de propostas que tratam da redu\u00e7\u00e3o da jornada de trabalho.<\/p>\n<p>Entre elas est\u00e3o a PEC 221\/2019, que prev\u00ea a redu\u00e7\u00e3o gradual da jornada semanal de 44 para 36 horas, e a PEC 8\/2025, al\u00e9m do Projeto de Lei 1838\/2026, enviado pelo presidente Lula em regime de urg\u00eancia e que precisa ser votado at\u00e9 o fim de maio. A press\u00e3o popular \u00e9 considerada decisiva para garantir que essas propostas avancem.<\/p>\n<h2><strong>Outras pautas da classe trabalhadora<\/strong><\/h2>\n<p>Al\u00e9m da luta por uma jornada mais justa, outras reivindica\u00e7\u00f5es estar\u00e3o no centro das mobiliza\u00e7\u00f5es do 1\u00ba de Maio:<\/p>\n<ul>\n<li>Igualdade salarial entre homens e mulheres na mesma fun\u00e7\u00e3o<\/li>\n<li>Combate ao feminic\u00eddio e a todas as formas de viol\u00eancia<\/li>\n<li>Enfrentamento \u00e0 pejotiza\u00e7\u00e3o e \u00e0 precariza\u00e7\u00e3o do trabalho<\/li>\n<li>Fortalecimento da negocia\u00e7\u00e3o coletiva<\/li>\n<li>Garantia do direito de negocia\u00e7\u00e3o para servidores p\u00fablicos<\/li>\n<li>Regulamenta\u00e7\u00e3o do trabalho por aplicativos, com direitos e prote\u00e7\u00e3o social<\/li>\n<li>Reforma agr\u00e1ria e fortalecimento da agricultura familiar<\/li>\n<\/ul>\n<p>Essas pautas foram debatidas recentemente durante a Confer\u00eancia Nacional da Classe Trabalhadora (Conclat) e a Marcha da Classe Trabalhadora, realizadas em Bras\u00edlia, que reuniram milhares de trabalhadores e refor\u00e7aram a unidade nacional em torno dessas demandas.<\/p>\n<h2><strong>Mobiliza\u00e7\u00e3o \u00e9 fundamental<\/strong><\/h2>\n<p>Para a AEPET-BA, a participa\u00e7\u00e3o no 1\u00ba de Maio \u00e9 essencial para pressionar o Congresso Nacional e garantir avan\u00e7os concretos para a classe trabalhadora. A entidade refor\u00e7a que direitos hist\u00f3ricos foram conquistados com mobiliza\u00e7\u00e3o e que, diante dos desafios atuais, \u00e9 preciso fortalecer ainda mais a presen\u00e7a nas ruas.<\/p>\n<h2><strong>Servi\u00e7o<\/strong><\/h2>\n<p>\ud83d\udccd Local: Farol da Barra \u2013 Salvador<br \/>\n\ud83d\udcc5 Data: 1\u00ba de maio (sexta-feira)<br \/>\n\u23f0 A partir das 7h<\/p>\n<p>A AEPET-BA convida toda a categoria a participar e fortalecer essa luta coletiva por direitos, dignidade e melhores condi\u00e7\u00f5es de trabalho.<\/p>\n<p>Parte superior do formul\u00e1rio<\/p>\n<p>Parte inferior do formul\u00e1rio<\/p>\n<p>&nbsp;<\/p>\n","protected":false},"excerpt":{"rendered":"<p>&nbsp; A AEPET-BA convoca petroleiros, petroleiras e toda a classe trabalhadora para participarem do ato pol\u00edtico-cultural em celebra\u00e7\u00e3o ao Dia do Trabalhador e da Trabalhadora, nesta sexta-feira, 1\u00ba de maio, no Farol da Barra, em Salvador. A mobiliza\u00e7\u00e3o integra a&#8230;<\/p>\n","protected":false},"author":1,"featured_media":48010,"comment_status":"closed","ping_status":"closed","sticky":false,"template":"","format":"standard","meta":[],"categories":[17,5,87,211,10],"tags":[],"yoast_head":"<!-- This site is optimized with the Yoast SEO plugin v19.3 - https:\/\/yoast.com\/wordpress\/plugins\/seo\/ -->\n<title>1\u00ba de Maio em Salvador: AEPET-BA convoca petroleiros e petroleiras para ato no Farol da Barra em defesa de direitos<\/title>\n<meta name=\"description\" content=\"A luta pelo fim da escala 6x1 mobiliza a classe trabalhadora neste Dia do Trabalhador em todo o pa\u00eds. Em Salvador, o ato ser\u00e1 no Farol da Barra. Participe e fortale\u00e7a essa luta!\" \/>\n<meta name=\"robots\" content=\"index, follow, max-snippet:-1, max-image-preview:large, max-video-preview:-1\" \/>\n<link rel=\"canonical\" href=\"https:\/\/aepetba.org.br\/v1\/1o-de-maio-em-salvador-aepet-ba-convoca-petroleiros-e-petroleiras-para-ato-no-farol-da-barra-em-defesa-de-direitos\/\" \/>\n<meta property=\"og:locale\" content=\"pt_BR\" \/>\n<meta property=\"og:type\" content=\"article\" \/>\n<meta property=\"og:title\" content=\"1\u00ba de Maio em Salvador: AEPET-BA convoca petroleiros e petroleiras para ato no Farol da Barra em defesa de direitos\" \/>\n<meta property=\"og:description\" content=\"A luta pelo fim da escala 6x1 mobiliza a classe trabalhadora neste Dia do Trabalhador em todo o pa\u00eds. Em Salvador, o ato ser\u00e1 no Farol da Barra. Participe e fortale\u00e7a essa luta!\" \/>\n<meta property=\"og:url\" content=\"https:\/\/aepetba.org.br\/v1\/1o-de-maio-em-salvador-aepet-ba-convoca-petroleiros-e-petroleiras-para-ato-no-farol-da-barra-em-defesa-de-direitos\/\" \/>\n<meta property=\"og:site_name\" content=\"AEPET N\u00daCLEO BAHIA\" \/>\n<meta property=\"article:publisher\" content=\"https:\/\/web.facebook.com\/aepetba\" \/>\n<meta property=\"article:published_time\" content=\"2026-04-30T19:55:32+00:00\" \/>\n<meta property=\"article:modified_time\" content=\"2026-04-30T20:01:26+00:00\" \/>\n<meta property=\"og:image\" content=\"https:\/\/aepetba.org.br\/v1\/wp-content\/uploads\/2026\/04\/1o-de-Maio-em-Salvador-AEPET-BA-convoca-petroleiros-e-petroleiras-para-ato-no-Farol-da-Barra-em-defesa-de-direitos-AEPET-BAHIA.jpg\" \/>\n\t<meta property=\"og:image:width\" content=\"1080\" \/>\n\t<meta property=\"og:image:height\" content=\"945\" \/>\n\t<meta property=\"og:image:type\" content=\"image\/jpeg\" \/>\n<meta name=\"author\" content=\"AEPETBA\" \/>\n<meta name=\"twitter:card\" content=\"summary_large_image\" \/>\n<meta name=\"twitter:creator\" content=\"@aepetbahia\" \/>\n<meta name=\"twitter:site\" content=\"@aepetbahia\" \/>\n<meta name=\"twitter:label1\" content=\"Escrito por\" \/>\n\t<meta name=\"twitter:data1\" content=\"AEPETBA\" \/>\n\t<meta name=\"twitter:label2\" content=\"Est. tempo de leitura\" \/>\n\t<meta name=\"twitter:data2\" content=\"3 minutos\" \/>\n<script type=\"application\/ld+json\" class=\"yoast-schema-graph\">{\"@context\":\"https:\/\/schema.org\",\"@graph\":[{\"@type\":\"Organization\",\"@id\":\"https:\/\/aepetba.org.br\/v1\/#organization\",\"name\":\"AEPET N\u00facleo Bahia\",\"url\":\"https:\/\/aepetba.org.br\/v1\/\",\"sameAs\":[\"https:\/\/www.instagram.com\/aepetbahia\/\",\"https:\/\/www.youtube.com\/c\/AEPETBAHIA\",\"https:\/\/web.facebook.com\/aepetba\",\"https:\/\/twitter.com\/aepetbahia\"],\"logo\":{\"@type\":\"ImageObject\",\"inLanguage\":\"pt-BR\",\"@id\":\"https:\/\/aepetba.org.br\/v1\/#\/schema\/logo\/image\/\",\"url\":\"https:\/\/aepetba.org.br\/v1\/wp-content\/uploads\/revslider\/home\/logo-AEPETBA.png\",\"contentUrl\":\"https:\/\/aepetba.org.br\/v1\/wp-content\/uploads\/revslider\/home\/logo-AEPETBA.png\",\"width\":297,\"height\":86,\"caption\":\"AEPET N\u00facleo Bahia\"},\"image\":{\"@id\":\"https:\/\/aepetba.org.br\/v1\/#\/schema\/logo\/image\/\"}},{\"@type\":\"WebSite\",\"@id\":\"https:\/\/aepetba.org.br\/v1\/#website\",\"url\":\"https:\/\/aepetba.org.br\/v1\/\",\"name\":\"AEPET N\u00daCLEO BAHIA\",\"description\":\"Associa\u00e7\u00e3o dos Engenheiros da Petrobr\u00e1s N\u00facleo Bahia Petr\u00f3leo Bahia Salvador Nordeste \",\"publisher\":{\"@id\":\"https:\/\/aepetba.org.br\/v1\/#organization\"},\"potentialAction\":[{\"@type\":\"SearchAction\",\"target\":{\"@type\":\"EntryPoint\",\"urlTemplate\":\"https:\/\/aepetba.org.br\/v1\/?s={search_term_string}\"},\"query-input\":\"required name=search_term_string\"}],\"inLanguage\":\"pt-BR\"},{\"@type\":\"ImageObject\",\"inLanguage\":\"pt-BR\",\"@id\":\"https:\/\/aepetba.org.br\/v1\/1o-de-maio-em-salvador-aepet-ba-convoca-petroleiros-e-petroleiras-para-ato-no-farol-da-barra-em-defesa-de-direitos\/#primaryimage\",\"url\":\"https:\/\/aepetba.org.br\/v1\/wp-content\/uploads\/2026\/04\/1o-de-Maio-em-Salvador-AEPET-BA-convoca-petroleiros-e-petroleiras-para-ato-no-Farol-da-Barra-em-defesa-de-direitos-AEPET-BAHIA.jpg\",\"contentUrl\":\"https:\/\/aepetba.org.br\/v1\/wp-content\/uploads\/2026\/04\/1o-de-Maio-em-Salvador-AEPET-BA-convoca-petroleiros-e-petroleiras-para-ato-no-Farol-da-Barra-em-defesa-de-direitos-AEPET-BAHIA.jpg\",\"width\":1080,\"height\":945,\"caption\":\"AEPET BAHIA Card - 1\"},{\"@type\":\"WebPage\",\"@id\":\"https:\/\/aepetba.org.br\/v1\/1o-de-maio-em-salvador-aepet-ba-convoca-petroleiros-e-petroleiras-para-ato-no-farol-da-barra-em-defesa-de-direitos\/\",\"url\":\"https:\/\/aepetba.org.br\/v1\/1o-de-maio-em-salvador-aepet-ba-convoca-petroleiros-e-petroleiras-para-ato-no-farol-da-barra-em-defesa-de-direitos\/\",\"name\":\"1\u00ba de Maio em Salvador: AEPET-BA convoca petroleiros e petroleiras para ato no Farol da Barra em defesa de direitos\",\"isPartOf\":{\"@id\":\"https:\/\/aepetba.org.br\/v1\/#website\"},\"primaryImageOfPage\":{\"@id\":\"https:\/\/aepetba.org.br\/v1\/1o-de-maio-em-salvador-aepet-ba-convoca-petroleiros-e-petroleiras-para-ato-no-farol-da-barra-em-defesa-de-direitos\/#primaryimage\"},\"datePublished\":\"2026-04-30T19:55:32+00:00\",\"dateModified\":\"2026-04-30T20:01:26+00:00\",\"description\":\"A luta pelo fim da escala 6x1 mobiliza a classe trabalhadora neste Dia do Trabalhador em todo o pa\u00eds. Em Salvador, o ato ser\u00e1 no Farol da Barra. Participe e fortale\u00e7a essa luta!\",\"breadcrumb\":{\"@id\":\"https:\/\/aepetba.org.br\/v1\/1o-de-maio-em-salvador-aepet-ba-convoca-petroleiros-e-petroleiras-para-ato-no-farol-da-barra-em-defesa-de-direitos\/#breadcrumb\"},\"inLanguage\":\"pt-BR\",\"potentialAction\":[{\"@type\":\"ReadAction\",\"target\":[\"https:\/\/aepetba.org.br\/v1\/1o-de-maio-em-salvador-aepet-ba-convoca-petroleiros-e-petroleiras-para-ato-no-farol-da-barra-em-defesa-de-direitos\/\"]}]},{\"@type\":\"BreadcrumbList\",\"@id\":\"https:\/\/aepetba.org.br\/v1\/1o-de-maio-em-salvador-aepet-ba-convoca-petroleiros-e-petroleiras-para-ato-no-farol-da-barra-em-defesa-de-direitos\/#breadcrumb\",\"itemListElement\":[{\"@type\":\"ListItem\",\"position\":1,\"name\":\"In\u00edcio\",\"item\":\"https:\/\/aepetba.org.br\/v1\/\"},{\"@type\":\"ListItem\",\"position\":2,\"name\":\"1\u00ba de Maio em Salvador: AEPET-BA convoca petroleiros e petroleiras para ato no Farol da Barra em defesa de direitos\"}]},{\"@type\":\"Article\",\"@id\":\"https:\/\/aepetba.org.br\/v1\/1o-de-maio-em-salvador-aepet-ba-convoca-petroleiros-e-petroleiras-para-ato-no-farol-da-barra-em-defesa-de-direitos\/#article\",\"isPartOf\":{\"@id\":\"https:\/\/aepetba.org.br\/v1\/1o-de-maio-em-salvador-aepet-ba-convoca-petroleiros-e-petroleiras-para-ato-no-farol-da-barra-em-defesa-de-direitos\/\"},\"author\":{\"name\":\"AEPETBA\",\"@id\":\"https:\/\/aepetba.org.br\/v1\/#\/schema\/person\/3504208f89f3f50e1526867ebb573b88\"},\"headline\":\"1\u00ba de Maio em Salvador: AEPET-BA convoca petroleiros e petroleiras para ato no Farol da Barra em defesa de direitos\",\"datePublished\":\"2026-04-30T19:55:32+00:00\",\"dateModified\":\"2026-04-30T20:01:26+00:00\",\"mainEntityOfPage\":{\"@id\":\"https:\/\/aepetba.org.br\/v1\/1o-de-maio-em-salvador-aepet-ba-convoca-petroleiros-e-petroleiras-para-ato-no-farol-da-barra-em-defesa-de-direitos\/\"},\"wordCount\":550,\"publisher\":{\"@id\":\"https:\/\/aepetba.org.br\/v1\/#organization\"},\"image\":{\"@id\":\"https:\/\/aepetba.org.br\/v1\/1o-de-maio-em-salvador-aepet-ba-convoca-petroleiros-e-petroleiras-para-ato-no-farol-da-barra-em-defesa-de-direitos\/#primaryimage\"},\"thumbnailUrl\":\"https:\/\/aepetba.org.br\/v1\/wp-content\/uploads\/2026\/04\/1o-de-Maio-em-Salvador-AEPET-BA-convoca-petroleiros-e-petroleiras-para-ato-no-Farol-da-Barra-em-defesa-de-direitos-AEPET-BAHIA.jpg\",\"articleSection\":[\"Associados\",\"Coluna do Associado\",\"Destaque\",\"Movimentos Sociais\",\"Not\u00edcias\"],\"inLanguage\":\"pt-BR\"},{\"@type\":\"Person\",\"@id\":\"https:\/\/aepetba.org.br\/v1\/#\/schema\/person\/3504208f89f3f50e1526867ebb573b88\",\"name\":\"AEPETBA\",\"image\":{\"@type\":\"ImageObject\",\"inLanguage\":\"pt-BR\",\"@id\":\"https:\/\/aepetba.org.br\/v1\/#\/schema\/person\/image\/\",\"url\":\"https:\/\/secure.gravatar.com\/avatar\/3e6e1bf98c38137fc6b937d21e974714?s=96&d=mm&r=g\",\"contentUrl\":\"https:\/\/secure.gravatar.com\/avatar\/3e6e1bf98c38137fc6b937d21e974714?s=96&d=mm&r=g\",\"caption\":\"AEPETBA\"},\"sameAs\":[\"http:\/\/aepetba.org.br\/v1\"],\"url\":\"https:\/\/aepetba.org.br\/v1\/author\/lubconsultoria\/\"}]}<\/script>\n<!-- \/ Yoast SEO plugin. -->","yoast_head_json":{"title":"1\u00ba de Maio em Salvador: AEPET-BA convoca petroleiros e petroleiras para ato no Farol da Barra em defesa de direitos","description":"A luta pelo fim da escala 6x1 mobiliza a classe trabalhadora neste Dia do Trabalhador em todo o pa\u00eds. Em Salvador, o ato ser\u00e1 no Farol da Barra. Participe e fortale\u00e7a essa luta!","robots":{"index":"index","follow":"follow","max-snippet":"max-snippet:-1","max-image-preview":"max-image-preview:large","max-video-preview":"max-video-preview:-1"},"canonical":"https:\/\/aepetba.org.br\/v1\/1o-de-maio-em-salvador-aepet-ba-convoca-petroleiros-e-petroleiras-para-ato-no-farol-da-barra-em-defesa-de-direitos\/","og_locale":"pt_BR","og_type":"article","og_title":"1\u00ba de Maio em Salvador: AEPET-BA convoca petroleiros e petroleiras para ato no Farol da Barra em defesa de direitos","og_description":"A luta pelo fim da escala 6x1 mobiliza a classe trabalhadora neste Dia do Trabalhador em todo o pa\u00eds. Em Salvador, o ato ser\u00e1 no Farol da Barra. Participe e fortale\u00e7a essa luta!","og_url":"https:\/\/aepetba.org.br\/v1\/1o-de-maio-em-salvador-aepet-ba-convoca-petroleiros-e-petroleiras-para-ato-no-farol-da-barra-em-defesa-de-direitos\/","og_site_name":"AEPET N\u00daCLEO BAHIA","article_publisher":"https:\/\/web.facebook.com\/aepetba","article_published_time":"2026-04-30T19:55:32+00:00","article_modified_time":"2026-04-30T20:01:26+00:00","og_image":[{"width":1080,"height":945,"url":"https:\/\/aepetba.org.br\/v1\/wp-content\/uploads\/2026\/04\/1o-de-Maio-em-Salvador-AEPET-BA-convoca-petroleiros-e-petroleiras-para-ato-no-Farol-da-Barra-em-defesa-de-direitos-AEPET-BAHIA.jpg","type":"image\/jpeg"}],"author":"AEPETBA","twitter_card":"summary_large_image","twitter_creator":"@aepetbahia","twitter_site":"@aepetbahia","twitter_misc":{"Escrito por":"AEPETBA","Est. tempo de leitura":"3 minutos"},"schema":{"@context":"https:\/\/schema.org","@graph":[{"@type":"Organization","@id":"https:\/\/aepetba.org.br\/v1\/#organization","name":"AEPET N\u00facleo Bahia","url":"https:\/\/aepetba.org.br\/v1\/","sameAs":["https:\/\/www.instagram.com\/aepetbahia\/","https:\/\/www.youtube.com\/c\/AEPETBAHIA","https:\/\/web.facebook.com\/aepetba","https:\/\/twitter.com\/aepetbahia"],"logo":{"@type":"ImageObject","inLanguage":"pt-BR","@id":"https:\/\/aepetba.org.br\/v1\/#\/schema\/logo\/image\/","url":"https:\/\/aepetba.org.br\/v1\/wp-content\/uploads\/revslider\/home\/logo-AEPETBA.png","contentUrl":"https:\/\/aepetba.org.br\/v1\/wp-content\/uploads\/revslider\/home\/logo-AEPETBA.png","width":297,"height":86,"caption":"AEPET N\u00facleo Bahia"},"image":{"@id":"https:\/\/aepetba.org.br\/v1\/#\/schema\/logo\/image\/"}},{"@type":"WebSite","@id":"https:\/\/aepetba.org.br\/v1\/#website","url":"https:\/\/aepetba.org.br\/v1\/","name":"AEPET N\u00daCLEO BAHIA","description":"Associa\u00e7\u00e3o dos Engenheiros da Petrobr\u00e1s N\u00facleo Bahia Petr\u00f3leo Bahia Salvador Nordeste ","publisher":{"@id":"https:\/\/aepetba.org.br\/v1\/#organization"},"potentialAction":[{"@type":"SearchAction","target":{"@type":"EntryPoint","urlTemplate":"https:\/\/aepetba.org.br\/v1\/?s={search_term_string}"},"query-input":"required name=search_term_string"}],"inLanguage":"pt-BR"},{"@type":"ImageObject","inLanguage":"pt-BR","@id":"https:\/\/aepetba.org.br\/v1\/1o-de-maio-em-salvador-aepet-ba-convoca-petroleiros-e-petroleiras-para-ato-no-farol-da-barra-em-defesa-de-direitos\/#primaryimage","url":"https:\/\/aepetba.org.br\/v1\/wp-content\/uploads\/2026\/04\/1o-de-Maio-em-Salvador-AEPET-BA-convoca-petroleiros-e-petroleiras-para-ato-no-Farol-da-Barra-em-defesa-de-direitos-AEPET-BAHIA.jpg","contentUrl":"https:\/\/aepetba.org.br\/v1\/wp-content\/uploads\/2026\/04\/1o-de-Maio-em-Salvador-AEPET-BA-convoca-petroleiros-e-petroleiras-para-ato-no-Farol-da-Barra-em-defesa-de-direitos-AEPET-BAHIA.jpg","width":1080,"height":945,"caption":"AEPET BAHIA Card - 1"},{"@type":"WebPage","@id":"https:\/\/aepetba.org.br\/v1\/1o-de-maio-em-salvador-aepet-ba-convoca-petroleiros-e-petroleiras-para-ato-no-farol-da-barra-em-defesa-de-direitos\/","url":"https:\/\/aepetba.org.br\/v1\/1o-de-maio-em-salvador-aepet-ba-convoca-petroleiros-e-petroleiras-para-ato-no-farol-da-barra-em-defesa-de-direitos\/","name":"1\u00ba de Maio em Salvador: AEPET-BA convoca petroleiros e petroleiras para ato no Farol da Barra em defesa de direitos","isPartOf":{"@id":"https:\/\/aepetba.org.br\/v1\/#website"},"primaryImageOfPage":{"@id":"https:\/\/aepetba.org.br\/v1\/1o-de-maio-em-salvador-aepet-ba-convoca-petroleiros-e-petroleiras-para-ato-no-farol-da-barra-em-defesa-de-direitos\/#primaryimage"},"datePublished":"2026-04-30T19:55:32+00:00","dateModified":"2026-04-30T20:01:26+00:00","description":"A luta pelo fim da escala 6x1 mobiliza a classe trabalhadora neste Dia do Trabalhador em todo o pa\u00eds. Em Salvador, o ato ser\u00e1 no Farol da Barra. Participe e fortale\u00e7a essa luta!","breadcrumb":{"@id":"https:\/\/aepetba.org.br\/v1\/1o-de-maio-em-salvador-aepet-ba-convoca-petroleiros-e-petroleiras-para-ato-no-farol-da-barra-em-defesa-de-direitos\/#breadcrumb"},"inLanguage":"pt-BR","potentialAction":[{"@type":"ReadAction","target":["https:\/\/aepetba.org.br\/v1\/1o-de-maio-em-salvador-aepet-ba-convoca-petroleiros-e-petroleiras-para-ato-no-farol-da-barra-em-defesa-de-direitos\/"]}]},{"@type":"BreadcrumbList","@id":"https:\/\/aepetba.org.br\/v1\/1o-de-maio-em-salvador-aepet-ba-convoca-petroleiros-e-petroleiras-para-ato-no-farol-da-barra-em-defesa-de-direitos\/#breadcrumb","itemListElement":[{"@type":"ListItem","position":1,"name":"In\u00edcio","item":"https:\/\/aepetba.org.br\/v1\/"},{"@type":"ListItem","position":2,"name":"1\u00ba de Maio em Salvador: AEPET-BA convoca petroleiros e petroleiras para ato no Farol da Barra em defesa de direitos"}]},{"@type":"Article","@id":"https:\/\/aepetba.org.br\/v1\/1o-de-maio-em-salvador-aepet-ba-convoca-petroleiros-e-petroleiras-para-ato-no-farol-da-barra-em-defesa-de-direitos\/#article","isPartOf":{"@id":"https:\/\/aepetba.org.br\/v1\/1o-de-maio-em-salvador-aepet-ba-convoca-petroleiros-e-petroleiras-para-ato-no-farol-da-barra-em-defesa-de-direitos\/"},"author":{"name":"AEPETBA","@id":"https:\/\/aepetba.org.br\/v1\/#\/schema\/person\/3504208f89f3f50e1526867ebb573b88"},"headline":"1\u00ba de Maio em Salvador: AEPET-BA convoca petroleiros e petroleiras para ato no Farol da Barra em defesa de direitos","datePublished":"2026-04-30T19:55:32+00:00","dateModified":"2026-04-30T20:01:26+00:00","mainEntityOfPage":{"@id":"https:\/\/aepetba.org.br\/v1\/1o-de-maio-em-salvador-aepet-ba-convoca-petroleiros-e-petroleiras-para-ato-no-farol-da-barra-em-defesa-de-direitos\/"},"wordCount":550,"publisher":{"@id":"https:\/\/aepetba.org.br\/v1\/#organization"},"image":{"@id":"https:\/\/aepetba.org.br\/v1\/1o-de-maio-em-salvador-aepet-ba-convoca-petroleiros-e-petroleiras-para-ato-no-farol-da-barra-em-defesa-de-direitos\/#primaryimage"},"thumbnailUrl":"https:\/\/aepetba.org.br\/v1\/wp-content\/uploads\/2026\/04\/1o-de-Maio-em-Salvador-AEPET-BA-convoca-petroleiros-e-petroleiras-para-ato-no-Farol-da-Barra-em-defesa-de-direitos-AEPET-BAHIA.jpg","articleSection":["Associados","Coluna do Associado","Destaque","Movimentos Sociais","Not\u00edcias"],"inLanguage":"pt-BR"},{"@type":"Person","@id":"https:\/\/aepetba.org.br\/v1\/#\/schema\/person\/3504208f89f3f50e1526867ebb573b88","name":"AEPETBA","image":{"@type":"ImageObject","inLanguage":"pt-BR","@id":"https:\/\/aepetba.org.br\/v1\/#\/schema\/person\/image\/","url":"https:\/\/secure.gravatar.com\/avatar\/3e6e1bf98c38137fc6b937d21e974714?s=96&d=mm&r=g","contentUrl":"https:\/\/secure.gravatar.com\/avatar\/3e6e1bf98c38137fc6b937d21e974714?s=96&d=mm&r=g","caption":"AEPETBA"},"sameAs":["http:\/\/aepetba.org.br\/v1"],"url":"https:\/\/aepetba.org.br\/v1\/author\/lubconsultoria\/"}]}},"_links":{"self":[{"href":"https:\/\/aepetba.org.br\/v1\/wp-json\/wp\/v2\/posts\/48007"}],"collection":[{"href":"https:\/\/aepetba.org.br\/v1\/wp-json\/wp\/v2\/posts"}],"about":[{"href":"https:\/\/aepetba.org.br\/v1\/wp-json\/wp\/v2\/types\/post"}],"author":[{"embeddable":true,"href":"https:\/\/aepetba.org.br\/v1\/wp-json\/wp\/v2\/users\/1"}],"replies":[{"embeddable":true,"href":"https:\/\/aepetba.org.br\/v1\/wp-json\/wp\/v2\/comments?post=48007"}],"version-history":[{"count":1,"href":"https:\/\/aepetba.org.br\/v1\/wp-json\/wp\/v2\/posts\/48007\/revisions"}],"predecessor-version":[{"id":48011,"href":"https:\/\/aepetba.org.br\/v1\/wp-json\/wp\/v2\/posts\/48007\/revisions\/48011"}],"wp:featuredmedia":[{"embeddable":true,"href":"https:\/\/aepetba.org.br\/v1\/wp-json\/wp\/v2\/media\/48010"}],"wp:attachment":[{"href":"https:\/\/aepetba.org.br\/v1\/wp-json\/wp\/v2\/media?parent=48007"}],"wp:term":[{"taxonomy":"category","embeddable":true,"href":"https:\/\/aepetba.org.br\/v1\/wp-json\/wp\/v2\/categories?post=48007"},{"taxonomy":"post_tag","embeddable":true,"href":"https:\/\/aepetba.org.br\/v1\/wp-json\/wp\/v2\/tags?post=48007"}],"curies":[{"name":"wp","href":"https:\/\/api.w.org\/{rel}","templated":true}]}}